{"id":184524,"date":"2025-06-17T23:37:10","date_gmt":"2025-06-17T23:37:10","guid":{"rendered":"https:\/\/www.europesays.com\/fr\/184524\/"},"modified":"2025-06-17T23:37:10","modified_gmt":"2025-06-17T23:37:10","slug":"previsions-du-mercredi-18-juin-2025-2","status":"publish","type":"post","link":"https:\/\/www.europesays.com\/fr\/184524\/","title":{"rendered":"pr\u00e9visions du mercredi 18 juin 2025"},"content":{"rendered":"<p>Aujourd&rsquo;hui, un grand soleil brillera sur Rennes. Les temp\u00e9ratures avoisineront les 20\u00b0C. Les valeurs avoisineront les 21\u00b0C au cours de la matin\u00e9e. Une petite brise de nord-est sera ressentie par les habitants. L&rsquo;apr\u00e8s-midi, c&rsquo;est une hausse de plusieurs degr\u00e9s que vont conna\u00eetre les temp\u00e9ratures. Les valeurs s&rsquo;\u00e9chelonneront entre 26 et 28\u00b0C. Il va faire 21\u00b0C en moyenne le soir. Un ciel clair est \u00e0 pr\u00e9voir dans la nuit reliant mercredi et jeudi.<\/p>\n<p>C&rsquo;est un soleil radieux qui va se montrer demain sur Rennes. Une m\u00e9t\u00e9o plus chaude est attendue \u00e9tant donn\u00e9 que les temp\u00e9ratures vont enregistrer une augmentation. Les importantes chaleurs sont install\u00e9es. Avec des temp\u00e9ratures situ\u00e9es entre 14 et 32\u00b0C. Les valeurs afficheront entre 14 et 32\u00b0C. Un vent de nord-est rafra\u00eechira sensiblement l&rsquo;atmosph\u00e8re. Le matin, on anticipe des temp\u00e9ratures avoisinant 24\u00b0C. Le temps va se r\u00e9chauffer demain apr\u00e8s-midi avec une hausse de plusieurs degr\u00e9s. De tr\u00e8s fortes chaleurs (entre 30\u00b0C et 32\u00b0C) sont pr\u00e9vues. Prenez garde \u00e0 la vague de chaud dans la soir\u00e9e. Des valeurs de 23 \u00e0 30\u00b0C sont annonc\u00e9es.<\/p>\n<p>Les jours qui suivent s&rsquo;annoncent identiques. Des temp\u00e9ratures dans les 27\u00b0C accompagneront un ciel ensoleill\u00e9.<\/p>\n<p><\/p>\n","protected":false},"excerpt":{"rendered":"Aujourd&rsquo;hui, un grand soleil brillera sur Rennes. Les temp\u00e9ratures avoisineront les 20\u00b0C. Les valeurs avoisineront les 21\u00b0C au&hellip;\n","protected":false},"author":2,"featured_media":184525,"comment_status":"","ping_status":"","sticky":false,"template":"","format":"standard","meta":{"footnotes":""},"categories":[2821],"tags":[1111,11,829,1777,674,1011,27,848,12,2119,584,25],"class_list":{"0":"post-184524","1":"post","2":"type-post","3":"status-publish","4":"format-standard","5":"has-post-thumbnail","7":"category-rennes","8":"tag-actu","9":"tag-actualites","10":"tag-bretagne","11":"tag-eu","12":"tag-europe","13":"tag-fr","14":"tag-france","15":"tag-ille-et-vilaine","16":"tag-news","17":"tag-previsions-meteo","18":"tag-rennes","19":"tag-republique-francaise"},"share_on_mastodon":{"url":"https:\/\/pubeurope.com\/@fr\/114701339405167543","error":""},"_links":{"self":[{"href":"https:\/\/www.europesays.com\/fr\/wp-json\/wp\/v2\/posts\/184524","targetHints":{"allow":["GET"]}}],"collection":[{"href":"https:\/\/www.europesays.com\/fr\/wp-json\/wp\/v2\/posts"}],"about":[{"href":"https:\/\/www.europesays.com\/fr\/wp-json\/wp\/v2\/types\/post"}],"author":[{"embeddable":true,"href":"https:\/\/www.europesays.com\/fr\/wp-json\/wp\/v2\/users\/2"}],"replies":[{"embeddable":true,"href":"https:\/\/www.europesays.com\/fr\/wp-json\/wp\/v2\/comments?post=184524"}],"version-history":[{"count":0,"href":"https:\/\/www.europesays.com\/fr\/wp-json\/wp\/v2\/posts\/184524\/revisions"}],"wp:featuredmedia":[{"embeddable":true,"href":"https:\/\/www.europesays.com\/fr\/wp-json\/wp\/v2\/media\/184525"}],"wp:attachment":[{"href":"https:\/\/www.europesays.com\/fr\/wp-json\/wp\/v2\/media?parent=184524"}],"wp:term":[{"taxonomy":"category","embeddable":true,"href":"https:\/\/www.europesays.com\/fr\/wp-json\/wp\/v2\/categories?post=184524"},{"taxonomy":"post_tag","embeddable":true,"href":"https:\/\/www.europesays.com\/fr\/wp-json\/wp\/v2\/tags?post=184524"}],"curies":[{"name":"wp","href":"https:\/\/api.w.org\/{rel}","templated":true}]}}