{"id":184526,"date":"2025-06-17T23:38:09","date_gmt":"2025-06-17T23:38:09","guid":{"rendered":"https:\/\/www.europesays.com\/fr\/184526\/"},"modified":"2025-06-17T23:38:09","modified_gmt":"2025-06-17T23:38:09","slug":"previsions-du-mercredi-18-juin-2025-3","status":"publish","type":"post","link":"https:\/\/www.europesays.com\/fr\/184526\/","title":{"rendered":"pr\u00e9visions du mercredi 18 juin 2025"},"content":{"rendered":"<p>C&rsquo;est un soleil \u00e9clatant qui va se montrer aujourd&rsquo;hui sur Strasbourg. Les valeurs seront comprises entre 15 et 28\u00b0C. Le matin, un vent d&rsquo;est rafra\u00eechira l\u00e9g\u00e8rement l&rsquo;atmosph\u00e8re. Le temps va se r\u00e9chauffer l&rsquo;apr\u00e8s-midi avec une hausse de plusieurs degr\u00e9s. Les maximales pourront atteindre 28\u00b0C tandis que les minimales seront de 27\u00b0C. Le soir, le thermom\u00e8tre affichera 23\u00b0C en moyenne. Le ciel sera limpide dans la nuit de mercredi \u00e0 jeudi.<\/p>\n<p>Un bel ensoleillement est attendu demain \u00e0 Strasbourg. Les temp\u00e9ratures s&rsquo;\u00e9chelonneront entre 16 et 28\u00b0C. Une l\u00e9g\u00e8re brise de nord-est sera ressentie par les habitants. Le matin, on anticipe des valeurs d&rsquo;environ 23\u00b0C. Les temp\u00e9ratures vont enregistrer une augmentation de quelques degr\u00e9s dans l&rsquo;apr\u00e8s-midi. Les valeurs seront de 26\u00b0C au plus bas et de 28\u00b0C au maximum. Il fera 22\u00b0C en moyenne demain soir.<\/p>\n<p>Les jours passent et ne changent pas. On s&rsquo;attend \u00e0 des journ\u00e9es ensoleill\u00e9es, avec des temp\u00e9ratures dans les 21\u00b0C en moyenne.<\/p>\n<p><\/p>\n","protected":false},"excerpt":{"rendered":"C&rsquo;est un soleil \u00e9clatant qui va se montrer aujourd&rsquo;hui sur Strasbourg. Les valeurs seront comprises entre 15 et&hellip;\n","protected":false},"author":2,"featured_media":184527,"comment_status":"","ping_status":"","sticky":false,"template":"","format":"standard","meta":{"footnotes":""},"categories":[2820],"tags":[1111,11,2389,2649,1777,674,1011,27,775,12,2119,25,640],"class_list":{"0":"post-184526","1":"post","2":"type-post","3":"status-publish","4":"format-standard","5":"has-post-thumbnail","7":"category-strasbourg","8":"tag-actu","9":"tag-actualites","10":"tag-alsace","11":"tag-bas-rhin","12":"tag-eu","13":"tag-europe","14":"tag-fr","15":"tag-france","16":"tag-grand-est","17":"tag-news","18":"tag-previsions-meteo","19":"tag-republique-francaise","20":"tag-strasbourg"},"share_on_mastodon":{"url":"https:\/\/pubeurope.com\/@fr\/114701343425172710","error":""},"_links":{"self":[{"href":"https:\/\/www.europesays.com\/fr\/wp-json\/wp\/v2\/posts\/184526","targetHints":{"allow":["GET"]}}],"collection":[{"href":"https:\/\/www.europesays.com\/fr\/wp-json\/wp\/v2\/posts"}],"about":[{"href":"https:\/\/www.europesays.com\/fr\/wp-json\/wp\/v2\/types\/post"}],"author":[{"embeddable":true,"href":"https:\/\/www.europesays.com\/fr\/wp-json\/wp\/v2\/users\/2"}],"replies":[{"embeddable":true,"href":"https:\/\/www.europesays.com\/fr\/wp-json\/wp\/v2\/comments?post=184526"}],"version-history":[{"count":0,"href":"https:\/\/www.europesays.com\/fr\/wp-json\/wp\/v2\/posts\/184526\/revisions"}],"wp:featuredmedia":[{"embeddable":true,"href":"https:\/\/www.europesays.com\/fr\/wp-json\/wp\/v2\/media\/184527"}],"wp:attachment":[{"href":"https:\/\/www.europesays.com\/fr\/wp-json\/wp\/v2\/media?parent=184526"}],"wp:term":[{"taxonomy":"category","embeddable":true,"href":"https:\/\/www.europesays.com\/fr\/wp-json\/wp\/v2\/categories?post=184526"},{"taxonomy":"post_tag","embeddable":true,"href":"https:\/\/www.europesays.com\/fr\/wp-json\/wp\/v2\/tags?post=184526"}],"curies":[{"name":"wp","href":"https:\/\/api.w.org\/{rel}","templated":true}]}}