{"id":184529,"date":"2025-06-17T23:40:09","date_gmt":"2025-06-17T23:40:09","guid":{"rendered":"https:\/\/www.europesays.com\/fr\/184529\/"},"modified":"2025-06-17T23:40:09","modified_gmt":"2025-06-17T23:40:09","slug":"previsions-du-mercredi-18-juin-2025-4","status":"publish","type":"post","link":"https:\/\/www.europesays.com\/fr\/184529\/","title":{"rendered":"pr\u00e9visions du mercredi 18 juin 2025"},"content":{"rendered":"<p>Le soleil sera au rendez-vous \u00e0 Nice : une belle journ\u00e9e se pr\u00e9sente ! Il fera 24\u00b0C en moyenne. Les temp\u00e9ratures seront de 24\u00b0C au plus bas et de 26\u00b0C au maximum la matin\u00e9e. Une petite brise de sud-est soufflera. Les valeurs s&rsquo;\u00e9chelonneront entre 26 et 27\u00b0C durant l&rsquo;apr\u00e8s-midi. Les temp\u00e9ratures avoisineront les 25\u00b0C au cours de la soir\u00e9e. Durant la nuit de mercredi \u00e0 jeudi, le ciel sera limpide.<\/p>\n<p>Un beau soleil est pr\u00e9vu demain \u00e0 Nice. Un temps plus chaud est attendu \u00e9tant donn\u00e9 que les temp\u00e9ratures vont enregistrer une augmentation. Les valeurs afficheront entre 22 et 28\u00b0C. Un l\u00e9ger vent de sud-est sera ressenti par les habitants. Les maximales pourront atteindre 28\u00b0C dans la matin\u00e9e alors que les minimales seront de 25\u00b0C. Les temp\u00e9ratures seront comprises entre 26 et 28\u00b0C demain apr\u00e8s-midi. Demain soir, on pr\u00e9voit des valeurs avoisinant 25\u00b0C.<\/p>\n<p>La m\u00e9t\u00e9o restera inchang\u00e9e les jours \u00e0 venir. Il va faire un temps plut\u00f4t ensoleill\u00e9 avec des temp\u00e9ratures autour de 25\u00b0C.<\/p>\n<p><\/p>\n","protected":false},"excerpt":{"rendered":"Le soleil sera au rendez-vous \u00e0 Nice : une belle journ\u00e9e se pr\u00e9sente ! Il fera 24\u00b0C en&hellip;\n","protected":false},"author":2,"featured_media":184530,"comment_status":"","ping_status":"","sticky":false,"template":"","format":"standard","meta":{"footnotes":""},"categories":[2819],"tags":[1111,11,2898,1777,674,1011,27,12,2401,883,2119,882,25],"class_list":{"0":"post-184529","1":"post","2":"type-post","3":"status-publish","4":"format-standard","5":"has-post-thumbnail","7":"category-nice","8":"tag-actu","9":"tag-actualites","10":"tag-alpes-maritimes","11":"tag-eu","12":"tag-europe","13":"tag-fr","14":"tag-france","15":"tag-news","16":"tag-nice","17":"tag-paca","18":"tag-previsions-meteo","19":"tag-provence-alpes-cote-dazur","20":"tag-republique-francaise"},"share_on_mastodon":{"url":"https:\/\/pubeurope.com\/@fr\/114701351304836738","error":""},"_links":{"self":[{"href":"https:\/\/www.europesays.com\/fr\/wp-json\/wp\/v2\/posts\/184529","targetHints":{"allow":["GET"]}}],"collection":[{"href":"https:\/\/www.europesays.com\/fr\/wp-json\/wp\/v2\/posts"}],"about":[{"href":"https:\/\/www.europesays.com\/fr\/wp-json\/wp\/v2\/types\/post"}],"author":[{"embeddable":true,"href":"https:\/\/www.europesays.com\/fr\/wp-json\/wp\/v2\/users\/2"}],"replies":[{"embeddable":true,"href":"https:\/\/www.europesays.com\/fr\/wp-json\/wp\/v2\/comments?post=184529"}],"version-history":[{"count":0,"href":"https:\/\/www.europesays.com\/fr\/wp-json\/wp\/v2\/posts\/184529\/revisions"}],"wp:featuredmedia":[{"embeddable":true,"href":"https:\/\/www.europesays.com\/fr\/wp-json\/wp\/v2\/media\/184530"}],"wp:attachment":[{"href":"https:\/\/www.europesays.com\/fr\/wp-json\/wp\/v2\/media?parent=184529"}],"wp:term":[{"taxonomy":"category","embeddable":true,"href":"https:\/\/www.europesays.com\/fr\/wp-json\/wp\/v2\/categories?post=184529"},{"taxonomy":"post_tag","embeddable":true,"href":"https:\/\/www.europesays.com\/fr\/wp-json\/wp\/v2\/tags?post=184529"}],"curies":[{"name":"wp","href":"https:\/\/api.w.org\/{rel}","templated":true}]}}