{"id":184531,"date":"2025-06-17T23:41:10","date_gmt":"2025-06-17T23:41:10","guid":{"rendered":"https:\/\/www.europesays.com\/fr\/184531\/"},"modified":"2025-06-17T23:41:10","modified_gmt":"2025-06-17T23:41:10","slug":"nice-une-step-plus-performante","status":"publish","type":"post","link":"https:\/\/www.europesays.com\/fr\/184531\/","title":{"rendered":"Nice : une Step plus performante"},"content":{"rendered":"<p>\nSitu\u00e9 entre la promenade des Anglais et la M\u00e9diterran\u00e9e d&rsquo;une part, l&rsquo;a\u00e9roport Nice C\u00f4te d&rsquo;Azur et le port de Carras de l&rsquo;autre, le chantier d&rsquo;Haliotis 2 entre en phase active \u00e0 Nice (<a title=\"alpes maritimes\" href=\"https:\/\/www.lemoniteur.fr\/alpes-maritimes\/\" rel=\"noopener\" target=\"\" class=\"lien-contextuel\">Alpes-Maritimes<\/a>). Chiffr\u00e9 \u00e0 700 M\u20ac HT, il transforme la station d&rsquo;\u00e9puration (Step) historique de la m\u00e9tropole azur\u00e9enne en une \u00ab usine ressource \u00bb capable de traiter les eaux us\u00e9es de 26 communes, de les r\u00e9utiliser et de produire quatre fois plus d&rsquo;\u00e9nergie qu&rsquo;elle n&rsquo;en consomme. Et ce, sans interrompre le fonctionnement de la Step actuelle, par laquelle passent plus de 100 000 m3 d&rsquo;eau par jour en moyenne.<\/p>\n<p>Fondations pour zone sismique<\/p>\n<p>\nLes nouveaux b\u00e2timents, qui occuperont une zone sismique gagn\u00e9e sur la mer, reposeront sur des fondations sp\u00e9ciales : des injections solides \u00e9viteront toute liqu\u00e9faction du sol en cas de s\u00e9isme. \u00ab Nous allons \u00e9riger un mur d&rsquo;enceinte sur les enrochements qui fera tout le tour de l&rsquo;usine, pour apporter une protection suppl\u00e9mentaire \u00bb, pr\u00e9cise Yves Karinthi, directeur du groupement titulaire du march\u00e9 global de performance dont Suez est le mandataire (1).<\/p>\n<p>\nLe phasage appara\u00eet complexe. Commenc\u00e9s en 2023, les travaux pr\u00e9paratoires, visant \u00e0 am\u00e9liorer la capacit\u00e9 des clarifica-teurs existants qui seront r\u00e9duits de douze \u00e0 six durant le chantier, ont laiss\u00e9 place \u00e0 la construction des ouvrages d\u00e9finitifs. Plusieurs fronts sont attaqu\u00e9s de concert. C\u00f4t\u00e9 a\u00e9roport, la station de refoulement, dont la mise en service en 2026 permettra de d\u00e9molir l&rsquo;actuelle, ainsi que le centre de Reut et de traitement des micropolluants entrent en phase de <a title=\"\" href=\"https:\/\/www.lemoniteur.fr\/terrassement\/\" rel=\"noopener\" target=\"\" class=\"lien-contextuel\">terrassement<\/a>. Au centre, la d\u00e9construction du b\u00e2timent administratif d\u00e9marre. Enfin, c\u00f4t\u00e9 Carras, l&rsquo;enceinte permettant de r\u00e9aliser les ouvrages li\u00e9s au trai-tementdes boues vient de s&rsquo;achever.<\/p>\n<p>\nLa livraison s&rsquo;\u00e9chelonnera entre mars 2026 et septembre 2031. Quelque 300 personnes travaillent sur ce projet qui mobilise 15 entreprises locales (2), soit 250 pendant la phase construction, puis 50 pendant celle d&rsquo;exploitation confi\u00e9e jusqu&rsquo;en 2034 \u00e0 Suez. Le contrat pr\u00e9voit 123 000 heures d&rsquo;insertion et 30 000 heures en formation et en alternance.<\/p>\n<p>\n(1) Avec Razel-Bec et Triverio (g\u00e9nie civil), Fayat Energie Services (\u00e9lectricit\u00e9 et automatismes), Groupe-6 (architecte), P\u00e9na (paysagiste), <a title=\"Artelia Group\" href=\"https:\/\/www.lemoniteur.fr\/artelia\/\" rel=\"noopener\" target=\"\" class=\"lien-contextuel\">Artelia<\/a> et BG\/WSP (ma\u00eetrise d&rsquo;\u0153uvre interne). (2) Dont Satelec, Semeru, Garelli et La Nouvelle Sirolaise de construction.<\/p>\n","protected":false},"excerpt":{"rendered":"Situ\u00e9 entre la promenade des Anglais et la M\u00e9diterran\u00e9e d&rsquo;une part, l&rsquo;a\u00e9roport Nice C\u00f4te d&rsquo;Azur et le port&hellip;\n","protected":false},"author":2,"featured_media":184532,"comment_status":"","ping_status":"","sticky":false,"template":"","format":"standard","meta":{"footnotes":""},"categories":[2819],"tags":[1111,11,2898,6130,32255,1777,674,1011,27,1252,12,2401,882,6234,25,12927,6233],"class_list":{"0":"post-184531","1":"post","2":"type-post","3":"status-publish","4":"format-standard","5":"has-post-thumbnail","7":"category-nice","8":"tag-actu","9":"tag-actualites","10":"tag-alpes-maritimes","11":"tag-chantiers","12":"tag-construction-parasismi","13":"tag-eu","14":"tag-europe","15":"tag-fr","16":"tag-france","17":"tag-mediterranee","18":"tag-news","19":"tag-nice","20":"tag-provence-alpes-cote-dazur","21":"tag-provence-alpes-cote-d","22":"tag-republique-francaise","23":"tag-station-d-epuration","24":"tag-technique"},"share_on_mastodon":{"url":"https:\/\/pubeurope.com\/@fr\/114701355138331974","error":""},"_links":{"self":[{"href":"https:\/\/www.europesays.com\/fr\/wp-json\/wp\/v2\/posts\/184531","targetHints":{"allow":["GET"]}}],"collection":[{"href":"https:\/\/www.europesays.com\/fr\/wp-json\/wp\/v2\/posts"}],"about":[{"href":"https:\/\/www.europesays.com\/fr\/wp-json\/wp\/v2\/types\/post"}],"author":[{"embeddable":true,"href":"https:\/\/www.europesays.com\/fr\/wp-json\/wp\/v2\/users\/2"}],"replies":[{"embeddable":true,"href":"https:\/\/www.europesays.com\/fr\/wp-json\/wp\/v2\/comments?post=184531"}],"version-history":[{"count":0,"href":"https:\/\/www.europesays.com\/fr\/wp-json\/wp\/v2\/posts\/184531\/revisions"}],"wp:featuredmedia":[{"embeddable":true,"href":"https:\/\/www.europesays.com\/fr\/wp-json\/wp\/v2\/media\/184532"}],"wp:attachment":[{"href":"https:\/\/www.europesays.com\/fr\/wp-json\/wp\/v2\/media?parent=184531"}],"wp:term":[{"taxonomy":"category","embeddable":true,"href":"https:\/\/www.europesays.com\/fr\/wp-json\/wp\/v2\/categories?post=184531"},{"taxonomy":"post_tag","embeddable":true,"href":"https:\/\/www.europesays.com\/fr\/wp-json\/wp\/v2\/tags?post=184531"}],"curies":[{"name":"wp","href":"https:\/\/api.w.org\/{rel}","templated":true}]}}