{"id":184533,"date":"2025-06-17T23:42:10","date_gmt":"2025-06-17T23:42:10","guid":{"rendered":"https:\/\/www.europesays.com\/fr\/184533\/"},"modified":"2025-06-17T23:42:10","modified_gmt":"2025-06-17T23:42:10","slug":"previsions-du-mercredi-18-juin-2025-5","status":"publish","type":"post","link":"https:\/\/www.europesays.com\/fr\/184533\/","title":{"rendered":"pr\u00e9visions du mercredi 18 juin 2025"},"content":{"rendered":"<p>Nantes va conna\u00eetre une belle journ\u00e9e tr\u00e8s ensoleill\u00e9e. Les valeurs seront comprises entre 13\u00b0C et 32\u00b0C. Un l\u00e9ger vent de nord-est sera ressenti par les habitants. Les temp\u00e9ratures vont enregistrer une augmentation de plusieurs degr\u00e9s dans l&rsquo;apr\u00e8s-midi. Attention \u00e0 la vague de chaleur. Des temp\u00e9ratures de 30 \u00e0 32\u00b0C sont attendues. Le soir, de tr\u00e8s grosses chaleurs (entre 24\u00b0C et 31\u00b0C) sont pr\u00e9vues. C&rsquo;est un ciel limpide que conna\u00eetra la nuit de mercredi \u00e0 jeudi.<\/p>\n<p>Demain, les Nantais vont pouvoir b\u00e9n\u00e9ficier d&rsquo;un soleil radieux. Le temps va se r\u00e9chauffer avec une hausse de quelques degr\u00e9s. Les importantes chaleurs sont install\u00e9es. Avec des valeurs \u00e9chelonn\u00e9es entre 17 et 34\u00b0C. Les temp\u00e9ratures afficheront entre 17 et 34\u00b0C. Un vent de nord-est rafra\u00eechira l\u00e9g\u00e8rement l&rsquo;atmosph\u00e8re. Les valeurs maximales annonc\u00e9es le matin sont \u00e9lev\u00e9es, avec 31\u00b0C. Une m\u00e9t\u00e9o plus chaude est pr\u00e9vue demain apr\u00e8s-midi \u00e9tant donn\u00e9 que les temp\u00e9ratures vont conna\u00eetre une augmentation. La ville va p\u00e2tir des fortes chaleurs avec des temp\u00e9ratures qui devraient monter \u00e0 34\u00b0C. D\u00e8s demain soir, les valeurs \u00e9volueront entre 26 et 33\u2009\u00b0C.<\/p>\n<p>Le temps restera stable les prochains jours. Il fera 29\u00b0C en moyenne pour des journ\u00e9es avec une m\u00e9t\u00e9o ensoleill\u00e9e.<\/p>\n<p>En p\u00e9riode de forte chaleur, il est bon de se rafra\u00eechir par n&rsquo;importe quel moyen. Hydratez-vous correctement, prenez des douches fr\u00e9quemment, uilisez un brumisateur et tenez vos volets ferm\u00e9s durant la journ\u00e9e.<\/p>\n","protected":false},"excerpt":{"rendered":"Nantes va conna\u00eetre une belle journ\u00e9e tr\u00e8s ensoleill\u00e9e. Les valeurs seront comprises entre 13\u00b0C et 32\u00b0C. Un l\u00e9ger&hellip;\n","protected":false},"author":2,"featured_media":184534,"comment_status":"","ping_status":"","sticky":false,"template":"","format":"standard","meta":{"footnotes":""},"categories":[2818],"tags":[1111,11,1777,674,1011,27,3047,766,12,2636,2119,25],"class_list":{"0":"post-184533","1":"post","2":"type-post","3":"status-publish","4":"format-standard","5":"has-post-thumbnail","7":"category-nantes","8":"tag-actu","9":"tag-actualites","10":"tag-eu","11":"tag-europe","12":"tag-fr","13":"tag-france","14":"tag-loire-atlantique","15":"tag-nantes","16":"tag-news","17":"tag-pays-de-la-loire","18":"tag-previsions-meteo","19":"tag-republique-francaise"},"share_on_mastodon":{"url":"https:\/\/pubeurope.com\/@fr\/114701359112258823","error":""},"_links":{"self":[{"href":"https:\/\/www.europesays.com\/fr\/wp-json\/wp\/v2\/posts\/184533","targetHints":{"allow":["GET"]}}],"collection":[{"href":"https:\/\/www.europesays.com\/fr\/wp-json\/wp\/v2\/posts"}],"about":[{"href":"https:\/\/www.europesays.com\/fr\/wp-json\/wp\/v2\/types\/post"}],"author":[{"embeddable":true,"href":"https:\/\/www.europesays.com\/fr\/wp-json\/wp\/v2\/users\/2"}],"replies":[{"embeddable":true,"href":"https:\/\/www.europesays.com\/fr\/wp-json\/wp\/v2\/comments?post=184533"}],"version-history":[{"count":0,"href":"https:\/\/www.europesays.com\/fr\/wp-json\/wp\/v2\/posts\/184533\/revisions"}],"wp:featuredmedia":[{"embeddable":true,"href":"https:\/\/www.europesays.com\/fr\/wp-json\/wp\/v2\/media\/184534"}],"wp:attachment":[{"href":"https:\/\/www.europesays.com\/fr\/wp-json\/wp\/v2\/media?parent=184533"}],"wp:term":[{"taxonomy":"category","embeddable":true,"href":"https:\/\/www.europesays.com\/fr\/wp-json\/wp\/v2\/categories?post=184533"},{"taxonomy":"post_tag","embeddable":true,"href":"https:\/\/www.europesays.com\/fr\/wp-json\/wp\/v2\/tags?post=184533"}],"curies":[{"name":"wp","href":"https:\/\/api.w.org\/{rel}","templated":true}]}}