{"id":184535,"date":"2025-06-17T23:43:33","date_gmt":"2025-06-17T23:43:33","guid":{"rendered":"https:\/\/www.europesays.com\/fr\/184535\/"},"modified":"2025-06-17T23:43:33","modified_gmt":"2025-06-17T23:43:33","slug":"la-loi-doit-etre-opposee-a-ces-comportements-de-primates","status":"publish","type":"post","link":"https:\/\/www.europesays.com\/fr\/184535\/","title":{"rendered":"\u00abLa loi doit \u00eatre oppos\u00e9e \u00e0 ces comportements de primates\u00a0\u00bb"},"content":{"rendered":"<p style=\"text-align: justify;\"><strong>La victoire du PSG en ligue des champions a \u00e9t\u00e9 f\u00eat\u00e9e \u201cdignement\u201c \u00e0 Nantes. C\u2019est ainsi qu\u2019un bus Naolib a \u00e9t\u00e9 saccag\u00e9 par une foule d\u00e9cha\u00een\u00e9e alors qu\u2019il \u00e9tait bloqu\u00e9 sur le cours des 50-Otages.<\/strong><\/p>\n<p style=\"text-align: justify;\">En comparution imm\u00e9diate, un jeune originaire du Tchad explique\u00a0: \u00ab\u00a0Il y avait la foule. J\u2019avais l\u2019intention de faire la f\u00eate dans la bonne humeur. Je voulais faire un Snap (une courte vid\u00e9o en direct sur Snapchat), mais la foule nous a pouss\u00e9s vers le bus. (Presse Oc\u00e9an, mardi 3 juin 2025). R\u00e9action de Pascal Bolo (PS), adjoint aux finances et pr\u00e9sident de la Semitan (transports urbains)\u00a0: \u00abLa loi doit \u00eatre oppos\u00e9e \u00e0 ces comportements de primates\u00a0\u00bb\u00a0(Ouest-France, Nantes, mardi 3 juin 2025). Qu\u2019est-ce qu\u2019il avait dit l\u00e0\u00a0! Karim Benbrahim, premier secr\u00e9taire de la f\u00e9d\u00e9ration de Loire-Atlantique du Parti socialiste\u00a0: \u00ab\u00a0Ce ne sont pas les mots qu\u2019il convient d\u2019utiliser dans le d\u00e9bat public et politique\u00a0\u00bb. Marie Vitoux (Les Ecologistes), adjointe au maire\u00a0: \u00ab\u00a0Ces commentaires aux relents racistes et validistes sont indignes, d\u2019autant plus venant d\u2019un \u00e9lu\u00a0\u00bb. Marl\u00e8ne Collineau (Gauche d\u00e9mocratique et sociale)\u00a0: \u00ab\u00a0Le langage animalier pour d\u00e9crire des groupes, c\u2019est le terreau du classement des \u00eatres humains entre eux\u00a0\u00bb. Robin Salecroix (PCF) pointe des propos \u00ab\u00a0inappropri\u00e9s, excessifs, qui ne contribuent en rien \u00e0 la bonne tenue du d\u00e9bat public\u00a0\u00bb (Ouest-France, Nantes, mardi 3 juin 2025). Manuela Ferreruela (LFI) juge ces propos \u00ab\u00a0indignes\u00a0\u00bb et \u00ab\u00a0irresponsables\u00a0\u00bb (Presse Oc\u00e9an, mardi 3 juin 2025).<\/p>\n<p style=\"text-align: justify;\">Pascal Bolo, au fond, est un brave gars\u00a0qui parle comme l\u2019homme de la rue. Mais ses copains \u201cde gauche\u201c, eux, sont des adeptes du politiquement correct.<\/p>\n<p>Cr\u00e9dit photo\u00a0 : DR<br \/>[cc]\u00a0<a class=\"vglnk\" href=\"https:\/\/www.breizh-info.com\/\" target=\"_blank\" rel=\"nofollow noopener noreferrer\" data-wpel-link=\"external\">Breizh-info.com<\/a>, 2025, d\u00e9p\u00eaches libres de copie et de diffusion sous r\u00e9serve de mention et de lien vers la source d\u2019origine<\/p>\n","protected":false},"excerpt":{"rendered":"La victoire du PSG en ligue des champions a \u00e9t\u00e9 f\u00eat\u00e9e \u201cdignement\u201c \u00e0 Nantes. C\u2019est ainsi qu\u2019un bus&hellip;\n","protected":false},"author":2,"featured_media":184536,"comment_status":"","ping_status":"","sticky":false,"template":"","format":"standard","meta":{"footnotes":""},"categories":[2818],"tags":[1111,11,1777,674,1011,27,766,12,32256,2636,25],"class_list":{"0":"post-184535","1":"post","2":"type-post","3":"status-publish","4":"format-standard","5":"has-post-thumbnail","7":"category-nantes","8":"tag-actu","9":"tag-actualites","10":"tag-eu","11":"tag-europe","12":"tag-fr","13":"tag-france","14":"tag-nantes","15":"tag-news","16":"tag-pascal-bolo","17":"tag-pays-de-la-loire","18":"tag-republique-francaise"},"share_on_mastodon":{"url":"https:\/\/pubeurope.com\/@fr\/114701363055139834","error":""},"_links":{"self":[{"href":"https:\/\/www.europesays.com\/fr\/wp-json\/wp\/v2\/posts\/184535","targetHints":{"allow":["GET"]}}],"collection":[{"href":"https:\/\/www.europesays.com\/fr\/wp-json\/wp\/v2\/posts"}],"about":[{"href":"https:\/\/www.europesays.com\/fr\/wp-json\/wp\/v2\/types\/post"}],"author":[{"embeddable":true,"href":"https:\/\/www.europesays.com\/fr\/wp-json\/wp\/v2\/users\/2"}],"replies":[{"embeddable":true,"href":"https:\/\/www.europesays.com\/fr\/wp-json\/wp\/v2\/comments?post=184535"}],"version-history":[{"count":0,"href":"https:\/\/www.europesays.com\/fr\/wp-json\/wp\/v2\/posts\/184535\/revisions"}],"wp:featuredmedia":[{"embeddable":true,"href":"https:\/\/www.europesays.com\/fr\/wp-json\/wp\/v2\/media\/184536"}],"wp:attachment":[{"href":"https:\/\/www.europesays.com\/fr\/wp-json\/wp\/v2\/media?parent=184535"}],"wp:term":[{"taxonomy":"category","embeddable":true,"href":"https:\/\/www.europesays.com\/fr\/wp-json\/wp\/v2\/categories?post=184535"},{"taxonomy":"post_tag","embeddable":true,"href":"https:\/\/www.europesays.com\/fr\/wp-json\/wp\/v2\/tags?post=184535"}],"curies":[{"name":"wp","href":"https:\/\/api.w.org\/{rel}","templated":true}]}}