{"id":18454,"date":"2025-04-11T22:51:08","date_gmt":"2025-04-11T22:51:08","guid":{"rendered":"https:\/\/www.europesays.com\/fr\/18454\/"},"modified":"2025-04-11T22:51:08","modified_gmt":"2025-04-11T22:51:08","slug":"les-meilleurs-donuts-de-france-sont-a-deguster-dans-cette-boutique-de-toulouse","status":"publish","type":"post","link":"https:\/\/www.europesays.com\/fr\/18454\/","title":{"rendered":"Les meilleurs donuts de France sont \u00e0 d\u00e9guster dans cette boutique de Toulouse"},"content":{"rendered":"<p>            Par<br \/>\n        <strong><br \/>\n            <a href=\"https:\/\/actu.fr\/auteur\/marie-lamarque\" title=\"Consulter tous les articles de Marie Lamarque\" rel=\"nofollow noopener\" target=\"_blank\">Marie Lamarque<\/a><br \/>\n        <\/strong><\/p>\n<p>        Publi\u00e9 le<\/p>\n<p>            11 avr. 2025 \u00e0 17h16        <\/p>\n<p><a href=\"https:\/\/actu.fr\/occitanie\/toulouse_31555\/toulouse-sera-t-elle-la-capitale-francaise-du-donut-ce-patissier-va-representer-la-ville-a-un-championnat_62353824.html\" rel=\"nofollow noopener\" target=\"_blank\">Il a voulu retenter sa chance<\/a> et cela a pay\u00e9 ! Gr\u00e2ce \u00e0 sa victoire, <a href=\"https:\/\/actu.fr\/toulouse\/\" rel=\"nofollow noopener\" target=\"_blank\">Toulouse<\/a> devient <strong>la capitale fran\u00e7aise du donut<\/strong>, au moins pour cette ann\u00e9e. <strong>Florent Masgonty<\/strong>, co-fondateur de la boutique \u014c Donuts situ\u00e9e rue des Blanchers, \u00e0 deux pas du port de la Daurade, a \u00e9t\u00e9 <strong>sacr\u00e9 champion de France du donut 2025<\/strong>.<\/p>\n<p class=\" wall-content\">L\u2019an dernier, le professionnel n\u2019avait pu acc\u00e9der qu\u2019\u00e0 la deuxi\u00e8me marche du podium. En se r\u00e9inscrivant, il voulait prouver \u00e0 sa fille de quatre ans l\u2019importance de la pers\u00e9v\u00e9rance. Pari r\u00e9ussi, la le\u00e7on est pass\u00e9e.<\/p>\n<p>Ces recettes qui ont fait la diff\u00e9rence<\/p>\n<p class=\" wall-content\">Le Toulousain faisait partie des quatre professionnels retenus pour participer \u00e0 la finale qui s\u2019est tenue jeudi 3 avril. Devant un jury d\u2019expert, ils se sont affront\u00e9s lors de<strong> trois \u00e9preuves : le donut classique sucr\u00e9 ; le donut en accord avec une boisson chaude ; et le donut saveurs du monde<\/strong>. De quoi faire parler sa technique, son imagination et sa cr\u00e9ativit\u00e9 !<\/p>\n<p class=\" wall-content\">Contact\u00e9 \u00e0 quelques jours de la comp\u00e9tition par Actu Toulouse, le g\u00e9rant s\u2019\u00e9tait bien gard\u00e9 de d\u00e9voiler ses id\u00e9es. On peut maintenant le dire, <strong>son \u00ab\u00a0donut au chocolat et f\u00e8ve tonka<\/strong> a particuli\u00e8rement s\u00e9duit par son \u00e9quilibre subtil, ainsi que <strong>son donut inspir\u00e9 du Japon<\/strong>, associant donut au charbon v\u00e9g\u00e9tal et ganache au matcha pour une exp\u00e9rience gustative unique\u00a0\u00bb, d\u00e9crit <strong>Dawn Foods<\/strong>, l\u2019organisateur de la comp\u00e9tition.<\/p>\n<p><a class=\"jo-module-caroussel__img-container\" href=\"https:\/\/static.actu.fr\/uploads\/2025\/04\/florent-masgonty-championnat-de-france-du-donut-2025-2.jpg\" title=\"Agrandir la photo Florent Masgonty sur la premi\u00e8re marche du podium. (\u00a9 Dawn Foods France)\" data-idx=\"1\" rel=\"nofollow noopener\" target=\"_blank\"><br \/>\n    <img decoding=\"async\" class=\"jo-module-caroussel__img\" loading=\"lazy\" src=\"https:\/\/www.europesays.com\/fr\/wp-content\/uploads\/2025\/04\/florent-masgonty-championnat-de-france-du-donut-2025-2-640x427.jpg\" alt=\"Florent Masgonty sur la premi\u00e8re marche du podium. (\u00a9 Dawn Foods France)\" width=\"640\" height=\"427\"\/><\/a>Vid\u00e9os : en ce moment sur ActuDes donuts gagnants \u00e0 retrouver en boutique<\/p>\n<p class=\" wall-content\">Avec cette distinction, nul doute que les clients gourmands et curieux vont \u00eatre nombreux \u00e0 franchir la porte d\u2019\u014c Donuts. D\u2019autant que<strong> les pr\u00e9parations gagnantes seront propos\u00e9es \u00e0 la vente<\/strong>. \u00ab\u00a0La nouvelle carte sera affich\u00e9e en fin de semaine\u00a0\u00bb, promet Florent Masgonty, joint par Actu Toulouse.\u00a0<\/p>\n<p class=\" wall-content\">Dans le d\u00e9tail, les clients pourront retrouver :<\/p>\n<ul class=\" wall-content\">\n<li><strong>le woody tonka<\/strong> : donut napp\u00e9 d\u2019une ganache chocolat infus\u00e9 \u00e0 la f\u00e8ve de tonka et d\u00e9cor\u00e9 d\u2019amandes caram\u00e9lis\u00e9es et de gru\u00e9 de cacao ;<\/li>\n<li><strong>le kyoto<\/strong> : donut fourr\u00e9 d\u2019une cr\u00e8me de s\u00e9same noir, napp\u00e9 d\u2019une ganache mont\u00e9e au matcha, d\u00e9cor\u00e9 d\u2019un gel de framboise et quelques groseilles.<\/li>\n<\/ul>\n<p class=\" wall-content\"><a href=\"https:\/\/www.instagram.com\/p\/DIDwy00g0Tl\/embed\" title=\"Ouvrir le lien sur Instagram\" rel=\"nofollow noopener\" target=\"_blank\">Visualiser le contenu sur Instagram<\/a><\/p>\n<p class=\" wall-content\">De quoi faire saliver !<\/p>\n<p>    <a href=\"https:\/\/www.google.com\/maps\/embed?pb=!1m18!1m12!1m3!1d5778.412441484287!2d1.4359672749427381!3d43.6022476557266!2m3!1f0!2f0!3f0!3m2!1i1024!2i768!4f13.1!3m3!1m2!1s0x12aebb1308cba647%3A0xf3bff50940e1275b!2s%C3%94%20Donuts%20Toulouse!5e0!3m2!1sfr!2sfr!4v1744196954409!5m2!1sfr!2sfr\" title=\"Ouvrie le lien\" rel=\"nofollow noopener\" target=\"_blank\">Cliquez ici pour visualiser le contenu<\/a><\/p>\n<p><strong>Infos pratiques<\/strong><br \/>\u014c\u00a0Donuts Toulouse, 2 rue des Blanchers \u00e0 Toulouse.<br \/>Ouvert du mardi au vendredi, de 10h30 \u00e0 18h30 et le samedi de 10h30 \u00e0 19h.<\/p>\n<p class=\" wall-content\">Suivez toute l\u2019actualit\u00e9 de vos villes et m\u00e9dias favoris en vous inscrivant \u00e0 <a href=\"https:\/\/moncompte.actu.fr\" title=\"D\u00e9couvez Mon Actu\" rel=\"nofollow noopener\" data-trk=\"{&quot;cta&quot;:{&quot;action&quot;:&quot;https:\\\/\\\/moncompte.actu.fr&quot;,&quot;category&quot;:&quot;mon compte&quot;,&quot;from&quot;:&quot;article footer&quot;,&quot;name&quot;:&quot;Mon actu&quot;,&quot;type&quot;:&quot;cta&quot;}}\" target=\"_blank\">Mon Actu<\/a>.<\/p>\n<p>                    <script async src=\"\/\/www.instagram.com\/embed.js\"><\/script><\/p>\n","protected":false},"excerpt":{"rendered":"Par Marie Lamarque Publi\u00e9 le 11 avr. 2025 \u00e0 17h16 Il a voulu retenter sa chance et cela&hellip;\n","protected":false},"author":2,"featured_media":18455,"comment_status":"","ping_status":"","sticky":false,"template":"","format":"standard","meta":{"footnotes":""},"categories":[2816],"tags":[1111,11,1777,674,1011,27,1661,12,2680,25,104,2312],"class_list":{"0":"post-18454","1":"post","2":"type-post","3":"status-publish","4":"format-standard","5":"has-post-thumbnail","7":"category-toulouse","8":"tag-actu","9":"tag-actualites","10":"tag-eu","11":"tag-europe","12":"tag-fr","13":"tag-france","14":"tag-gastronomie","15":"tag-news","16":"tag-occitanie","17":"tag-republique-francaise","18":"tag-societe","19":"tag-toulouse"},"share_on_mastodon":{"url":"https:\/\/pubeurope.com\/@fr\/114321783682924610","error":""},"_links":{"self":[{"href":"https:\/\/www.europesays.com\/fr\/wp-json\/wp\/v2\/posts\/18454","targetHints":{"allow":["GET"]}}],"collection":[{"href":"https:\/\/www.europesays.com\/fr\/wp-json\/wp\/v2\/posts"}],"about":[{"href":"https:\/\/www.europesays.com\/fr\/wp-json\/wp\/v2\/types\/post"}],"author":[{"embeddable":true,"href":"https:\/\/www.europesays.com\/fr\/wp-json\/wp\/v2\/users\/2"}],"replies":[{"embeddable":true,"href":"https:\/\/www.europesays.com\/fr\/wp-json\/wp\/v2\/comments?post=18454"}],"version-history":[{"count":0,"href":"https:\/\/www.europesays.com\/fr\/wp-json\/wp\/v2\/posts\/18454\/revisions"}],"wp:featuredmedia":[{"embeddable":true,"href":"https:\/\/www.europesays.com\/fr\/wp-json\/wp\/v2\/media\/18455"}],"wp:attachment":[{"href":"https:\/\/www.europesays.com\/fr\/wp-json\/wp\/v2\/media?parent=18454"}],"wp:term":[{"taxonomy":"category","embeddable":true,"href":"https:\/\/www.europesays.com\/fr\/wp-json\/wp\/v2\/categories?post=18454"},{"taxonomy":"post_tag","embeddable":true,"href":"https:\/\/www.europesays.com\/fr\/wp-json\/wp\/v2\/tags?post=18454"}],"curies":[{"name":"wp","href":"https:\/\/api.w.org\/{rel}","templated":true}]}}