{"id":184547,"date":"2025-06-17T23:49:09","date_gmt":"2025-06-17T23:49:09","guid":{"rendered":"https:\/\/www.europesays.com\/fr\/184547\/"},"modified":"2025-06-17T23:49:09","modified_gmt":"2025-06-17T23:49:09","slug":"previsions-du-mercredi-18-juin-2025-6","status":"publish","type":"post","link":"https:\/\/www.europesays.com\/fr\/184547\/","title":{"rendered":"pr\u00e9visions du mercredi 18 juin 2025"},"content":{"rendered":"<p>C&rsquo;est une belle journ\u00e9e dont va b\u00e9n\u00e9ficier Lille, o\u00f9 le soleil va briller intens\u00e9ment. Les temp\u00e9ratures seront comprises entre 14 et 26\u00b0C. Un l\u00e9ger vent de nord-ouest sera ressenti par les habitants. Il fera 22\u00b0C en moyenne le matin. Les valeurs s&rsquo;\u00e9chelonneront entre 24 et 26\u00b0C durant l&rsquo;apr\u00e8s-midi. On passera de mercredi \u00e0 jeudi par une nuit claire.<\/p>\n<p>Un beau soleil est pr\u00e9vu demain \u00e0 Lille. Les temp\u00e9ratures afficheront entre 13 et 27\u00b0C. Un vent de nord-est rafra\u00eechira un peu l&rsquo;atmosph\u00e8re. Le matin, le mercure affichera 21\u00b0C en moyenne. Les temp\u00e9ratures vont enregistrer une hausse de plusieurs degr\u00e9s dans l&rsquo;apr\u00e8s-midi. Les valeurs seront comprises entre 26\u00b0C et 27\u00b0C.<\/p>\n<p>La m\u00e9t\u00e9o restera stable les prochains jours. Des temp\u00e9ratures dans les 22\u00b0C iront de pair avec un ciel ensoleill\u00e9.<\/p>\n<p><\/p>\n","protected":false},"excerpt":{"rendered":"C&rsquo;est une belle journ\u00e9e dont va b\u00e9n\u00e9ficier Lille, o\u00f9 le soleil va briller intens\u00e9ment. Les temp\u00e9ratures seront comprises&hellip;\n","protected":false},"author":2,"featured_media":184548,"comment_status":"","ping_status":"","sticky":false,"template":"","format":"standard","meta":{"footnotes":""},"categories":[2815],"tags":[1111,11,1777,674,1011,27,811,1307,12,1308,1309,2119,25],"class_list":{"0":"post-184547","1":"post","2":"type-post","3":"status-publish","4":"format-standard","5":"has-post-thumbnail","7":"category-lille","8":"tag-actu","9":"tag-actualites","10":"tag-eu","11":"tag-europe","12":"tag-fr","13":"tag-france","14":"tag-hauts-de-france","15":"tag-lille","16":"tag-news","17":"tag-nord","18":"tag-nord-pas-de-calais","19":"tag-previsions-meteo","20":"tag-republique-francaise"},"share_on_mastodon":{"url":"https:\/\/pubeurope.com\/@fr\/114701386710562570","error":""},"_links":{"self":[{"href":"https:\/\/www.europesays.com\/fr\/wp-json\/wp\/v2\/posts\/184547","targetHints":{"allow":["GET"]}}],"collection":[{"href":"https:\/\/www.europesays.com\/fr\/wp-json\/wp\/v2\/posts"}],"about":[{"href":"https:\/\/www.europesays.com\/fr\/wp-json\/wp\/v2\/types\/post"}],"author":[{"embeddable":true,"href":"https:\/\/www.europesays.com\/fr\/wp-json\/wp\/v2\/users\/2"}],"replies":[{"embeddable":true,"href":"https:\/\/www.europesays.com\/fr\/wp-json\/wp\/v2\/comments?post=184547"}],"version-history":[{"count":0,"href":"https:\/\/www.europesays.com\/fr\/wp-json\/wp\/v2\/posts\/184547\/revisions"}],"wp:featuredmedia":[{"embeddable":true,"href":"https:\/\/www.europesays.com\/fr\/wp-json\/wp\/v2\/media\/184548"}],"wp:attachment":[{"href":"https:\/\/www.europesays.com\/fr\/wp-json\/wp\/v2\/media?parent=184547"}],"wp:term":[{"taxonomy":"category","embeddable":true,"href":"https:\/\/www.europesays.com\/fr\/wp-json\/wp\/v2\/categories?post=184547"},{"taxonomy":"post_tag","embeddable":true,"href":"https:\/\/www.europesays.com\/fr\/wp-json\/wp\/v2\/tags?post=184547"}],"curies":[{"name":"wp","href":"https:\/\/api.w.org\/{rel}","templated":true}]}}