{"id":184553,"date":"2025-06-17T23:52:16","date_gmt":"2025-06-17T23:52:16","guid":{"rendered":"https:\/\/www.europesays.com\/fr\/184553\/"},"modified":"2025-06-17T23:52:16","modified_gmt":"2025-06-17T23:52:16","slug":"metropole-de-lyon-lhomme-soupconne-du-viol-dune-ado-qui-attendait-le-bus-a-ete-incarcere","status":"publish","type":"post","link":"https:\/\/www.europesays.com\/fr\/184553\/","title":{"rendered":"M\u00e9tropole de Lyon. L\u2019homme soup\u00e7onn\u00e9 du viol d\u2019une ado qui attendait le bus a \u00e9t\u00e9 incarc\u00e9r\u00e9"},"content":{"rendered":"<p>On en sait plus sur les suites de l\u2019interpellation de l\u2019homme de 41 ans, soup\u00e7onn\u00e9 d\u2019avoir viol\u00e9 une adolescente de 15 ans le 9\u00a0juin au matin \u00e0 Saint-Genis-Laval.<\/p>\n<p>Plac\u00e9 en d\u00e9tention provisoire<\/p>\n<p>La victime attendait le bus quand elle a \u00e9t\u00e9 violemment agress\u00e9e par un individu qui a ensuite pris la fuite. L\u2019enqu\u00eate confi\u00e9e \u00e0 la brigade de gendarmerie de Saint-Genis-Laval et \u00e0 la BR (brigade de recherche) de Givors a progress\u00e9 rapidement puisqu\u2019un suspect a \u00e9t\u00e9 identifi\u00e9 puis interpell\u00e9 le 11\u00a0juin.<\/p>\n<p>Au terme de sa garde \u00e0 vue, le quadrag\u00e9naire a \u00e9t\u00e9 d\u00e9f\u00e9r\u00e9 par le parquet de Lyon le 13\u00a0juin et, indique le parquet, \u00ab\u00a0mis en examen des chefs de viol aggrav\u00e9 et violence par une personne agissant sous l\u2019emprise de produits stup\u00e9fiants suivie d\u2019incapacit\u00e9 totale de travail n\u2019exc\u00e9dant pas huit jours\u00a0\u00bb.<\/p>\n<p>Il a \u00e9t\u00e9 plac\u00e9 en d\u00e9tention provisoire et les investigations se poursuivent sous l\u2019autorit\u00e9 du magistrat instructeur.<\/p>\n","protected":false},"excerpt":{"rendered":"On en sait plus sur les suites de l\u2019interpellation de l\u2019homme de 41 ans, soup\u00e7onn\u00e9 d\u2019avoir viol\u00e9 une&hellip;\n","protected":false},"author":2,"featured_media":184554,"comment_status":"","ping_status":"","sticky":false,"template":"","format":"standard","meta":{"footnotes":""},"categories":[1889],"tags":[1111,11,2430,271,272,3154,1777,674,274,107,1011,27,2428,12,25,2429,5151,5152],"class_list":{"0":"post-184553","1":"post","2":"type-post","3":"status-publish","4":"format-standard","5":"has-post-thumbnail","7":"category-lyon","8":"tag-actu","9":"tag-actualites","10":"tag-auvergne-rhone-alpes","11":"tag-crime","12":"tag-delit-et-contravention","13":"tag-edition-sud-lyonnais","14":"tag-eu","15":"tag-europe","16":"tag-faits-divers-justice","17":"tag-fil-info","18":"tag-fr","19":"tag-france","20":"tag-lyon","21":"tag-news","22":"tag-republique-francaise","23":"tag-rhone","24":"tag-saint-genis-laval","25":"tag-saint-genis-laval-ville"},"share_on_mastodon":{"url":"https:\/\/pubeurope.com\/@fr\/114701398385288227","error":""},"_links":{"self":[{"href":"https:\/\/www.europesays.com\/fr\/wp-json\/wp\/v2\/posts\/184553","targetHints":{"allow":["GET"]}}],"collection":[{"href":"https:\/\/www.europesays.com\/fr\/wp-json\/wp\/v2\/posts"}],"about":[{"href":"https:\/\/www.europesays.com\/fr\/wp-json\/wp\/v2\/types\/post"}],"author":[{"embeddable":true,"href":"https:\/\/www.europesays.com\/fr\/wp-json\/wp\/v2\/users\/2"}],"replies":[{"embeddable":true,"href":"https:\/\/www.europesays.com\/fr\/wp-json\/wp\/v2\/comments?post=184553"}],"version-history":[{"count":0,"href":"https:\/\/www.europesays.com\/fr\/wp-json\/wp\/v2\/posts\/184553\/revisions"}],"wp:featuredmedia":[{"embeddable":true,"href":"https:\/\/www.europesays.com\/fr\/wp-json\/wp\/v2\/media\/184554"}],"wp:attachment":[{"href":"https:\/\/www.europesays.com\/fr\/wp-json\/wp\/v2\/media?parent=184553"}],"wp:term":[{"taxonomy":"category","embeddable":true,"href":"https:\/\/www.europesays.com\/fr\/wp-json\/wp\/v2\/categories?post=184553"},{"taxonomy":"post_tag","embeddable":true,"href":"https:\/\/www.europesays.com\/fr\/wp-json\/wp\/v2\/tags?post=184553"}],"curies":[{"name":"wp","href":"https:\/\/api.w.org\/{rel}","templated":true}]}}