{"id":184559,"date":"2025-06-17T23:56:12","date_gmt":"2025-06-17T23:56:12","guid":{"rendered":"https:\/\/www.europesays.com\/fr\/184559\/"},"modified":"2025-06-17T23:56:12","modified_gmt":"2025-06-17T23:56:12","slug":"gros-bouchon-sur-lautoroute-a1-dans-le-sens-lille-paris-apres-un-accident-entre-deux-voitures","status":"publish","type":"post","link":"https:\/\/www.europesays.com\/fr\/184559\/","title":{"rendered":"Gros bouchon sur l\u2019autoroute A1 dans le sens Lille-Paris apr\u00e8s un accident entre deux voitures"},"content":{"rendered":"<p>            Par<br \/>\n        <strong><br \/>\n            <a href=\"https:\/\/actu.fr\/auteur\/raphael-mahlmann\" title=\"Consulter tous les articles de Rapha\u00ebl Mahlmann\" target=\"_blank\" rel=\"noopener\">Rapha\u00ebl Mahlmann<\/a><br \/>\n        <\/strong><\/p>\n<p>        Publi\u00e9 le<\/p>\n<p>            17 juin 2025 \u00e0 15h09<br \/>\n        ; mis \u00e0 jour le 17 juin 2025 \u00e0 15h35    <\/p>\n<p>\u00c9vitez le secteur si vous le pouvez. Un <b>accident<\/b> s\u2019est produit ce mardi 17 juin 2025 sur l\u2019<a href=\"https:\/\/actu.fr\/hauts-de-france\/phalempin_59462\/tues-a-plus-de-250-km-h-sur-la1-pres-de-lille-10-ans-de-prison-pour-le-chauffard_62778871.html\" target=\"_blank\" rel=\"noopener\">autoroute A1<\/a> dans le <b>sens Lille-Paris<\/b>. L\u2019accident a eu lieu \u00e0 hauteur de la commune de <b>Libercourt<\/b> (<a href=\"https:\/\/actu.fr\/pas-de-calais\/\" target=\"_blank\" rel=\"noopener\">Pas-de-Calais<\/a>). Deux voitures sont en cause, indique la pr\u00e9fecture du Nord. <b>Les voies de droite <\/b><b>et centrale sont <\/b><b>neutralis\u00e9e<\/b><b>s<\/b><b>.<\/b><\/p>\n<p>10\u00a0km de bouchon<\/p>\n<p class=\" wall-content\">En lien avec cet <a href=\"https:\/\/actu.fr\/hauts-de-france\/oignies_62637\/gros-bouchon-sur-la1-dans-le-sens-lille-paris-apres-un-accident-entre-deux-poids-lourds_62760713.html\" target=\"_blank\" rel=\"noopener\">accident<\/a>, <b>u<\/b><b>n bouchon\u00a0<\/b><b>1<\/b><b>5<\/b><b>km<\/b><b> s\u2019est form\u00e9 de <\/b><b>Lesquin<\/b><b>\u00a0\u00e0\u00a0<\/b><b>Libercourt. <\/b>La pr\u00e9fecture recommande aux automobilistes de rester prudents.<\/p>\n<p>Incendie en bordure de l\u2019A21\u00a0<\/p>\n<p class=\" wall-content\">Un important panache de fum\u00e9e noire a \u00e9galement \u00e9t\u00e9 constat\u00e9 sur l\u2019A21 vers Lens. Il s\u2019agit d\u2019un feu qui s\u2019est d\u00e9clar\u00e9 dans une d\u00e9pendance accol\u00e9e \u00e0 l\u2019habitation principale o\u00f9 loge une m\u00e8re et ses six enfants. Les flammes se sont ensuite propag\u00e9es au niveau de la v\u00e9g\u00e9tation proche de l\u2019autoroute. Aucun stockage dangereux ne se trouvait dans la d\u00e9pendance.\u00a0<\/p>\n<p class=\" wall-content\">La police est \u00e9galement pr\u00e9sente sur les lieux.\u00a0<\/p>\n<p class=\" wall-content\">Suivez toute l\u2019actualit\u00e9 de vos villes et m\u00e9dias favoris en vous inscrivant \u00e0 <a href=\"https:\/\/moncompte.actu.fr\" title=\"D\u00e9couvez Mon Actu\" rel=\"nofollow noopener\" data-trk=\"{&quot;cta&quot;:{&quot;action&quot;:&quot;https:\\\/\\\/moncompte.actu.fr&quot;,&quot;category&quot;:&quot;mon compte&quot;,&quot;from&quot;:&quot;article footer&quot;,&quot;name&quot;:&quot;Mon actu&quot;,&quot;type&quot;:&quot;cta&quot;}}\" target=\"_blank\">Mon Actu<\/a>.<\/p>\n","protected":false},"excerpt":{"rendered":"Par Rapha\u00ebl Mahlmann Publi\u00e9 le 17 juin 2025 \u00e0 15h09 ; mis \u00e0 jour le 17 juin 2025&hellip;\n","protected":false},"author":2,"featured_media":184560,"comment_status":"","ping_status":"","sticky":false,"template":"","format":"standard","meta":{"footnotes":""},"categories":[1888],"tags":[119,1111,1928,11,1927,1777,674,1011,27,803,12,1926,626,1925,25,104],"class_list":{"0":"post-184559","1":"post","2":"type-post","3":"status-publish","4":"format-standard","5":"has-post-thumbnail","7":"category-paris","8":"tag-accident","9":"tag-actu","10":"tag-actu-paris","11":"tag-actualites","12":"tag-actualites-paris","13":"tag-eu","14":"tag-europe","15":"tag-fr","16":"tag-france","17":"tag-info-trafic","18":"tag-news","19":"tag-news-paris","20":"tag-paris","21":"tag-paris-news","22":"tag-republique-francaise","23":"tag-societe"},"share_on_mastodon":{"url":"https:\/\/pubeurope.com\/@fr\/114701414379462660","error":""},"_links":{"self":[{"href":"https:\/\/www.europesays.com\/fr\/wp-json\/wp\/v2\/posts\/184559","targetHints":{"allow":["GET"]}}],"collection":[{"href":"https:\/\/www.europesays.com\/fr\/wp-json\/wp\/v2\/posts"}],"about":[{"href":"https:\/\/www.europesays.com\/fr\/wp-json\/wp\/v2\/types\/post"}],"author":[{"embeddable":true,"href":"https:\/\/www.europesays.com\/fr\/wp-json\/wp\/v2\/users\/2"}],"replies":[{"embeddable":true,"href":"https:\/\/www.europesays.com\/fr\/wp-json\/wp\/v2\/comments?post=184559"}],"version-history":[{"count":0,"href":"https:\/\/www.europesays.com\/fr\/wp-json\/wp\/v2\/posts\/184559\/revisions"}],"wp:featuredmedia":[{"embeddable":true,"href":"https:\/\/www.europesays.com\/fr\/wp-json\/wp\/v2\/media\/184560"}],"wp:attachment":[{"href":"https:\/\/www.europesays.com\/fr\/wp-json\/wp\/v2\/media?parent=184559"}],"wp:term":[{"taxonomy":"category","embeddable":true,"href":"https:\/\/www.europesays.com\/fr\/wp-json\/wp\/v2\/categories?post=184559"},{"taxonomy":"post_tag","embeddable":true,"href":"https:\/\/www.europesays.com\/fr\/wp-json\/wp\/v2\/tags?post=184559"}],"curies":[{"name":"wp","href":"https:\/\/api.w.org\/{rel}","templated":true}]}}