{"id":184565,"date":"2025-06-18T00:00:13","date_gmt":"2025-06-18T00:00:13","guid":{"rendered":"https:\/\/www.europesays.com\/fr\/184565\/"},"modified":"2025-06-18T00:00:13","modified_gmt":"2025-06-18T00:00:13","slug":"abaisser-le-prix-plafond-sur-le-petrole-russe-nest-plus-une-priorite-selon-von-der-leyen-17-06-2025-a-2211","status":"publish","type":"post","link":"https:\/\/www.europesays.com\/fr\/184565\/","title":{"rendered":"Abaisser le prix plafond sur le p\u00e9trole russe n&rsquo;est plus une priorit\u00e9 selon von der Leyen &#8211; 17\/06\/2025 \u00e0 22:11"},"content":{"rendered":"<p>        <img fetchpriority=\"high\" decoding=\"async\" src=\"https:\/\/www.europesays.com\/fr\/wp-content\/uploads\/2025\/06\/ac2f50ea74c9175cb6b753d7b31a207e-760x567.jpg\" alt=\"European Commission President Ursula von der Leyen and her husband Heiko arrive at the Group of Seven (G7) Summit ( POOL \/ Michael Kappeler )\" loading=\"eager\" width=\"760\" height=\"567\" style=\"max-width: 100%!important; height: auto;\"\/><\/p>\n<p class=\"c-image-news__legend\">European Commission President Ursula von der Leyen and her husband Heiko arrive at the Group of Seven (G7) Summit ( POOL \/ Michael Kappeler )<\/p>\n<p>\n L&rsquo;abaissement du plafond du prix de vente du baril de p\u00e9trole russe, un temps envisag\u00e9, n&rsquo;est plus priorit\u00e9 du fait de la hausse du cours du p\u00e9trole, a d\u00e9clar\u00e9 mardi la pr\u00e9sidente de la Commission europ\u00e9enne (CE), Ursula von der Leyen, en marge du sommet du G7 au Canada.\n<\/p>\n<p>\n La CE envisageait jusqu&rsquo;ici d&rsquo;inclure le passage du plafond de 60 dollars \u00e0 45 dollars \u00e0 son prochain \u00ab\u00a0paquet\u00a0\u00bb de sanctions, afin de r\u00e9duire encore les capacit\u00e9s de la Russie \u00e0 financer sa guerre en Ukraine.\n<\/p>\n<p>\n Si le plafond actuel \u00ab\u00a0avait peu d&rsquo;effet\u00a0\u00bb jusqu&rsquo;ici du fait de la baisse du cours du p\u00e9trole, \u00ab\u00a0la hausse des prix observ\u00e9e ces derniers jours rend toute sa pertinence\u00a0\u00bb \u00e0 la limite de 60 dollars, a d\u00e9clar\u00e9 \u00e0 la presse Mme von der Leyen.\n<\/p>\n<p>\n \u00ab\u00a0Il n&rsquo;y a donc pas dans l&rsquo;imm\u00e9diat de pression pour abaisser encore le plafond existant\u00a0\u00bb, a-t-elle ajout\u00e9.\n<\/p>\n<p>\n Ce plafonnement \u00e9tait une initiative du G7, fin 2022, dans le but de r\u00e9duire les apports financiers en faveur de la Russie en cr\u00e9ant les conditions pour emp\u00eacher les compagnies de transport maritime et d&rsquo;assurance, principalement occidentales, de faire affaire avec la Russie au-del\u00e0 de ce prix par baril.\n<\/p>\n<p>\n Selon la cheffe de la diplomatie europ\u00e9enne Kaja Kallas, le seuil de 60 dollars a permis de r\u00e9duire de 30% les revenus p\u00e9troliers de la Russie, essentiels au financement de sa guerre contre l&rsquo;Ukraine.\n<\/p>\n<p>\n La Russie a cependant constitu\u00e9 une flotte \u00ab\u00a0fant\u00f4me\u00a0\u00bb de p\u00e9troliers pour contourner cette interdiction, estim\u00e9e \u00e0 plus de 500 navires, que l&rsquo;UE a d\u00e9j\u00e0 pris pour cible.\n<\/p>\n<p>\n La CE esp\u00e9rait convaincre Donald Trump d&rsquo;accepter d&rsquo;abaisser \u00e0 45 dollars ce plafond mais la guerre entre Isra\u00ebl et l&rsquo;Iran a fait passer le sujet au second plan et le pr\u00e9sident am\u00e9ricain a quitt\u00e9 le sommet pr\u00e9matur\u00e9ment du fait de la crise.\n<\/p>\n<p>\n L&rsquo;UE envisage \u00e9galement d&rsquo;ajouter 22 autres banques russes \u00e0 sa liste d&rsquo;institutions financi\u00e8res priv\u00e9es d&rsquo;acc\u00e8s au march\u00e9 international des capitaux via le syst\u00e8me Swift. Elle veut aussi ajouter d&rsquo;autres soci\u00e9t\u00e9s, y compris de Chine, \u00e0 la liste noire de celles qui aident l&rsquo;arm\u00e9e russe \u00e0 contourner les sanctions d\u00e9j\u00e0 en place.\n<\/p>\n<p>\n M. Trump ne souhaite de son c\u00f4t\u00e9 pas imposer de nouvelle sanction \u00e0 la Russie, malgr\u00e9 l&rsquo;absence d&rsquo;engagement de la part de Vladimir Poutine en faveur d&rsquo;un cessez-le-feu avec l&rsquo;Ukraine.\n<\/p>\n<p>\n Mais \u00ab\u00a0le fait que nous ayons un nouveau paquet, renforc\u00e9, de sanctions \u00e0 l&rsquo;encontre de la Russie est la preuve\u00a0\u00bb de l&rsquo;engagement de l&rsquo;Europe aux c\u00f4t\u00e9s de l&rsquo;Ukraine, a insist\u00e9 Ursula von der Leyen.<\/p>\n","protected":false},"excerpt":{"rendered":"European Commission President Ursula von der Leyen and her husband Heiko arrive at the Group of Seven (G7)&hellip;\n","protected":false},"author":2,"featured_media":184566,"comment_status":"","ping_status":"","sticky":false,"template":"","format":"standard","meta":{"footnotes":""},"categories":[1591],"tags":[400,11,398,408,405,1887,403,402,399,404,12,1885,1886,132,401,406,407],"class_list":{"0":"post-184565","1":"post","2":"type-post","3":"status-publish","4":"format-standard","5":"has-post-thumbnail","7":"category-russie","8":"tag-action-cac-40","9":"tag-actualites","10":"tag-bourse-de-paris","11":"tag-boursorama","12":"tag-cotations","13":"tag-federation-de-russie","14":"tag-indices-devises","15":"tag-investir","16":"tag-investissement","17":"tag-marche-boursier","18":"tag-news","19":"tag-russia","20":"tag-russian-federation","21":"tag-russie","22":"tag-sicav","23":"tag-trackers","24":"tag-warrants"},"share_on_mastodon":{"url":"https:\/\/pubeurope.com\/@fr\/114701429940874260","error":""},"_links":{"self":[{"href":"https:\/\/www.europesays.com\/fr\/wp-json\/wp\/v2\/posts\/184565","targetHints":{"allow":["GET"]}}],"collection":[{"href":"https:\/\/www.europesays.com\/fr\/wp-json\/wp\/v2\/posts"}],"about":[{"href":"https:\/\/www.europesays.com\/fr\/wp-json\/wp\/v2\/types\/post"}],"author":[{"embeddable":true,"href":"https:\/\/www.europesays.com\/fr\/wp-json\/wp\/v2\/users\/2"}],"replies":[{"embeddable":true,"href":"https:\/\/www.europesays.com\/fr\/wp-json\/wp\/v2\/comments?post=184565"}],"version-history":[{"count":0,"href":"https:\/\/www.europesays.com\/fr\/wp-json\/wp\/v2\/posts\/184565\/revisions"}],"wp:featuredmedia":[{"embeddable":true,"href":"https:\/\/www.europesays.com\/fr\/wp-json\/wp\/v2\/media\/184566"}],"wp:attachment":[{"href":"https:\/\/www.europesays.com\/fr\/wp-json\/wp\/v2\/media?parent=184565"}],"wp:term":[{"taxonomy":"category","embeddable":true,"href":"https:\/\/www.europesays.com\/fr\/wp-json\/wp\/v2\/categories?post=184565"},{"taxonomy":"post_tag","embeddable":true,"href":"https:\/\/www.europesays.com\/fr\/wp-json\/wp\/v2\/tags?post=184565"}],"curies":[{"name":"wp","href":"https:\/\/api.w.org\/{rel}","templated":true}]}}