{"id":184569,"date":"2025-06-18T00:02:11","date_gmt":"2025-06-18T00:02:11","guid":{"rendered":"https:\/\/www.europesays.com\/fr\/184569\/"},"modified":"2025-06-18T00:02:11","modified_gmt":"2025-06-18T00:02:11","slug":"la-plateforme-va-echapper-a-linterdiction-aux-etats-unis-grace-a-un-nouveau-delai-accorde-par-trump","status":"publish","type":"post","link":"https:\/\/www.europesays.com\/fr\/184569\/","title":{"rendered":"La plateforme va \u00e9chapper \u00e0 l\u2019interdiction aux Etats-Unis gr\u00e2ce \u00e0 un nouveau d\u00e9lai accord\u00e9 par Trump"},"content":{"rendered":"<p>Alors que la plateforme <a href=\"https:\/\/www.20minutes.fr\/high-tech\/tiktok\/\" target=\"_blank\" class=\"color-ultramarine c-link\" rel=\"nofollow noopener\">TikTok<\/a> continue de prosp\u00e9rer aux <a href=\"https:\/\/www.20minutes.fr\/monde\/etats-unis\/\" target=\"_blank\" class=\"color-ultramarine c-link\" rel=\"nofollow noopener\">Etats-Unis<\/a>, la cession de sa filiale am\u00e9ricaine \u00e0 des int\u00e9r\u00eats non chinois, exig\u00e9e par le <a href=\"https:\/\/www.20minutes.fr\/dossier\/congres\" target=\"_blank\" class=\"color-ultramarine c-link\" rel=\"nofollow noopener\">Congr\u00e8s<\/a>, pi\u00e9tine. A quelques jours de la date butoir fix\u00e9e au 20\u00a0juin, Donald Trump s\u2019appr\u00eate \u00e0 repousser une nouvelle fois l\u2019\u00e9ch\u00e9ance, faute d\u2019accord avec la Chine.<\/p>\n<p>D\u00e9j\u00e0 report\u00e9e deux fois de 75 jours, la cession de TikTok \u00e0 un consortium am\u00e9ricain va b\u00e9n\u00e9ficier d\u2019un nouveau d\u00e9lai de 90 jours, selon Karoline Leavitt, porte-parole de la <a href=\"https:\/\/www.20minutes.fr\/dossier\/maison_blanche\" target=\"_blank\" class=\"color-ultramarine c-link\" rel=\"nofollow noopener\">Maison-Blanche<\/a>. \u00ab\u00a0Le pr\u00e9sident ne veut pas voir TikTok dispara\u00eetre\u00a0\u00bb, a-t-elle justifi\u00e9 mardi, confirmant la publication imminente d\u2019un d\u00e9cret pr\u00e9sidentiel.<\/p>\n<p>La Chine ferme la porte des n\u00e9gociations<\/p>\n<p>En vertu d\u2019une loi vot\u00e9e en\u00a02024, ByteDance doit se d\u00e9lester du contr\u00f4le de TikTok sous peine d\u2019interdiction sur le sol am\u00e9ricain. Un accord semblait pourtant proche en avril\u00a0: la version am\u00e9ricaine du r\u00e9seau social devait \u00eatre d\u00e9tach\u00e9e de la maison m\u00e8re chinoise, avec un nouveau tour de table faisant grimper la part des investisseurs non chinois de 60 \u00e0 80\u00a0%. <a href=\"https:\/\/www.20minutes.fr\/dossier\/oracle\" target=\"_blank\" class=\"color-ultramarine c-link\" rel=\"nofollow noopener\">Oracle<\/a>, d\u00e9j\u00e0 h\u00e9bergeur des donn\u00e9es am\u00e9ricaines, devait piloter l\u2019op\u00e9ration, avec le soutien de Blackstone et de Michael Dell.<\/p>\n<\/p>\n<p>Mais la <a href=\"https:\/\/www.20minutes.fr\/dossier\/chine\" target=\"_blank\" class=\"color-ultramarine c-link\" rel=\"nofollow noopener\">Chine<\/a> a brusquement referm\u00e9 la porte, frein\u00e9e par l\u2019annonce de nouveaux droits de douane am\u00e9ricains. Port\u00e9s \u00e0 54\u00a0%, puis relev\u00e9s jusqu\u2019\u00e0 145\u00a0% par Donald Trump, ces tarifs douaniers ont gel\u00e9 les n\u00e9gociations du c\u00f4t\u00e9 de P\u00e9kin. \u00ab\u00a0Il nous faudra probablement l\u2019accord de la Chine d\u2019ici mi-septembre\u00a0\u00bb, a reconnu mardi le pr\u00e9sident am\u00e9ricain, se disant \u00ab\u00a0confiant\u00a0\u00bb dans un feu vert final de <a href=\"https:\/\/www.20minutes.fr\/dossier\/xi_jinping\" target=\"_blank\" class=\"color-ultramarine c-link\" rel=\"nofollow noopener\">Xi Jinping<\/a>.<\/p>\n<p>Rivalit\u00e9 technologique entre les Etats-Unis et la Chine<\/p>\n<p>Pour les analystes, le cas TikTok cristallise une rivalit\u00e9 g\u00e9opolitique qui d\u00e9passe le simple champ du num\u00e9rique. \u00ab\u00a0Ce n\u2019est plus simplement un r\u00e9seau social\u00a0\u00bb, analyse Shweta Singh, professeure \u00e0 l\u2019universit\u00e9 de Warwick. \u00ab\u00a0C\u2019est devenu un symbole de la rivalit\u00e9 technologique entre les Etats-Unis et la Chine.\u00a0\u00bb<\/p>\n<p><a href=\"https:\/\/www.20minutes.fr\/high-tech\/tiktok\/\" target=\"_blank\" class=\"c-link c-btn c-btn--primary\" rel=\"nofollow noopener\">Notre dossier sur TikTok<\/a><\/p>\n<p>Malgr\u00e9 ces tensions diplomatiques, la plateforme n\u2019a jamais \u00e9t\u00e9 aussi populaire. Elle revendique 170\u00a0millions d\u2019utilisateurs aux Etats-Unis, dont 7,5\u00a0millions de comptes professionnels. TikTok figure aujourd\u2019hui en deuxi\u00e8me position des applications les plus t\u00e9l\u00e9charg\u00e9es sur <a href=\"https:\/\/www.20minutes.fr\/high-tech\/android\/\" target=\"_blank\" class=\"color-ultramarine c-link\" rel=\"nofollow noopener\">Android<\/a>, derri\u00e8re <a href=\"https:\/\/www.20minutes.fr\/20-mint\/chatgpt\/\" target=\"_blank\" class=\"color-ultramarine c-link\" rel=\"nofollow noopener\">ChatGPT<\/a>, selon Appfigures.<\/p>\n","protected":false},"excerpt":{"rendered":"Alors que la plateforme TikTok continue de prosp\u00e9rer aux Etats-Unis, la cession de sa filiale am\u00e9ricaine \u00e0 des&hellip;\n","protected":false},"author":2,"featured_media":184570,"comment_status":"","ping_status":"","sticky":false,"template":"","format":"standard","meta":{"footnotes":""},"categories":[1589],"tags":[11,141,309,10514,75,73,1866,142,12,32257,938,2439,1864,1865,1863,308],"class_list":{"0":"post-184569","1":"post","2":"type-post","3":"status-publish","4":"format-standard","5":"has-post-thumbnail","7":"category-etats-unis","8":"tag-actualites","9":"tag-chatgpt","10":"tag-chine","11":"tag-congres-des-etats-unis","12":"tag-donald-trump","13":"tag-etats-unis","14":"tag-etats-unis-damerique","15":"tag-high-tech","16":"tag-news","17":"tag-oracle","18":"tag-reseaux-sociaux","19":"tag-tiktok","20":"tag-united-states","21":"tag-united-states-of-america","22":"tag-us","23":"tag-usa"},"share_on_mastodon":{"url":"https:\/\/pubeurope.com\/@fr\/114701438285093371","error":""},"_links":{"self":[{"href":"https:\/\/www.europesays.com\/fr\/wp-json\/wp\/v2\/posts\/184569","targetHints":{"allow":["GET"]}}],"collection":[{"href":"https:\/\/www.europesays.com\/fr\/wp-json\/wp\/v2\/posts"}],"about":[{"href":"https:\/\/www.europesays.com\/fr\/wp-json\/wp\/v2\/types\/post"}],"author":[{"embeddable":true,"href":"https:\/\/www.europesays.com\/fr\/wp-json\/wp\/v2\/users\/2"}],"replies":[{"embeddable":true,"href":"https:\/\/www.europesays.com\/fr\/wp-json\/wp\/v2\/comments?post=184569"}],"version-history":[{"count":0,"href":"https:\/\/www.europesays.com\/fr\/wp-json\/wp\/v2\/posts\/184569\/revisions"}],"wp:featuredmedia":[{"embeddable":true,"href":"https:\/\/www.europesays.com\/fr\/wp-json\/wp\/v2\/media\/184570"}],"wp:attachment":[{"href":"https:\/\/www.europesays.com\/fr\/wp-json\/wp\/v2\/media?parent=184569"}],"wp:term":[{"taxonomy":"category","embeddable":true,"href":"https:\/\/www.europesays.com\/fr\/wp-json\/wp\/v2\/categories?post=184569"},{"taxonomy":"post_tag","embeddable":true,"href":"https:\/\/www.europesays.com\/fr\/wp-json\/wp\/v2\/tags?post=184569"}],"curies":[{"name":"wp","href":"https:\/\/api.w.org\/{rel}","templated":true}]}}