{"id":184587,"date":"2025-06-18T00:13:09","date_gmt":"2025-06-18T00:13:09","guid":{"rendered":"https:\/\/www.europesays.com\/fr\/184587\/"},"modified":"2025-06-18T00:13:09","modified_gmt":"2025-06-18T00:13:09","slug":"atp-darren-cahill-coach-de-sinner-croyez-le-ou-non-je-suis-avec-jannik-depuis-plus-de-trois-ans-mais-je-le-respecte-encore-plus-apres-cette-finale-de-roland-garros-perdue-contre-alcaraz","status":"publish","type":"post","link":"https:\/\/www.europesays.com\/fr\/184587\/","title":{"rendered":"ATP > Darren Cahill, coach de Sinner : \u00ab\u00a0Croyez-le ou non, je suis avec Jannik depuis plus de trois ans, mais je le respecte encore plus apr\u00e8s cette finale de Roland-Garros perdue contre Alcaraz\u00a0\u00bb"},"content":{"rendered":"<p>De passage sur le podcast d\u2019Andy Roddick, Darren Cahill, co\u2010entra\u00eeneur de Jannik Sinner aux c\u00f4t\u00e9s de Simone Vagnozzi, a fait part de son admi\u00adra\u00adtion pour son joueur suite \u00e0 sa finale perdue face \u00e0 Carlos Alcaraz \u00e0 Roland\u2010Garros.\u00a0<\/p>\n<p><strong>\u00ab\u202fCroyez\u2010le ou non, je suis avec Jannik depuis plus de trois ans, mais je le respecte encore plus apr\u00e8s cette finale. On leur a tous deux demand\u00e9 de donner le meilleur d\u2019eux\u2010m\u00eames, mais ils ont fait encore mieux. Cinq heures et demie de tennis excep\u00adtionnel, sans m\u00eame une pause pipi, ni l\u2019in\u00adter\u00adven\u00adtion d\u2019un kin\u00e9sith\u00e9rapeute.\u202f\u00bb<\/strong><\/p>\n<p class=\"post-published-date\" style=\"color: silver; font-size: 75%; text-align: left;\">Publi\u00e9 le mardi 17 juin 2025 \u00e0 19:45<\/p>\n","protected":false},"excerpt":{"rendered":"De passage sur le podcast d\u2019Andy Roddick, Darren Cahill, co\u2010entra\u00eeneur de Jannik Sinner aux c\u00f4t\u00e9s de Simone Vagnozzi,&hellip;\n","protected":false},"author":2,"featured_media":184588,"comment_status":"","ping_status":"","sticky":false,"template":"","format":"standard","meta":{"footnotes":""},"categories":[1415],"tags":[1744,1011,27,2127,60,1467],"class_list":{"0":"post-184587","1":"post","2":"type-post","3":"status-publish","4":"format-standard","5":"has-post-thumbnail","7":"category-tennis","8":"tag-alcaraz","9":"tag-fr","10":"tag-france","11":"tag-sinner","12":"tag-sports","13":"tag-tennis"},"share_on_mastodon":{"url":"https:\/\/pubeurope.com\/@fr\/114701480973288884","error":""},"_links":{"self":[{"href":"https:\/\/www.europesays.com\/fr\/wp-json\/wp\/v2\/posts\/184587","targetHints":{"allow":["GET"]}}],"collection":[{"href":"https:\/\/www.europesays.com\/fr\/wp-json\/wp\/v2\/posts"}],"about":[{"href":"https:\/\/www.europesays.com\/fr\/wp-json\/wp\/v2\/types\/post"}],"author":[{"embeddable":true,"href":"https:\/\/www.europesays.com\/fr\/wp-json\/wp\/v2\/users\/2"}],"replies":[{"embeddable":true,"href":"https:\/\/www.europesays.com\/fr\/wp-json\/wp\/v2\/comments?post=184587"}],"version-history":[{"count":0,"href":"https:\/\/www.europesays.com\/fr\/wp-json\/wp\/v2\/posts\/184587\/revisions"}],"wp:featuredmedia":[{"embeddable":true,"href":"https:\/\/www.europesays.com\/fr\/wp-json\/wp\/v2\/media\/184588"}],"wp:attachment":[{"href":"https:\/\/www.europesays.com\/fr\/wp-json\/wp\/v2\/media?parent=184587"}],"wp:term":[{"taxonomy":"category","embeddable":true,"href":"https:\/\/www.europesays.com\/fr\/wp-json\/wp\/v2\/categories?post=184587"},{"taxonomy":"post_tag","embeddable":true,"href":"https:\/\/www.europesays.com\/fr\/wp-json\/wp\/v2\/tags?post=184587"}],"curies":[{"name":"wp","href":"https:\/\/api.w.org\/{rel}","templated":true}]}}