{"id":184599,"date":"2025-06-18T00:20:22","date_gmt":"2025-06-18T00:20:22","guid":{"rendered":"https:\/\/www.europesays.com\/fr\/184599\/"},"modified":"2025-06-18T00:20:22","modified_gmt":"2025-06-18T00:20:22","slug":"une-grande-figure-de-larchitecture-est-passee-a-lile-darz","status":"publish","type":"post","link":"https:\/\/www.europesays.com\/fr\/184599\/","title":{"rendered":"Une grande figure de l&rsquo;architecture est pass\u00e9e \u00e0 l&rsquo;\u00eele d&rsquo;Arz"},"content":{"rendered":"<p>            Par<br \/>\n        <strong><br \/>\n            <a href=\"https:\/\/actu.fr\/auteur\/redaction-morbihan\" title=\"Consulter tous les articles de R\u00e9daction Morbihan\" target=\"_blank\" rel=\"noopener\">R\u00e9daction Morbihan<\/a><br \/>\n        <\/strong><\/p>\n<p>        Publi\u00e9 le<\/p>\n<p>            16 juin 2025 \u00e0 14h40<br \/>\n        ; mis \u00e0 jour le 16 juin 2025 \u00e0 19h08    <\/p>\n<p>Le Mus\u00e9e de l\u2019\u00eele d\u2019Arz (<a href=\"https:\/\/actu.fr\/morbihan\/\" target=\"_blank\" rel=\"noopener\">Morbihan<\/a>) accueillait une invit\u00e9e de marque dans le cadre de ses <b>Rencontres &amp; Conf\u00e9rences<\/b> : l\u2019architecte <b>Odile Decq<\/b> \u00e9tait pr\u00e9sente<b> samedi 14 juin 2025 \u00e0 15h <\/b>pour une rencontre.<\/p>\n<p>Une invit\u00e9e de marque\u00a0<\/p>\n<p data-end=\"749\" class=\" wall-content\">Connue pour son<b> style audacieux<\/b>, entre architecture, design et art contemporain, Odile Decq m\u00e8ne depuis des ann\u00e9es une r\u00e9flexion sur la mani\u00e8re dont le corps et les sens<b> interagissent avec l\u2019espace<\/b>.<\/p>\n<p>    <img   decoding=\"async\" loading=\"lazy\" class=\"size-large\" src=\"https:\/\/www.europesays.com\/fr\/wp-content\/uploads\/2025\/06\/5ee695a4c214632f695a4c214f5f69v-960x640.jpg\" alt=\"La Sentinelle d\u2019Odile Decq.\" width=\"960\" height=\"640\"\/><br \/>\n    Ici, la Sentinelle d\u2019Odile Decq. \u00a9Illustration<\/p>\n<p data-end=\"749\" class=\" wall-content\">De la Banque Populaire de l\u2019Ouest \u00e0 Rennes aux grands mus\u00e9es d\u2019art contemporain comme le MACRO \u00e0 Rome ou le FRAC Bretagne, elle con\u00e7oit ses projets comme des parcours, des <b>exp\u00e9riences \u00e0 vivre<\/b>.<\/p>\n<blockquote class=\"ac-article-quote wall-content\">\n<p>Les contraintes sont le d\u00e9fi de l\u2019architecte.<\/p>\n<p>Odile Decq\u00a0<\/p><\/blockquote>\n<p data-end=\"973\" class=\" wall-content\">Un credo qu\u2019elle a su transformer en moteur de cr\u00e9ation, donnant naissance \u00e0 des <b>b\u00e2timents innovants<\/b>, surprenants et toujours en dialogue avec leur environnement.<\/p>\n<p>Vid\u00e9os : en ce moment sur Actu<\/p>\n<p data-end=\"973\" class=\" wall-content\">\n<p data-end=\"1185\" class=\" wall-content\">Cette conf\u00e9rence \u00e9tait l\u2019occasion de d\u00e9couvrir son univers, sa vision de l\u2019architecture et ses inspirations.<\/p>\n<p class=\" wall-content\">Suivez toute l\u2019actualit\u00e9 de vos villes et m\u00e9dias favoris en vous inscrivant \u00e0 <a href=\"https:\/\/moncompte.actu.fr\" title=\"D\u00e9couvez Mon Actu\" rel=\"nofollow noopener\" data-trk=\"{&quot;cta&quot;:{&quot;action&quot;:&quot;https:\\\/\\\/moncompte.actu.fr&quot;,&quot;category&quot;:&quot;mon compte&quot;,&quot;from&quot;:&quot;article footer&quot;,&quot;name&quot;:&quot;Mon actu&quot;,&quot;type&quot;:&quot;cta&quot;}}\" target=\"_blank\">Mon Actu<\/a>.<\/p>\n","protected":false},"excerpt":{"rendered":"Par R\u00e9daction Morbihan Publi\u00e9 le 16 juin 2025 \u00e0 14h40 ; mis \u00e0 jour le 16 juin 2025&hellip;\n","protected":false},"author":2,"featured_media":184600,"comment_status":"","ping_status":"","sticky":false,"template":"","format":"standard","meta":{"footnotes":""},"categories":[1358],"tags":[1477,1348,1384,1385,26972,1386,58,59,3696,1011,27],"class_list":{"0":"post-184599","1":"post","2":"type-post","3":"status-publish","4":"format-standard","5":"has-post-thumbnail","7":"category-arts-et-design","8":"tag-artisanat","9":"tag-arts","10":"tag-arts-and-design","11":"tag-arts-et-design","12":"tag-bretagne-sud","13":"tag-design","14":"tag-divertissement","15":"tag-entertainment","16":"tag-evenements","17":"tag-fr","18":"tag-france"},"share_on_mastodon":{"url":"https:\/\/pubeurope.com\/@fr\/114701508593466673","error":""},"_links":{"self":[{"href":"https:\/\/www.europesays.com\/fr\/wp-json\/wp\/v2\/posts\/184599","targetHints":{"allow":["GET"]}}],"collection":[{"href":"https:\/\/www.europesays.com\/fr\/wp-json\/wp\/v2\/posts"}],"about":[{"href":"https:\/\/www.europesays.com\/fr\/wp-json\/wp\/v2\/types\/post"}],"author":[{"embeddable":true,"href":"https:\/\/www.europesays.com\/fr\/wp-json\/wp\/v2\/users\/2"}],"replies":[{"embeddable":true,"href":"https:\/\/www.europesays.com\/fr\/wp-json\/wp\/v2\/comments?post=184599"}],"version-history":[{"count":0,"href":"https:\/\/www.europesays.com\/fr\/wp-json\/wp\/v2\/posts\/184599\/revisions"}],"wp:featuredmedia":[{"embeddable":true,"href":"https:\/\/www.europesays.com\/fr\/wp-json\/wp\/v2\/media\/184600"}],"wp:attachment":[{"href":"https:\/\/www.europesays.com\/fr\/wp-json\/wp\/v2\/media?parent=184599"}],"wp:term":[{"taxonomy":"category","embeddable":true,"href":"https:\/\/www.europesays.com\/fr\/wp-json\/wp\/v2\/categories?post=184599"},{"taxonomy":"post_tag","embeddable":true,"href":"https:\/\/www.europesays.com\/fr\/wp-json\/wp\/v2\/tags?post=184599"}],"curies":[{"name":"wp","href":"https:\/\/api.w.org\/{rel}","templated":true}]}}