{"id":1846,"date":"2025-04-04T04:47:04","date_gmt":"2025-04-04T04:47:04","guid":{"rendered":"https:\/\/www.europesays.com\/fr\/1846\/"},"modified":"2025-04-04T04:47:04","modified_gmt":"2025-04-04T04:47:04","slug":"avant-premiere-plus-belle-la-vie-encore-plus-belle-du-vendredi-4-avril-2025-episode-304-tf1","status":"publish","type":"post","link":"https:\/\/www.europesays.com\/fr\/1846\/","title":{"rendered":"Avant-premi\u00e8re &#8211; Plus belle la vie, encore plus belle du vendredi 4 avril 2025 &#8211; Episode 304 &#8211; TF1+"},"content":{"rendered":"<ol>\n<li><a href=\"https:\/\/news.google.com\/rss\/articles\/CBMi4wFBVV95cUxQd2NGMjBmcmZfNFd1ZFRtLU1zeGQxc0pDWEN0VEo5RmFMMTNMWE5vNS1aSkhMd3EtSUxldjkzSzVEc1dmV3VkeWhrN2YyY3Jqb1NOV1I5V1JQTjl4d0o2TlFXNG5EaGJUZm1tS25mX1haLVIyMGdFZTQ5Uzh0MlIwbjQ4QWFBUGFiRkx3TF93OXV2ODQwNy1fMm1LUUpsRmF6T05mNzJoNGNYNkJkS0ZMQjA5M09nVWdCSExYM1BUZmhLUFduNk5tclFYLWJxM0Y5R21hb0RhSHJ6dXd2TUJjdzZ4dw?oc=5\" target=\"_blank\" rel=\"noopener\">Avant-premi\u00e8re &#8211; Plus belle la vie, encore plus belle du vendredi 4 avril 2025 &#8211; Episode 304<\/a>&nbsp;&nbsp;TF1+<\/li>\n<li><a href=\"https:\/\/news.google.com\/rss\/articles\/CBMifkFVX3lxTE1LTVBVYUxNci1jU0x4dEJJTW5fWjA5V2FBV3JGUHVVTlFxMXdnTVpadEJ6ZlpQTG1yTWpBSHdQN2RZTVJqNWtlVEk4azBobDJjN0tHcUpvb3RRclF2QVZIdnhSZGRfSDA3eGUyNXQ2NGswdzFfcTBmai1MZ2d0dw?oc=5\" target=\"_blank\" rel=\"noopener\">Plus belle la vie en avance : ce qui vous attend dans l&rsquo;\u00e9pisode 305 du lundi 7 avril 2025 [SPOILERS]<\/a>&nbsp;&nbsp;AlloCin\u00e9<\/li>\n<li><a href=\"https:\/\/news.google.com\/rss\/articles\/CBMihgNBVV95cUxPN3htOGRId0pyM3NaQk15bHA2T0doRjNpUElvSDM1ajZEODBsQngtYmJFZ1h0M0tpUEEyWXAzRnRlUWpNTDNTRE02Q0Y0c3FyT2FTLVZzQmF2Y21ob2pMbmhqbTBCWnVkZ0ZpX1RZQ3NhX21lcjY0cktxNlhfT2xIcHdVX1FpbnBCbHYtOVBiTjFhVUNlWGhhOHR4MEw5VWg3eVJLUVg1dG9wMEFCN1NBOGwtY0l6N1NlRnd0Z21wSG9KV1l5MjBmOEM1eXFTOXVHenNmZkFnZ3lyUVo5SE1FVGdvUFdsYUpSbFVJZVpPbkdwd21rcERzdmY0bEMtaEJhNHh6U3pZbm9fOWExc2lHYmRuZjNOcmRMVGNkTHc5MWF1RzdBQmF1Qm40RHYwTE5LVUF1ci1BekI1dEpKZDJEZjJfWmVyTm9sTm55YmtpYUNxRVhhT0k2MTRqbmRmMjNHOTl0U3lCVmNqc2c2MVpXME1nMTkzV2NFNDVDVEdVU3AxeGJGSnc?oc=5\" target=\"_blank\" rel=\"noopener\">Plus belle la vie en avance : Idriss et Samuel ont la preuve que Charles a tu\u00e9 Alix, l&rsquo;op\u00e9ration de L\u00e9a est compromise, Thomas et Gabriel acceptent de divorcer \u00e0 l&rsquo;amiable&#8230; Le r\u00e9sum\u00e9 de l&rsquo;\u00e9pisode 304 du vendredi 4 avril 2025<\/a>&nbsp;&nbsp;programme-tv.net<\/li>\n<li><a href=\"https:\/\/news.google.com\/rss\/articles\/CBMi-AFBVV95cUxQbl9zS1N6V2JFcnlUNDhXYlE4ejIzdnBlbENyNTlHRW53NTZMYWNnS1pveWVMdWM2OV8yT181OUhLeUhkNTN1c0lIT3dxR3ZlWHdaR1NUWUh6c2cwUjdRcnpHMmxRY1JBaE9wUXJ1OU9YLXRjcFlPSk1hdUdaekMxTkY5a0ZUQTFBQ2dSVmFwZy1WR3E1eTJyUmdLMFc1d2paNFVCMTJGSkJPZWU2cGxTcDFNWnphb0lQV1p0Mnl2aHlhS3pjSllqNXlIYUlLRWppMlJQRmp1eUlCeERnaHVSWXc1TkR5NXRBQ05nbGVjOEFJUVY5LVE4UA?oc=5\" target=\"_blank\" rel=\"noopener\">Samuel en larmes : la v\u00e9rit\u00e9 est trop dure, Idriss prend les choses en main &#8211; Plus belle la vie 7 avril 2025 (\u00e9pisode 305 &#8211; r\u00e9sum\u00e9 complet PBLV)<\/a>&nbsp;&nbsp;Nouveaut\u00e9s-T\u00e9l\u00e9.com<\/li>\n<li><a href=\"https:\/\/news.google.com\/rss\/articles\/CBMikAJBVV95cUxOcG9uSWRtbTJvejUwX2VtM3lGQnZqWm0xQUZMd09XRUR0VThhTjlFaTE5Vm55SmNzc3FqV1NQV1ZGaGpMY3pGbk9yRzYwQndjMnRjMVdSblBzM2F2Wlp3eG1YTDkxQTRIdDdoNHh0YWNDSFB1ZGdFdjJseFlKQ2JFenQwRlhpTGxBbUdCSm1yWU5nZ1lWdkhBNnNJaS1adUF1eml0RmRubnhNT1JSak5ncmdrT0RSdzhMMkhUUTh2bDJTZnB1eUoyZnFwOXk5RkFmNXplR2c5VDZfN2Nxa3VWN2M1UUUwYUpXMGNLX1VFNnAtZ1hrSWswakRVOE5vTjJERHpjZ0Z5ejlmMG02S1g2SA?oc=5\" target=\"_blank\" rel=\"noopener\">Plus Belle La Vie, Encore Plus Belle : \u00ab\u00a0Il y a un endroit qu\u2019on n\u2019a pas v\u00e9rifi\u00e9&#8230;\u00a0\u00bb Le r\u00e9sum\u00e9 du 04 avril (SPOILERS)<\/a>&nbsp;&nbsp;T\u00e9l\u00e9 7 Jours<\/li>\n<\/ol>\n","protected":false},"excerpt":{"rendered":"Avant-premi\u00e8re &#8211; Plus belle la vie, encore plus belle du vendredi 4 avril 2025 &#8211; Episode 304&nbsp;&nbsp;TF1+ Plus&hellip;\n","protected":false},"author":2,"featured_media":1847,"comment_status":"","ping_status":"","sticky":false,"template":"","format":"standard","meta":{"footnotes":""},"categories":[1356],"tags":[58,1367,1369,59,1365,1366,1011,27,1368,1371,252,1364,1372,1370],"class_list":{"0":"post-1846","1":"post","2":"type-post","3":"status-publish","4":"format-standard","5":"has-post-thumbnail","7":"category-television","8":"tag-divertissement","9":"tag-encore-plus-belle","10":"tag-encore-plus-belle-episode","11":"tag-entertainment","12":"tag-episode","13":"tag-episode-plus-belle-la-vie","14":"tag-fr","15":"tag-france","16":"tag-plus-belle-la-vie","17":"tag-streaming-plus-belle-la-vie","18":"tag-television","19":"tag-tv","20":"tag-video-en-streaming-plus-belle-la-vie","21":"tag-video-plus-belle-la-vie"},"share_on_mastodon":{"url":"","error":""},"_links":{"self":[{"href":"https:\/\/www.europesays.com\/fr\/wp-json\/wp\/v2\/posts\/1846","targetHints":{"allow":["GET"]}}],"collection":[{"href":"https:\/\/www.europesays.com\/fr\/wp-json\/wp\/v2\/posts"}],"about":[{"href":"https:\/\/www.europesays.com\/fr\/wp-json\/wp\/v2\/types\/post"}],"author":[{"embeddable":true,"href":"https:\/\/www.europesays.com\/fr\/wp-json\/wp\/v2\/users\/2"}],"replies":[{"embeddable":true,"href":"https:\/\/www.europesays.com\/fr\/wp-json\/wp\/v2\/comments?post=1846"}],"version-history":[{"count":0,"href":"https:\/\/www.europesays.com\/fr\/wp-json\/wp\/v2\/posts\/1846\/revisions"}],"wp:featuredmedia":[{"embeddable":true,"href":"https:\/\/www.europesays.com\/fr\/wp-json\/wp\/v2\/media\/1847"}],"wp:attachment":[{"href":"https:\/\/www.europesays.com\/fr\/wp-json\/wp\/v2\/media?parent=1846"}],"wp:term":[{"taxonomy":"category","embeddable":true,"href":"https:\/\/www.europesays.com\/fr\/wp-json\/wp\/v2\/categories?post=1846"},{"taxonomy":"post_tag","embeddable":true,"href":"https:\/\/www.europesays.com\/fr\/wp-json\/wp\/v2\/tags?post=1846"}],"curies":[{"name":"wp","href":"https:\/\/api.w.org\/{rel}","templated":true}]}}