{"id":184613,"date":"2025-06-18T00:27:09","date_gmt":"2025-06-18T00:27:09","guid":{"rendered":"https:\/\/www.europesays.com\/fr\/184613\/"},"modified":"2025-06-18T00:27:09","modified_gmt":"2025-06-18T00:27:09","slug":"jeremy-frerot-et-shym-premier-tapis-rouge-ensemble-aussi-canon-lun-que-lautre","status":"publish","type":"post","link":"https:\/\/www.europesays.com\/fr\/184613\/","title":{"rendered":"Jeremy Fr\u00e9rot et Shy\u2019m : premier tapis rouge ensemble, aussi canon l\u2019un que l\u2019autre"},"content":{"rendered":"<p>Une apparition remarqu\u00e9e, dans une robe qui lui va \u00e0 ravir. Ce mardi 17 juin 2025, Shy\u2019m sera la ma\u00eetresse de c\u00e9r\u00e9monie pour la c\u00e9r\u00e9monie de cl\u00f4ture du 64e Festival de T\u00e9l\u00e9vision de Monte Carlo, sur la sc\u00e8ne du Grimaldi Forum.<\/p>\n<p>Pour l\u2019occasion, la chanteuse sera \u00e9paul\u00e9e par l\u2019acteur anglais\u00a0Ricky Whittle pour remettre les pr\u00e9cieuses Nymphes. Nos confr\u00e8res de Paris Match, pr\u00e9sents \u00e0 l\u2019\u00e9v\u00e9nement, ont d\u2019ailleurs pu immortaliser l\u2019arriv\u00e9e de la chanteuse sur le tapis bleu de la c\u00e9r\u00e9monie. L\u2019occasion de d\u00e9couvrir la pr\u00e9sence de <a href=\"https:\/\/www.public.fr\/jeremy-frerot-sa-chanson-dadieu-a-laure-manaudou-evidemment-quelle-a-ete-touchee\" target=\"_blank\" rel=\"noopener\">J\u00e9r\u00e9my Fr\u00e9rot<\/a>, \u00e0 quelques m\u00e8tres seulement de l\u2019artiste.<\/p>\n<p>Des rumeurs qui vont bon train<\/p>\n<p>Une proximit\u00e9 qui pourraient relancer les rumeurs au sujet des deux chanteurs. En effet, l\u2019an dernier, nombre d\u2019internautes \u00e9taient persuad\u00e9s que Shy\u2019m et <a href=\"https:\/\/vsd.fr\/79004-jeremy-frerot-a-eu-honte-revelation-inedite-sur-son-ancien-groupe\/\" target=\"_blank\" rel=\"noopener\">J\u00e9r\u00e9my Fr\u00e9rot<\/a> passaient de nombreux moments ensemble.<\/p>\n<p>Notamment lorsque des clich\u00e9s partag\u00e9s sur leurs r\u00e9seaux sociaux prouvaient qu\u2019ils s\u00e9journaient au m\u00eame endroit, du c\u00f4t\u00e9 du bassin d\u2019Arcachon. Aucun clich\u00e9 ne les montrait ensemble. N\u00e9anmoins des paysages identiques et la pr\u00e9sence d\u2019amis communs sur leurs publications ont aliment\u00e9 les sp\u00e9culations.<\/p>\n<p>Quelques mois plus tard, une nouvelle publication a fait r\u00e9agir les internautes. En effet, \u00e0 quelques jours d\u2019intervalle, Shy\u2019m et J\u00e9r\u00e9my Fr\u00e9rot ont partag\u00e9 un carrousel de photos semblables. <a href=\"https:\/\/www.public.fr\/shym-et-jeremy-frerot-en-plein-road-trip-la-chanteuse-apparait-entierement-nue-dans-le-van-du-chanteur\" target=\"_blank\" rel=\"noopener\">La pr\u00e9sence d\u2019un van rouge<\/a>, dans les deux publications respectives, a mis les fans en \u00e9bullition.<\/p>\n<p>Shy&rsquo;m et J\u00e9r\u00e9my Fr\u00e9rot, de nouveau aper\u00e7us ensemble<\/p>\n<p>\u00ab\u00a0Le m\u00eame van que J\u00e9r\u00e9my, on vous a grill\u00e9s\u00a0\u00bb, \u00ab\u00a0J\u00e9r\u00e9my et Shy\u2019m, on a rep\u00e9r\u00e9 les indices\u00a0\u00bb, ont r\u00e9agi certains internautes en d\u00e9couvrant les publications similaires. N\u00e9anmoins, aucun des deux artistes n\u2019a \u00e9voqu\u00e9 leur relation ou sa nature.<\/p>\n<p>Dans tous les cas, les deux se trouvaient une nouvelle fois au m\u00eame endroit, au m\u00eame moment il y a quelques heures. <\/p>\n<p>Shy\u2019m, ma\u00eetresse de la c\u00e9r\u00e9monie de cl\u00f4ture du 64e Festival de T\u00e9l\u00e9vision de Monte Carlo est apparue sur le tapis bleu de l\u2019\u00e9v\u00e9nement, alors que J\u00e9r\u00e9my Fr\u00e9rot se trouvait \u00e0 seulement quelques m\u00e8tres comme l\u2019ont d\u00e9voil\u00e9 nos confr\u00e8res de Paris Match dans une vid\u00e9o publi\u00e9e sur Instagram.<\/p>\n<p>      Mentionn\u00e9s dans cet article<\/p>\n<p>\u00c0 lire aussi<\/p>\n","protected":false},"excerpt":{"rendered":"Une apparition remarqu\u00e9e, dans une robe qui lui va \u00e0 ravir. Ce mardi 17 juin 2025, Shy\u2019m sera&hellip;\n","protected":false},"author":2,"featured_media":184614,"comment_status":"","ping_status":"","sticky":false,"template":"","format":"standard","meta":{"footnotes":""},"categories":[8],"tags":[58,59,1011,27,6882,32262],"class_list":{"0":"post-184613","1":"post","2":"type-post","3":"status-publish","4":"format-standard","5":"has-post-thumbnail","7":"category-divertissement","8":"tag-divertissement","9":"tag-entertainment","10":"tag-fr","11":"tag-france","12":"tag-jeremy-frerot","13":"tag-shym"},"share_on_mastodon":{"url":"https:\/\/pubeurope.com\/@fr\/114701536152090424","error":""},"_links":{"self":[{"href":"https:\/\/www.europesays.com\/fr\/wp-json\/wp\/v2\/posts\/184613","targetHints":{"allow":["GET"]}}],"collection":[{"href":"https:\/\/www.europesays.com\/fr\/wp-json\/wp\/v2\/posts"}],"about":[{"href":"https:\/\/www.europesays.com\/fr\/wp-json\/wp\/v2\/types\/post"}],"author":[{"embeddable":true,"href":"https:\/\/www.europesays.com\/fr\/wp-json\/wp\/v2\/users\/2"}],"replies":[{"embeddable":true,"href":"https:\/\/www.europesays.com\/fr\/wp-json\/wp\/v2\/comments?post=184613"}],"version-history":[{"count":0,"href":"https:\/\/www.europesays.com\/fr\/wp-json\/wp\/v2\/posts\/184613\/revisions"}],"wp:featuredmedia":[{"embeddable":true,"href":"https:\/\/www.europesays.com\/fr\/wp-json\/wp\/v2\/media\/184614"}],"wp:attachment":[{"href":"https:\/\/www.europesays.com\/fr\/wp-json\/wp\/v2\/media?parent=184613"}],"wp:term":[{"taxonomy":"category","embeddable":true,"href":"https:\/\/www.europesays.com\/fr\/wp-json\/wp\/v2\/categories?post=184613"},{"taxonomy":"post_tag","embeddable":true,"href":"https:\/\/www.europesays.com\/fr\/wp-json\/wp\/v2\/tags?post=184613"}],"curies":[{"name":"wp","href":"https:\/\/api.w.org\/{rel}","templated":true}]}}