{"id":18462,"date":"2025-04-11T22:55:11","date_gmt":"2025-04-11T22:55:11","guid":{"rendered":"https:\/\/www.europesays.com\/fr\/18462\/"},"modified":"2025-04-11T22:55:11","modified_gmt":"2025-04-11T22:55:11","slug":"monaco-marseille-roberto-de-zerbi-annonce-la-couleur","status":"publish","type":"post","link":"https:\/\/www.europesays.com\/fr\/18462\/","title":{"rendered":"Monaco &#8211; Marseille, Roberto De Zerbi annonce la couleur"},"content":{"rendered":"<p data-testid=\"article-teaser\">Roberto De Zerbi a lanc\u00e9 les hostilit\u00e9s pour le choc entre Monaco et l\u2019OM, vendredi. <\/p>\n<p><a href=\"https:\/\/www.goal.com\/fr\/parier-en-ligne\/pronostic-monaco-marseille-12-avril\/bltdade2bcf5d99839b\" target=\"_self\" rel=\"noopener\">L\u2019Olympique de Marseille d\u00e9fie l\u2019AS Monaco, samedi, pour le compte de la 29e journ\u00e9e de Ligue 1<\/a>. En pr\u00e9lude \u00e0 ce choc, Roberto De Zerbi \u00e9tait pr\u00e9sent en conf\u00e9rence de presse, ce vendredi. L\u2019occasion pour le technicien italien d\u2019\u00e9voquer les derni\u00e8res actualit\u00e9s \u00e0 l\u2019OM tout en se projetant sur le match face \u00e0 l\u2019ASM.<\/p>\n<p>L&rsquo;article continue ci-dessous<\/p>\n","protected":false},"excerpt":{"rendered":"Roberto De Zerbi a lanc\u00e9 les hostilit\u00e9s pour le choc entre Monaco et l\u2019OM, vendredi. L\u2019Olympique de Marseille&hellip;\n","protected":false},"author":2,"featured_media":18463,"comment_status":"","ping_status":"","sticky":false,"template":"","format":"standard","meta":{"footnotes":""},"categories":[2814],"tags":[1111,11,1777,674,1011,27,66,884,3127,7330,12,882,7329,25],"class_list":{"0":"post-18462","1":"post","2":"type-post","3":"status-publish","4":"format-standard","5":"has-post-thumbnail","7":"category-marseille","8":"tag-actu","9":"tag-actualites","10":"tag-eu","11":"tag-europe","12":"tag-fr","13":"tag-france","14":"tag-ligue-1","15":"tag-marseille","16":"tag-monaco","17":"tag-monaco-vs-marseille","18":"tag-news","19":"tag-provence-alpes-cote-dazur","20":"tag-r-de-zerbi","21":"tag-republique-francaise"},"share_on_mastodon":{"url":"https:\/\/pubeurope.com\/@fr\/114321799634305318","error":""},"_links":{"self":[{"href":"https:\/\/www.europesays.com\/fr\/wp-json\/wp\/v2\/posts\/18462","targetHints":{"allow":["GET"]}}],"collection":[{"href":"https:\/\/www.europesays.com\/fr\/wp-json\/wp\/v2\/posts"}],"about":[{"href":"https:\/\/www.europesays.com\/fr\/wp-json\/wp\/v2\/types\/post"}],"author":[{"embeddable":true,"href":"https:\/\/www.europesays.com\/fr\/wp-json\/wp\/v2\/users\/2"}],"replies":[{"embeddable":true,"href":"https:\/\/www.europesays.com\/fr\/wp-json\/wp\/v2\/comments?post=18462"}],"version-history":[{"count":0,"href":"https:\/\/www.europesays.com\/fr\/wp-json\/wp\/v2\/posts\/18462\/revisions"}],"wp:featuredmedia":[{"embeddable":true,"href":"https:\/\/www.europesays.com\/fr\/wp-json\/wp\/v2\/media\/18463"}],"wp:attachment":[{"href":"https:\/\/www.europesays.com\/fr\/wp-json\/wp\/v2\/media?parent=18462"}],"wp:term":[{"taxonomy":"category","embeddable":true,"href":"https:\/\/www.europesays.com\/fr\/wp-json\/wp\/v2\/categories?post=18462"},{"taxonomy":"post_tag","embeddable":true,"href":"https:\/\/www.europesays.com\/fr\/wp-json\/wp\/v2\/tags?post=18462"}],"curies":[{"name":"wp","href":"https:\/\/api.w.org\/{rel}","templated":true}]}}