{"id":184630,"date":"2025-06-18T00:38:29","date_gmt":"2025-06-18T00:38:29","guid":{"rendered":"https:\/\/www.europesays.com\/fr\/184630\/"},"modified":"2025-06-18T00:38:29","modified_gmt":"2025-06-18T00:38:29","slug":"bielle-biarrey-absent-contre-toulon","status":"publish","type":"post","link":"https:\/\/www.europesays.com\/fr\/184630\/","title":{"rendered":"Bielle-Biarrey absent contre Toulon ?"},"content":{"rendered":"<p>Ce pourrait \u00eatre un petit coup de tonnerre. A quelques jours de la demi-finale contre le RCT (samedi, 21h05), <strong>l\u2019Union Bordeaux-B\u00e8gles devrait se passer de son ailier et serial marqueur, Louis Bielle-Biarrey<\/strong>. <\/p>\n<p>Selon les informations de Midi Olympique <strong>le supersonique joueur souffre toujours de maux de t\u00eate<\/strong> contract\u00e9s suite \u00e0 la victoire contre Vannes. Le bihebdomadaire croit savoir que <strong>son forfait pour la demi-finale est \u201cact\u00e9 \u00e0 90%\u201d<\/strong>. Le staff girondin, qui l\u2019avait dispens\u00e9 de stage \u00e0 Capbreton la semaine pass\u00e9e <strong>ne veut prendre aucun risque et laissera son joueur au repos<\/strong> malgr\u00e9 la volont\u00e9 de ce dernier de prendre part \u00e0 la rencontre.<\/p>\n<p>Cependant, en cas de qualification pour la finale <strong>\u201cLBB\u201d devrait bien \u00eatre de retour<\/strong> sur les ailes de sa formation. Meilleur marqueur du Top 14 ave treize essais en quinze matchs, son absence serait forc\u00e9ment pr\u00e9judiciable pour l\u2019Union Bordeaux-B\u00e8gles. Arthur Reti\u00e8re ou Pablo Uberti le rempla\u00e7eront. <\/p>\n<p>Biberonn\u00e9 au rugby, tomb\u00e9 malade de ce sport lors de la Coupe du Monde 2003, alors que je savais \u00e0 peine marcher, je suis le seul sudiste ayant reni\u00e9 le Stade Toulousain pour l\u2019autre Stade\u2026 Fran\u00e7ais. Condamn\u00e9 \u00e0 souffrir avec mon club de c\u0153ur, j\u2019esp\u00e8re vous transmettre mon amour pour la balle ovale \u00e0 travers XV Ovalie !<\/p>\n","protected":false},"excerpt":{"rendered":"Ce pourrait \u00eatre un petit coup de tonnerre. A quelques jours de la demi-finale contre le RCT (samedi,&hellip;\n","protected":false},"author":2,"featured_media":184631,"comment_status":"","ping_status":"","sticky":false,"template":"","format":"standard","meta":{"footnotes":""},"categories":[9619],"tags":[1111,11,1777,674,1011,27,12099,12,882,8177,25,478,2310,15607],"class_list":{"0":"post-184630","1":"post","2":"type-post","3":"status-publish","4":"format-standard","5":"has-post-thumbnail","7":"category-toulon","8":"tag-actu","9":"tag-actualites","10":"tag-eu","11":"tag-europe","12":"tag-fr","13":"tag-france","14":"tag-louis-bielle-biarrey","15":"tag-news","16":"tag-provence-alpes-cote-dazur","17":"tag-rc-toulon","18":"tag-republique-francaise","19":"tag-top-14","20":"tag-toulon","21":"tag-union-bordeaux-bu00e8gles"},"share_on_mastodon":{"url":"https:\/\/pubeurope.com\/@fr\/114701579255171840","error":""},"_links":{"self":[{"href":"https:\/\/www.europesays.com\/fr\/wp-json\/wp\/v2\/posts\/184630","targetHints":{"allow":["GET"]}}],"collection":[{"href":"https:\/\/www.europesays.com\/fr\/wp-json\/wp\/v2\/posts"}],"about":[{"href":"https:\/\/www.europesays.com\/fr\/wp-json\/wp\/v2\/types\/post"}],"author":[{"embeddable":true,"href":"https:\/\/www.europesays.com\/fr\/wp-json\/wp\/v2\/users\/2"}],"replies":[{"embeddable":true,"href":"https:\/\/www.europesays.com\/fr\/wp-json\/wp\/v2\/comments?post=184630"}],"version-history":[{"count":0,"href":"https:\/\/www.europesays.com\/fr\/wp-json\/wp\/v2\/posts\/184630\/revisions"}],"wp:featuredmedia":[{"embeddable":true,"href":"https:\/\/www.europesays.com\/fr\/wp-json\/wp\/v2\/media\/184631"}],"wp:attachment":[{"href":"https:\/\/www.europesays.com\/fr\/wp-json\/wp\/v2\/media?parent=184630"}],"wp:term":[{"taxonomy":"category","embeddable":true,"href":"https:\/\/www.europesays.com\/fr\/wp-json\/wp\/v2\/categories?post=184630"},{"taxonomy":"post_tag","embeddable":true,"href":"https:\/\/www.europesays.com\/fr\/wp-json\/wp\/v2\/tags?post=184630"}],"curies":[{"name":"wp","href":"https:\/\/api.w.org\/{rel}","templated":true}]}}