{"id":184632,"date":"2025-06-18T00:39:14","date_gmt":"2025-06-18T00:39:14","guid":{"rendered":"https:\/\/www.europesays.com\/fr\/184632\/"},"modified":"2025-06-18T00:39:14","modified_gmt":"2025-06-18T00:39:14","slug":"des-individus-armes-investissent-une-villa-en-menant-une-expedition-punitive-nocturne","status":"publish","type":"post","link":"https:\/\/www.europesays.com\/fr\/184632\/","title":{"rendered":"des individus arm\u00e9s investissent une villa en menant une exp\u00e9dition punitive nocturne"},"content":{"rendered":"<p>            Par<br \/>\n        <strong><br \/>\n            <a href=\"https:\/\/actu.fr\/auteur\/jm-aubert\" title=\"Consulter tous les articles de Jean-Marc Aubert\" target=\"_blank\" rel=\"noopener\">Jean-Marc Aubert<\/a><br \/>\n        <\/strong><\/p>\n<p>        Publi\u00e9 le<\/p>\n<p>            17 juin 2025 \u00e0 16h26<br \/>\n        ; mis \u00e0 jour le 17 juin 2025 \u00e0 16h37    <\/p>\n<p>Une violente <strong>exp\u00e9dition punitive\u00a0arm\u00e9e<\/strong> a \u00e9t\u00e9 men\u00e9e, dans la nuit de ce samedi 14 juin \u00e0 ce dimanche 15 juin 2025, dans un pavillon du quartier de la Martelle, \u00e0 <strong>Montpellier. <\/strong>Une plainte contre X a \u00e9t\u00e9 d\u00e9pos\u00e9e d\u00e8s dimanche au commissariat central, o\u00f9 une enqu\u00eate est diligent\u00e9e. <strong>R\u00e9cit.<\/strong><\/p>\n<p>    <a href=\"https:\/\/www.google.com\/maps\/embed?pb=!1m18!1m12!1m3!1d14678.97822824259!2d3.8191091137736466!3d43.6019781356092!2m3!1f0!2f0!3f0!3m2!1i1024!2i768!4f13.1!3m3!1m2!1s0x12b6ae775f029f83%3A0x24425b54c76ade16!2sLa%20Martelle%2C%20Montpellier!5e0!3m2!1sfr!2sfr!4v1750168382891!5m2!1sfr!2sfr\" title=\"Ouvrie le lien\" target=\"_blank\" rel=\"noopener\">Cliquez ici pour visualiser le contenu<\/a><\/p>\n<p class=\" wall-content\">Ce samedi soir, un adolescent de 15 ans c\u00e9l\u00e9brait son anniversaire entour\u00e9 d\u2019une vingtaine d\u2019amis au domicile familial, non loin de l\u2019Hermitage, dans le quartier de la Martelle, en l\u2019absence de ses parents, inform\u00e9s bien s\u00fbr de l\u2019\u00e9v\u00e9nement. La soir\u00e9e, qui s\u2019annon\u00e7ait conviviale et festive a malheureusement bascul\u00e9 dans l\u2019angoisse et la violence.\u00a0Vers 2h, deux invit\u00e9s sont sortis de la f\u00eate pour rejoindre une rue parall\u00e8le. Inquiets, plusieurs amis sont partis \u00e0 leur recherche. Sur le chemin, ils ont crois\u00e9 trois individus qui r\u00f4daient dans le quartier et qui ont alors tent\u00e9 de racketter l\u2019un d\u2019eux. Alert\u00e9s, les autres adolescents de la soir\u00e9e sont sortis en groupe pour soutenir leur camarade.<\/p>\n<p class=\" wall-content\">Face \u00e0 leur nombre, les agresseurs ont pris la fuite.\u00a0Cependant, l\u2019incident ne s\u2019est pas arr\u00eat\u00e9 l\u00e0. Un des invit\u00e9s a \u00e9chang\u00e9 ses coordonn\u00e9es<strong> Snapchat<\/strong> avec l\u2019un des agresseurs, laissant croire \u00e0 ce dernier qu\u2019il pourrait s\u2019inviter \u00e0 la f\u00eate, alors qu\u2019il s\u2019agissait d\u2019un malentendu.<\/p>\n<p>Pied-de-biche, barre de fer et couteaux<\/p>\n<p class=\" wall-content\">S\u2019en est suivi un \u00e9change de messages provocateurs et d\u2019insultes.\u00a0Vers 5h30, quatre jeunes, vraisemblablement mineurs \u00e2g\u00e9s de 15 \u00e0 16 ans, peut-\u00eatre 17 ans semble t-il, ont fait irruption dans la villa arm\u00e9s d\u2019un pied-de-biche, d\u2019une barre de fer, et se sont empar\u00e9s de couteaux rang\u00e9s dans la cuisine. Ils ont d\u2019abord frapp\u00e9 violemment la porte d\u2019entr\u00e9e, puis sont entr\u00e9s dans la maison, s\u2019attaquant \u00e0 une porte vitr\u00e9e du salon. Ils ont menac\u00e9 plusieurs adolescents, certains ont \u00e9t\u00e9 attrap\u00e9s par le col, tandis que les agresseurs brandissaient des couteaux.\u00a0En qu\u00eate du gar\u00e7on qui les avait provoqu\u00e9s par messages, ils ont poursuivi leur intrusion \u00e0 l\u2019\u00e9tage.<\/p>\n<p>Vid\u00e9os : en ce moment sur Actu<\/p>\n<p class=\" wall-content\">Les participants \u00e0 cette f\u00eate, paniqu\u00e9s, se sont r\u00e9fugi\u00e9s dans les chambres, barricadant la porte avec une armoire. Les agresseurs ont tent\u00e9 de forcer l\u2019acc\u00e8s \u00e0 coups de pied-de-biche, puis se sont dirig\u00e9s vers la chambre de la fille du couple o\u00f9 avait lieu cette soir\u00e9e, brisant la porte-fen\u00eatre et projetant des \u00e9clats de verre sur les jeunes r\u00e9fugi\u00e9s sur la terrasse.\u00a0N\u2019ayant pas trouv\u00e9 la personne recherch\u00e9e, les agresseurs ont quitt\u00e9 la maison, non sans avoir endommag\u00e9 une vitre arri\u00e8re d\u2019une voiture stationn\u00e9e devant la maison.<\/p>\n<p>Vid\u00e9osurveillance<\/p>\n<p class=\" wall-content\">Gr\u00e2ce au syst\u00e8me de <strong>vid\u00e9osurveillance<\/strong>, la famille a pu r\u00e9cup\u00e9rer des images de l\u2019attaque, qui n\u2019aura dur\u00e9 que cinq minutes.\u00a0Heureusement, aucun bless\u00e9 n\u2019est \u00e0 d\u00e9plorer. \u00ab\u00a0Les adolescents ont eu le bon r\u00e9flexe de se cacher et de ne pas tenter de s\u2019interposer, \u00e9vitant ainsi un drame. Mais le traumatisme reste profond : voir des individus p\u00e9n\u00e9trer chez soi, briser des objets et menacer avec des armes laisse des traces ind\u00e9l\u00e9biles\u00a0\u00bb, t\u00e9moigne une m\u00e8re de famille encore en \u00e9tat de choc.<\/p>\n<p class=\" wall-content\">La <strong>police nationale<\/strong> est intervenue rapidement, dans les quinze minutes suivant l\u2019appel. Une <strong>plainte contre X<\/strong> a \u00e9t\u00e9 d\u00e9pos\u00e9e d\u00e8s dimanche apr\u00e8s-midi par les parents propri\u00e9taires de la villa, mais \u00e9galement par d\u2019autres familles concern\u00e9es. \u00ab\u00a0Les agresseurs qui sont en fuite devraient \u00eatre poursuivis pour d\u00e9gradations volontaires en r\u00e9union du bien d\u2019autrui et menaces avec arme. Nous esp\u00e9rons d\u00e9sormais que l\u2019enqu\u00eate aboutira rapidement et que justice sera rendue\u00a0\u00bb, soulignent les parents des victimes.\u00a0<\/p>\n<p class=\" wall-content\">Suivez toute l\u2019actualit\u00e9 de vos villes et m\u00e9dias favoris en vous inscrivant \u00e0 <a href=\"https:\/\/moncompte.actu.fr\" title=\"D\u00e9couvez Mon Actu\" rel=\"nofollow noopener\" data-trk=\"{&quot;cta&quot;:{&quot;action&quot;:&quot;https:\\\/\\\/moncompte.actu.fr&quot;,&quot;category&quot;:&quot;mon compte&quot;,&quot;from&quot;:&quot;article footer&quot;,&quot;name&quot;:&quot;Mon actu&quot;,&quot;type&quot;:&quot;cta&quot;}}\" target=\"_blank\">Mon Actu<\/a>.<\/p>\n","protected":false},"excerpt":{"rendered":"Par Jean-Marc Aubert Publi\u00e9 le 17 juin 2025 \u00e0 16h26 ; mis \u00e0 jour le 17 juin 2025&hellip;\n","protected":false},"author":2,"featured_media":184633,"comment_status":"","ping_status":"","sticky":false,"template":"","format":"standard","meta":{"footnotes":""},"categories":[9599],"tags":[1111,11,1777,674,118,1011,27,303,2208,12,2680,1072,25,7939],"class_list":{"0":"post-184632","1":"post","2":"type-post","3":"status-publish","4":"format-standard","5":"has-post-thumbnail","7":"category-montpellier","8":"tag-actu","9":"tag-actualites","10":"tag-eu","11":"tag-europe","12":"tag-faits-divers","13":"tag-fr","14":"tag-france","15":"tag-justice","16":"tag-montpellier","17":"tag-news","18":"tag-occitanie","19":"tag-police","20":"tag-republique-francaise","21":"tag-videosurveillance"},"share_on_mastodon":{"url":"https:\/\/pubeurope.com\/@fr\/114701583220852429","error":""},"_links":{"self":[{"href":"https:\/\/www.europesays.com\/fr\/wp-json\/wp\/v2\/posts\/184632","targetHints":{"allow":["GET"]}}],"collection":[{"href":"https:\/\/www.europesays.com\/fr\/wp-json\/wp\/v2\/posts"}],"about":[{"href":"https:\/\/www.europesays.com\/fr\/wp-json\/wp\/v2\/types\/post"}],"author":[{"embeddable":true,"href":"https:\/\/www.europesays.com\/fr\/wp-json\/wp\/v2\/users\/2"}],"replies":[{"embeddable":true,"href":"https:\/\/www.europesays.com\/fr\/wp-json\/wp\/v2\/comments?post=184632"}],"version-history":[{"count":0,"href":"https:\/\/www.europesays.com\/fr\/wp-json\/wp\/v2\/posts\/184632\/revisions"}],"wp:featuredmedia":[{"embeddable":true,"href":"https:\/\/www.europesays.com\/fr\/wp-json\/wp\/v2\/media\/184633"}],"wp:attachment":[{"href":"https:\/\/www.europesays.com\/fr\/wp-json\/wp\/v2\/media?parent=184632"}],"wp:term":[{"taxonomy":"category","embeddable":true,"href":"https:\/\/www.europesays.com\/fr\/wp-json\/wp\/v2\/categories?post=184632"},{"taxonomy":"post_tag","embeddable":true,"href":"https:\/\/www.europesays.com\/fr\/wp-json\/wp\/v2\/tags?post=184632"}],"curies":[{"name":"wp","href":"https:\/\/api.w.org\/{rel}","templated":true}]}}