{"id":184636,"date":"2025-06-18T00:46:19","date_gmt":"2025-06-18T00:46:19","guid":{"rendered":"https:\/\/www.europesays.com\/fr\/184636\/"},"modified":"2025-06-18T00:46:19","modified_gmt":"2025-06-18T00:46:19","slug":"carole-gandon-cheffe-de-file-pour-renaissance","status":"publish","type":"post","link":"https:\/\/www.europesays.com\/fr\/184636\/","title":{"rendered":"Carole Gandon, cheffe de file pour Renaissance"},"content":{"rendered":"<p>            Par<br \/>\n        <strong><br \/>\n            <a href=\"https:\/\/actu.fr\/auteur\/laurene-fertin\" title=\"Consulter tous les articles de Laur\u00e8ne Fertin\" target=\"_blank\" rel=\"noopener\">Laur\u00e8ne Fertin<\/a><br \/>\n        <\/strong><\/p>\n<p>        Publi\u00e9 le<\/p>\n<p>            17 juin 2025 \u00e0 17h38        <\/p>\n<p><a href=\"https:\/\/actu.fr\/bretagne\/rennes_35238\/municipales-2026-a-rennes-marie-mesmeur-et-gwenole-bourree-chefs-de-file-pour-la-campagne-des-insoumis_62779151.html\" target=\"_blank\" rel=\"noopener\">Apr\u00e8s Marie Mesmeur et Gwenol\u00e9 Bourr\u00e9e, chefs de file pour la campagne des Insoumis<\/a>, c\u2019est au tour de <strong>Carole Gandon<\/strong> pour <strong>Renaissance<\/strong> de faire son entr\u00e9e en mati\u00e8re.<\/p>\n<p class=\" wall-content\">Dans un communiqu\u00e9 de presse, la pr\u00e9sidente du groupe<strong> R\u00e9v\u00e9ler Rennes<\/strong> indique \u00eatre <strong>la cheffe de file d\u00e9sign\u00e9e<\/strong> pour les <a href=\"https:\/\/actu.fr\/tag\/municipales-2026\" target=\"_blank\" rel=\"noopener\">\u00e9lections municipales 2026<\/a>.<\/p>\n<p>\u00ab\u2009Un projet audacieux\u2009\u00bb<\/p>\n<p class=\" wall-content\">\u00ab\u2009Rennes m\u00e9rite <strong>un renouveau d\u00e9mocratique\u2009\u00bb,<\/strong> amorce Carole Gandon. Selon la nouvelle cheffe de file, la Ville est \u00ab\u2009gouvern\u00e9e [\u2026] depuis 50\u00a0ans sans interruption par les m\u00eames forces politiques.\u2009\u00bb<\/p>\n<blockquote class=\"ac-article-quote wall-content\">\n<p>Majorit\u00e9s socialistes et \u00e9cologistes se succ\u00e8dent, verrouillant le pouvoir et l\u2019exer\u00e7ant sans<br \/>\nautocritique. Ce syst\u00e8me fig\u00e9, domin\u00e9 par des \u00e9lus de m\u00e9tier davantage soucieux de<br \/>\npr\u00e9server leurs si\u00e8ges que d\u2019innover, est \u00e0 bout de souffle.<\/p>\n<p>    <strong>Carole Gandon<\/strong>\n            <\/p><\/blockquote>\n<p class=\" wall-content\">R\u00e9v\u00e9ler Rennes souhaite ainsi proposer <strong>\u00ab\u00a0un projet audacieux,<\/strong> r\u00e9pondant aux d\u00e9fis<br \/>sociaux, \u00e9cologiques, \u00e9conomiques et surtout <strong>s\u00e9curitaires\u00a0\u00bb.<\/strong>\u00a0<\/p>\n<p>Vid\u00e9os : en ce moment sur Actu\u00ab\u2009R\u00e9tablir la s\u00e9curit\u00e9 dans nos quartiers\u2009\u00bb<\/p>\n<p class=\" wall-content\">Le groupe souhaite faire une <strong>\u00ab\u2009priorit\u00e9 absolue\u2009\u00bb<\/strong> du r\u00e9tablissement de <strong>\u00ab\u2009la s\u00e9curit\u00e9\u2009\u00bb<\/strong> dans les quartiers de Rennes.<\/p>\n<blockquote class=\"ac-article-quote wall-content\">\n<p>C\u2019est pour r\u00e9pondre \u00e0 cette exigence, dans la continuit\u00e9 de mes engagements, que j\u2019ai<br \/>\naccept\u00e9 la mission confi\u00e9e par le parti Renaissance : piloter la pr\u00e9paration des \u00e9lections<br \/>\nmunicipales de 2026 \u00e0 Rennes.\n<\/p>\n<p>    <strong>Carole Gandon<\/strong>\n            <\/p><\/blockquote>\n<p class=\" wall-content\">Pour mener \u00e0 bien cet objectif, Carole Gandon ne fera pas cavali\u00e8re seule puisqu\u2019elle joint dans cette \u00ab\u2009alternative\u2009\u00bb <strong>Charles Compagnon.<\/strong> Pour rappel, <a href=\"https:\/\/actu.fr\/bretagne\/rennes_35238\/rennes-fusillade-a-villejean-que-faisait-cet-elu-dans-le-subway-ou-les-coups-de-feu-ont-ete-tires_62530881.html\" target=\"_blank\" rel=\"noopener\">l\u2019\u00e9lu avait \u00e9t\u00e9 directement t\u00e9moin de l\u2019impressionnante fusillade dans le quartier de Villejean<\/a>, jeudi 17\u00a0avril.<\/p>\n<p class=\" wall-content\">\u00ab\u2009Partir divis\u00e9s serait <strong>une erreur funeste\u2009\u00bb,<\/strong> justifie la cheffe de file, \u00ab\u2009les Rennais exigent <strong>le rassemblement.\u2009\u00bb<\/strong><\/p>\n<p>Une union<\/p>\n<p class=\" wall-content\">Une union sera donc form\u00e9e au sein<strong> \u00ab\u2009d\u2019un collectif pluriel<\/strong>, rassemblant des sensibilit\u00e9s et talents divers, de la gauche sociale-d\u00e9mocrate \u00e0 la droite r\u00e9publicaine\u2009\u00bb.<\/p>\n<blockquote class=\"ac-article-quote wall-content\">\n<p>Il est temps de d\u00e9passer les \u00e9tiquettes partisanes pour d\u00e9fendre l\u2019int\u00e9r\u00eat g\u00e9n\u00e9ral.\n<\/p>\n<p>    <strong>Carole Gandon<\/strong>\n            <\/p><\/blockquote>\n<p class=\" wall-content\"><strong>Le dialogue<\/strong> avec <strong>Thomas Rousseau,<\/strong> <a href=\"https:\/\/actu.fr\/bretagne\/rennes_35238\/rennes-a-droite-c-est-quoi-ce-nouveau-mouvement-politique-lance-par-thomas-rousseau_60191920.html\" target=\"_blank\" rel=\"noopener\">fondateur du mouvement Rennes \u00e0 droite<\/a> et candidat \u00e0 la mairie de Rennes pour 2026, se poursuit, afin de \u00ab\u2009l\u2019inciter \u00e0 rejoindre cette dynamique commune, sur la base d\u2019un projet strictement local\u2009\u00bb.<\/p>\n<p class=\" wall-content\">\u00ab\u2009L\u2019histoire de Rennes ne s\u2019est pas fig\u00e9e en 1977. Il est temps d\u2019\u00e9crire la suite\u2009\u00bb, conclut Carole Gandon.<\/p>\n<p class=\" wall-content\">Suivez toute l\u2019actualit\u00e9 de vos villes et m\u00e9dias favoris en vous inscrivant \u00e0 <a href=\"https:\/\/moncompte.actu.fr\" title=\"D\u00e9couvez Mon Actu\" rel=\"nofollow noopener\" data-trk=\"{&quot;cta&quot;:{&quot;action&quot;:&quot;https:\\\/\\\/moncompte.actu.fr&quot;,&quot;category&quot;:&quot;mon compte&quot;,&quot;from&quot;:&quot;article footer&quot;,&quot;name&quot;:&quot;Mon actu&quot;,&quot;type&quot;:&quot;cta&quot;}}\" target=\"_blank\">Mon Actu<\/a>.<\/p>\n<ul class=\"ac-article-tag wall-content\">\n<li><a href=\"https:\/\/actu.fr\/tag\/municipales-2026\" data-trk=\"{&quot;cta&quot;:{&quot;action&quot;:&quot;Municipales 2026&quot;,&quot;category&quot;:&quot;tag&quot;,&quot;from&quot;:&quot;article footer&quot;,&quot;name&quot;:&quot;Municipales 2026&quot;,&quot;type&quot;:&quot;cta&quot;}}\" target=\"_blank\" rel=\"noopener\">#Municipales 2026<\/a><\/li>\n<li><a href=\"https:\/\/actu.fr\/tag\/renaissance-ex-lrem\" data-trk=\"{&quot;cta&quot;:{&quot;action&quot;:&quot;Renaissance (ex-LREM)&quot;,&quot;category&quot;:&quot;tag&quot;,&quot;from&quot;:&quot;article footer&quot;,&quot;name&quot;:&quot;Renaissance (ex-LREM)&quot;,&quot;type&quot;:&quot;cta&quot;}}\" target=\"_blank\" rel=\"noopener\">#Renaissance (ex-LREM)<\/a><\/li>\n<\/ul>\n","protected":false},"excerpt":{"rendered":"Par Laur\u00e8ne Fertin Publi\u00e9 le 17 juin 2025 \u00e0 17h38 Apr\u00e8s Marie Mesmeur et Gwenol\u00e9 Bourr\u00e9e, chefs de&hellip;\n","protected":false},"author":2,"featured_media":184637,"comment_status":"","ping_status":"","sticky":false,"template":"","format":"standard","meta":{"footnotes":""},"categories":[2821],"tags":[1111,11,829,4188,1777,674,1011,27,3434,12,316,12415,584,25],"class_list":{"0":"post-184636","1":"post","2":"type-post","3":"status-publish","4":"format-standard","5":"has-post-thumbnail","7":"category-rennes","8":"tag-actu","9":"tag-actualites","10":"tag-bretagne","11":"tag-elections-municipales","12":"tag-eu","13":"tag-europe","14":"tag-fr","15":"tag-france","16":"tag-municipales-2026","17":"tag-news","18":"tag-politique","19":"tag-renaissance-ex-lrem","20":"tag-rennes","21":"tag-republique-francaise"},"share_on_mastodon":{"url":"https:\/\/pubeurope.com\/@fr\/114701610935629802","error":""},"_links":{"self":[{"href":"https:\/\/www.europesays.com\/fr\/wp-json\/wp\/v2\/posts\/184636","targetHints":{"allow":["GET"]}}],"collection":[{"href":"https:\/\/www.europesays.com\/fr\/wp-json\/wp\/v2\/posts"}],"about":[{"href":"https:\/\/www.europesays.com\/fr\/wp-json\/wp\/v2\/types\/post"}],"author":[{"embeddable":true,"href":"https:\/\/www.europesays.com\/fr\/wp-json\/wp\/v2\/users\/2"}],"replies":[{"embeddable":true,"href":"https:\/\/www.europesays.com\/fr\/wp-json\/wp\/v2\/comments?post=184636"}],"version-history":[{"count":0,"href":"https:\/\/www.europesays.com\/fr\/wp-json\/wp\/v2\/posts\/184636\/revisions"}],"wp:featuredmedia":[{"embeddable":true,"href":"https:\/\/www.europesays.com\/fr\/wp-json\/wp\/v2\/media\/184637"}],"wp:attachment":[{"href":"https:\/\/www.europesays.com\/fr\/wp-json\/wp\/v2\/media?parent=184636"}],"wp:term":[{"taxonomy":"category","embeddable":true,"href":"https:\/\/www.europesays.com\/fr\/wp-json\/wp\/v2\/categories?post=184636"},{"taxonomy":"post_tag","embeddable":true,"href":"https:\/\/www.europesays.com\/fr\/wp-json\/wp\/v2\/tags?post=184636"}],"curies":[{"name":"wp","href":"https:\/\/api.w.org\/{rel}","templated":true}]}}