{"id":184638,"date":"2025-06-18T00:47:36","date_gmt":"2025-06-18T00:47:36","guid":{"rendered":"https:\/\/www.europesays.com\/fr\/184638\/"},"modified":"2025-06-18T00:47:36","modified_gmt":"2025-06-18T00:47:36","slug":"la-ta-de-rennes-sacree-au-criterium-national-foot5-2025","status":"publish","type":"post","link":"https:\/\/www.europesays.com\/fr\/184638\/","title":{"rendered":"La TA de Rennes sacr\u00e9e au Crit\u00e9rium National Foot5 2025"},"content":{"rendered":"<p>                                                              <img data-twic-src=\"https:\/\/www.europesays.com\/fr\/wp-content\/uploads\/2025\/06\/b64b44ad1b15ba5cc5364d7db08d59f4.jpeg\" data-credit=\"Archives  \/ FFF\" title=\"Archives  \/ FFF\" alt=\"T.A de Rennes Foot5\" class=\"block\"\/>                                        <\/p>\n<p style=\"font-weight: bold\">Le Centre National du Football de Clairefontaine a vibr\u00e9 ce week-end \u00e0 l\u2019occasion du Crit\u00e9rium National Foot5. Cette \u00e9dition a vu la TA de Rennes remporter la comp\u00e9tition.<\/p>\n<p>Parmi les six \u00e9quipes en lice, c\u2019est la TA de Rennes (Ligue de Bretagne) qui a \u00e9t\u00e9 couronn\u00e9e au terme d\u2019un parcours sans faute, ponctu\u00e9 d\u2019une belle finale remport\u00e9e 4 \u00e0 3 face \u00e0 une solide formation de l\u2019USAG Uckange (Ligue Grand Est). Les joueurs lorrains peuvent nourrir des regrets : ils ont vu leur ultime tentative d\u2019\u00e9galisation \u00e9chouer dans les toutes derni\u00e8res secondes du match.<\/p>\n<p style=\"text-align: center;\"><a href=\"https:\/\/www.fff.fr\/13-les-pratiques-loisirs\/66-le-foot5.html\" target=\"_blank\" rel=\"noopener nofollow\"><strong>Tout savoir sur le Foot5<\/strong><\/a><\/p>\n<p><strong>Le classement final<\/strong> :<\/p>\n<ol>\n<li><strong>TA de Rennes<\/strong> (Ligue de Bretagne)<\/li>\n<li><strong>USAG Uckange<\/strong> (Ligue Grand Est)<\/li>\n<li><strong>Pessac FC<\/strong>\u00a0(Ligue de Nouvelle-Aquitaine)<\/li>\n<li><strong>Stade de Grand Quevilly<\/strong> (Ligue de Normandie)<\/li>\n<li><strong>ES Vertou<\/strong> (Ligue des Pays de la Loire)<\/li>\n<li><strong>AS Allonne<\/strong> (Ligue des Hauts-de-France)<\/li>\n<\/ol>\n<p>Les quatre premi\u00e8res \u00e9quipes ont disput\u00e9 sept matches (cinq de poule, une demi-finale, un match de classement), tandis que les 5e et 6e ont livr\u00e9 six rencontres (cinq de poule + match de classement).<\/p>\n<p><img decoding=\"async\" src=\"https:\/\/www.europesays.com\/fr\/wp-content\/uploads\/2025\/06\/bed61fa13ae374e5c88145fce4715a7e.jpeg\" alt=\"\"\/><br \/>La finale entre la TA de Rennes et l&rsquo;USAG Uckange a tourn\u00e9 \u00e0 l&rsquo;avantage des Bretons (Nolwenn LE HELLO \/ FFF).<\/p>\n<p><strong>Cap sur la Master Ligue<\/strong><\/p>\n<p>Dans le cadre de la convention de collaboration entre la FFF et l\u2019ANF5, les deux finalistes \u2013 la TA de Rennes et l\u2019USAG Uckange \u2013 sont qualifi\u00e9s d\u2019office pour la prochaine Master Ligue, un \u00e9v\u00e9nement phare du Foot \u00e0 5 national. Organis\u00e9e les 30 et 31 ao\u00fbt 2025 \u00e0 Toulouse, cette comp\u00e9tition rassemblera les meilleures \u00e9quipes de France, issues des circuits UrbanSoccer, LE FIVE et ConviSport. Douze \u00e9quipes masculines, ainsi que quatre \u00e0 huit \u00e9quipes f\u00e9minines, y sont attendues chaque ann\u00e9e pour deux jours de comp\u00e9tition intense, plac\u00e9s sous le signe de la performance, de l\u2019esprit collectif et du partage.<\/p>\n<p style=\"text-align: center;\"><a href=\"https:\/\/media.fff.fr\/uploads\/documents\/guide-de-la-pratique-fff_foot5_e-dition-2025.pdf\" rel=\"nofollow noopener\" target=\"_blank\"><strong>Le guide de la pratique du Foot5<\/strong><\/a><\/p>\n","protected":false},"excerpt":{"rendered":"Le Centre National du Football de Clairefontaine a vibr\u00e9 ce week-end \u00e0 l\u2019occasion du Crit\u00e9rium National Foot5. Cette&hellip;\n","protected":false},"author":2,"featured_media":184639,"comment_status":"","ping_status":"","sticky":false,"template":"","format":"standard","meta":{"footnotes":""},"categories":[2821],"tags":[1111,11,829,1777,674,85,1011,27,12,584,25],"class_list":{"0":"post-184638","1":"post","2":"type-post","3":"status-publish","4":"format-standard","5":"has-post-thumbnail","7":"category-rennes","8":"tag-actu","9":"tag-actualites","10":"tag-bretagne","11":"tag-eu","12":"tag-europe","13":"tag-fff","14":"tag-fr","15":"tag-france","16":"tag-news","17":"tag-rennes","18":"tag-republique-francaise"},"share_on_mastodon":{"url":"https:\/\/pubeurope.com\/@fr\/114701614738789565","error":""},"_links":{"self":[{"href":"https:\/\/www.europesays.com\/fr\/wp-json\/wp\/v2\/posts\/184638","targetHints":{"allow":["GET"]}}],"collection":[{"href":"https:\/\/www.europesays.com\/fr\/wp-json\/wp\/v2\/posts"}],"about":[{"href":"https:\/\/www.europesays.com\/fr\/wp-json\/wp\/v2\/types\/post"}],"author":[{"embeddable":true,"href":"https:\/\/www.europesays.com\/fr\/wp-json\/wp\/v2\/users\/2"}],"replies":[{"embeddable":true,"href":"https:\/\/www.europesays.com\/fr\/wp-json\/wp\/v2\/comments?post=184638"}],"version-history":[{"count":0,"href":"https:\/\/www.europesays.com\/fr\/wp-json\/wp\/v2\/posts\/184638\/revisions"}],"wp:featuredmedia":[{"embeddable":true,"href":"https:\/\/www.europesays.com\/fr\/wp-json\/wp\/v2\/media\/184639"}],"wp:attachment":[{"href":"https:\/\/www.europesays.com\/fr\/wp-json\/wp\/v2\/media?parent=184638"}],"wp:term":[{"taxonomy":"category","embeddable":true,"href":"https:\/\/www.europesays.com\/fr\/wp-json\/wp\/v2\/categories?post=184638"},{"taxonomy":"post_tag","embeddable":true,"href":"https:\/\/www.europesays.com\/fr\/wp-json\/wp\/v2\/tags?post=184638"}],"curies":[{"name":"wp","href":"https:\/\/api.w.org\/{rel}","templated":true}]}}