{"id":184650,"date":"2025-06-18T00:55:21","date_gmt":"2025-06-18T00:55:21","guid":{"rendered":"https:\/\/www.europesays.com\/fr\/184650\/"},"modified":"2025-06-18T00:55:21","modified_gmt":"2025-06-18T00:55:21","slug":"girondins-bernard-lacombe-est-mort","status":"publish","type":"post","link":"https:\/\/www.europesays.com\/fr\/184650\/","title":{"rendered":"Girondins : Bernard Lacombe est mort"},"content":{"rendered":"<p><img decoding=\"async\" src=\"https:\/\/www.europesays.com\/fr\/wp-content\/uploads\/2025\/06\/671_222e9032f8678a27f3f4b602d50bde7c.jpg\" alt=\"Girondins : Bernard Lacombe est mort\" class=\"img-responsive mt-3\"\/><\/p>\n<p class=\"text-center mb-3\" style=\"font-size: 14px\">\u00a9 Iconsport<\/p>\n<p style=\"text-align: justify;\">C&rsquo;est Jacques Vendroux qui annonce cette triste nouvelle sur son compte X ce mardi soir : \u00ab\u00a0\u00c0 la demande de la famille, c&rsquo;est avec un immense chagrin que nous annon\u00e7ons le d\u00e9part de Bernard Lacombe, qui est parti ce soir \u00e0 19h30 \u00e0 l&rsquo;\u00e2ge de 72 ans.\u00a0\u00bb<\/p>\n<p style=\"text-align: justify;\">Bernard Lacombe est mort \u00e0 l&rsquo;\u00e2ge de 72 ans.<\/p>\n<p style=\"text-align: justify;\">Il avait jou\u00e9 298 matchs avec les Girondins de Bordeaux et marqu\u00e9 137 buts. Il a \u00e9t\u00e9 trois fois Champion de France avec les Marine et Blanc en 1984, 1985 et 1987. De plus, il a aussi gagn\u00e9 2 Coupe de France et un troph\u00e9e des champions avec les Girondins.<\/p>\n<blockquote class=\"twitter-tweet\">\n<p dir=\"ltr\" lang=\"fr\">\u00c0 la demande de la famille, c&rsquo;est avec un immense chagrin que nous annon\u00e7ons le d\u00e9part de Bernard Lacombe, qui est parti ce soir \u00e0 19h30 \u00e0 l&rsquo;\u00e2ge de 72 ans.<\/p>\n<p>Nous partageons notre peine consid\u00e9rable avec vous.<\/p>\n<p>Mireille, sa femme, Arnaud et S\u00e9bastien Lacombe, ses fils.<\/p>\n<p>\u2014 Jacques Vendroux (@JacquesVendroux) <a href=\"https:\/\/twitter.com\/JacquesVendroux\/status\/1935056374792339487?ref_src=twsrc%5Etfw\" target=\"_blank\" rel=\"noopener\">June 17, 2025<\/a>\n<\/p><\/blockquote>\n<p>\u00a0<\/p>\n<p style=\"text-align: justify;\">&gt;&gt; <strong><a href=\"https:\/\/www.webgirondins.com\/actualite-girondins-girondins-alexis-sauvage-suivi-par-bordeaux-129449\" target=\"_blank\" rel=\"noopener\">Mercato : Alexis Sauvage suivi par Bordeaux<\/a><\/strong><\/p>\n<p style=\"text-align: justify;\">\u00a0<\/p>\n<p style=\"text-align: justify;\">Notre podcast court :<\/p>\n<p>    <script async src=\"https:\/\/platform.twitter.com\/widgets.js\" charset=\"utf-8\"><\/script><\/p>\n","protected":false},"excerpt":{"rendered":"\u00a9 Iconsport C&rsquo;est Jacques Vendroux qui annonce cette triste nouvelle sur son compte X ce mardi soir :&hellip;\n","protected":false},"author":2,"featured_media":184651,"comment_status":"","ping_status":"","sticky":false,"template":"","format":"standard","meta":{"footnotes":""},"categories":[2817],"tags":[1111,11,11475,1997,18493,2263,1777,674,63,1011,3844,27,1987,10771,32217,13878,18,12,3946,2219,241,5396,19080,25],"class_list":{"0":"post-184650","1":"post","2":"type-post","3":"status-publish","4":"format-standard","5":"has-post-thumbnail","7":"category-bordeaux","8":"tag-actu","9":"tag-actualites","10":"tag-bernard","11":"tag-bordeaux","12":"tag-couleurs","13":"tag-equipe","14":"tag-eu","15":"tag-europe","16":"tag-football","17":"tag-fr","18":"tag-francais","19":"tag-france","20":"tag-girondins","21":"tag-haut","22":"tag-lacombe","23":"tag-legende","24":"tag-mort","25":"tag-news","26":"tag-nous","27":"tag-nouvelle-aquitaine","28":"tag-ol","29":"tag-porte","30":"tag-quitte","31":"tag-republique-francaise"},"share_on_mastodon":{"url":"https:\/\/pubeurope.com\/@fr\/114701646127946225","error":""},"_links":{"self":[{"href":"https:\/\/www.europesays.com\/fr\/wp-json\/wp\/v2\/posts\/184650","targetHints":{"allow":["GET"]}}],"collection":[{"href":"https:\/\/www.europesays.com\/fr\/wp-json\/wp\/v2\/posts"}],"about":[{"href":"https:\/\/www.europesays.com\/fr\/wp-json\/wp\/v2\/types\/post"}],"author":[{"embeddable":true,"href":"https:\/\/www.europesays.com\/fr\/wp-json\/wp\/v2\/users\/2"}],"replies":[{"embeddable":true,"href":"https:\/\/www.europesays.com\/fr\/wp-json\/wp\/v2\/comments?post=184650"}],"version-history":[{"count":0,"href":"https:\/\/www.europesays.com\/fr\/wp-json\/wp\/v2\/posts\/184650\/revisions"}],"wp:featuredmedia":[{"embeddable":true,"href":"https:\/\/www.europesays.com\/fr\/wp-json\/wp\/v2\/media\/184651"}],"wp:attachment":[{"href":"https:\/\/www.europesays.com\/fr\/wp-json\/wp\/v2\/media?parent=184650"}],"wp:term":[{"taxonomy":"category","embeddable":true,"href":"https:\/\/www.europesays.com\/fr\/wp-json\/wp\/v2\/categories?post=184650"},{"taxonomy":"post_tag","embeddable":true,"href":"https:\/\/www.europesays.com\/fr\/wp-json\/wp\/v2\/tags?post=184650"}],"curies":[{"name":"wp","href":"https:\/\/api.w.org\/{rel}","templated":true}]}}