{"id":184658,"date":"2025-06-18T01:00:20","date_gmt":"2025-06-18T01:00:20","guid":{"rendered":"https:\/\/www.europesays.com\/fr\/184658\/"},"modified":"2025-06-18T01:00:20","modified_gmt":"2025-06-18T01:00:20","slug":"des-raies-et-rorquals-observes-pres-des-cotes-de-marseille","status":"publish","type":"post","link":"https:\/\/www.europesays.com\/fr\/184658\/","title":{"rendered":"Des raies et rorquals observ\u00e9s pr\u00e8s des c\u00f4tes de Marseille"},"content":{"rendered":"<p class=\"rev-margin-0 rev-text-xs-normal\">Le rorqual commun, parfois surnomm\u00e9 \u00ab\u00a0le l\u00e9vrier des mers\u00a0\u00bb, est \u00ab\u00a0par sa taille le second plus grand mammif\u00e8re sur la plan\u00e8te, apr\u00e8s la baleine bleue\u00a0\u00bb, indique l\u2019organisation de pr\u00e9servation des esp\u00e8ces menac\u00e9es WWF sur son site internet.<\/p>\n<p class=\"rev-margin-0 rev-text-xs-bold\">Photo d&rsquo;illustration LP<\/p>\n<p>Se retrouver face \u00e0 une raie ou un rorqual a de quoi fasciner. Plusieurs observations de ces animaux marins pr\u00e8s des c\u00f4tes de <a href=\"https:\/\/www.laprovence.com\/bouches-du-rhone\/marseille-13055\" target=\"_blank\" rel=\"noopener\">Marseille<\/a>, et plus largement du sud-est de la France, ont d\u2019ailleurs \u00e9t\u00e9 signal\u00e9es depuis le d\u00e9but du mois de juin environ.<\/p>\n<p>Dimanche 15\u00a0juin, deux rorquals (20 m\u00e8tres de long, deuxi\u00e8me plus grand mammif\u00e8re vivant du monde) ainsi qu\u2019une raie mobula (3\u00a0m d\u2019envergure, cousine m\u00e9diterran\u00e9enne de la raie manta) ont par exemple \u00e9t\u00e9 aper\u00e7us du c\u00f4t\u00e9 de la Pointe-Rouge (8e arrondissement). Avec environ 20 m\u00e8tres de long, la premi\u00e8re esp\u00e8ce de c\u00e9tac\u00e9 est le deuxi\u00e8me plus grand mammif\u00e8re vivant sur la plan\u00e8te.<\/p>\n<blockquote class=\"twitter-tweet\"><p>&#13;<\/p>\n<p><a href=\"https:\/\/twitter.com\/hashtag\/prot%C3%A9ger?src=hash&amp;ref_src=twsrc%5Etfw\" target=\"_blank\" rel=\"noopener\">#prot\u00e9ger<\/a> | Recontre \u00e9tonnante en cette fin d\u2019apr\u00e8s-midi entre les \ud83d\udc6e de la Brigade Nautique et une impressionnante raie \u00ab\u00a0diable de m\u00e9diterran\u00e9e\u00a0\u00bb qui s\u2019\u00e9tait rapproch\u00e9e de la plage la pointe-rouge <a href=\"https:\/\/twitter.com\/hashtag\/Marseille?src=hash&amp;ref_src=twsrc%5Etfw\" target=\"_blank\" rel=\"noopener\">#Marseille<\/a>. Inoffensive pour les baigneurs, elle a \u00e9t\u00e9 ramen\u00e9e au large \ud83d\udc4f\ud83d\udc20 <a href=\"https:\/\/t.co\/XWy3Z3xBYj\" target=\"_blank\">pic.twitter.com\/XWy3Z3xBYj<\/a><\/p>\n<p>&#13;<br \/>\n\u2014 Police nationale 13 (@PoliceNat13) <a href=\"https:\/\/twitter.com\/PoliceNat13\/status\/1934322167195271345?ref_src=twsrc%5Etfw\" target=\"_blank\" rel=\"noopener\">June 15, 2025<\/a><\/p><\/blockquote>\n<p>\u00ab\u00a0Rien d\u2019anormal concernant les rorquals\u00a0\u00bb<\/p>\n<p>S\u2019agit-il d\u2019un \u00e9v\u00e9nement rare pour la r\u00e9gion\u00a0? \u00ab\u00a0Rien d\u2019inhabituel ou d\u2019anormal concernant les rorquals communs, assure\u00a0<a href=\"https:\/\/miraceti.org\/qui-sommes-nous\/notre-equipe\/\" target=\"_blank\" rel=\"noopener\">Laur\u00e8ne Trudelle<\/a>, charg\u00e9e de projet au sein de l\u2019association <a href=\"https:\/\/www.laprovence.com\/article\/region\/5193179663729715\/martigues-miraceti-vogue-sur-les-traces-des-cetaces-de-mediterranee\" target=\"_blank\" rel=\"noopener\">Miraceti<\/a>, bas\u00e9e \u00e0 <a href=\"https:\/\/www.laprovence.com\/bouches-du-rhone\/martigues-13056\" target=\"_blank\" rel=\"noopener\">Martigues<\/a>, qui \u0153uvre pour la pr\u00e9servation des mammif\u00e8res marins en mer M\u00e9diterran\u00e9e. Ils arrivent qu\u2019ils se rapprochent des c\u00f4tes pour se nourrir de krill (sorte de petite crevette, NDLR), avant de repartir vers le large, son habitat pr\u00e9f\u00e9rentiel au-del\u00e0 de 1\u00a0000 m\u00e8tres de profondeur\u00a0\u00bb.<\/p>\n<p>Tous les ans, surtout autour et pendant l\u2019\u00e9t\u00e9, des observations peuvent donc \u00eatre r\u00e9alis\u00e9es pr\u00e8s des c\u00f4tes proven\u00e7ales. Ce fut par exemple le cas \u00e0 <a href=\"https:\/\/www.laprovence.com\/article\/region\/14218484430317\/video-des-baleines-ont-ete-apercues-a-lentree-du-vieux-port-ce-lundi-matin-a-marseille\" target=\"_blank\" rel=\"noopener\">l\u2019entr\u00e9e du Vieux-Port<\/a> en novembre\u00a02023, \u00e0 En Vau en avril\u00a02023, <a href=\"https:\/\/www.laprovence.com\/actu\/en-direct\/6028395\/video-une-baleine-observee-au-large-du-frioul-a-marseille.html\" target=\"_blank\" rel=\"noopener\">au large du Frioul<\/a> en juin\u00a02020\u2026<\/p>\n<p>Peu fr\u00e9quent pour les raies<\/p>\n<p>Pour les raies, c\u2019est beaucoup moins fr\u00e9quent. \u00ab\u00a0Depuis environ une semaine, 10 jours, on constate une recrudescence d\u2019\u00e9chouages de raies mobula &#8211; ou diable de mer &#8211; sur les c\u00f4tes, pas seulement en France, mais \u00e9galement en Espagne ou en Italie, affirme Laur\u00e8ne Trudelle. \u00c7a nous interpelle, d\u2019habitude elles sont au large. On collecte actuellement des donn\u00e9es pour tenter de comprendre.\u00a0\u00bb<\/p>\n<p>Que faire si l\u2019on se retrouve face \u00e0 l\u2019un de ces animaux\u00a0?<\/p>\n<p>Si vous avez l\u2019heureux hasard de vous retrouver face \u00e0 l\u2019une de ces deux esp\u00e8ces, il faut rester \u00e0 distance, en observation \u00ab\u00a0respectueuse\u00a0\u00bb.<\/p>\n<p>Pour les rorquals, plus susceptibles d\u2019\u00eatre observ\u00e9 au cours d\u2019une balade en bateau, il faut se tenir \u00e0 au moins 100 m\u00e8tres. \u00ab\u00a0C\u2019est la loi, rappelle la charg\u00e9e de projet, sp\u00e9cialis\u00e9e en \u00e9cologie marine. Il faut \u00e9galement diminuer sa vitesse, se mettre parall\u00e8le \u00e0 l\u2019animal, ne pas couper sa route, ne pas rester trop longtemps et ne pas se mettre \u00e0 l\u2019eau.\u00a0\u00bb<\/p>\n<p><script async src=\"https:\/\/platform.twitter.com\/widgets.js\" charset=\"utf-8\"><\/script><\/p>\n","protected":false},"excerpt":{"rendered":"Le rorqual commun, parfois surnomm\u00e9 \u00ab\u00a0le l\u00e9vrier des mers\u00a0\u00bb, est \u00ab\u00a0par sa taille le second plus grand mammif\u00e8re&hellip;\n","protected":false},"author":2,"featured_media":184659,"comment_status":"","ping_status":"","sticky":false,"template":"","format":"standard","meta":{"footnotes":""},"categories":[2814],"tags":[17,1111,11,19502,154,1777,674,1011,27,884,12,3762,882,32267,25,32268,32269,104],"class_list":{"0":"post-184658","1":"post","2":"type-post","3":"status-publish","4":"format-standard","5":"has-post-thumbnail","7":"category-marseille","8":"tag-17","9":"tag-actu","10":"tag-actualites","11":"tag-cotes","12":"tag-des","13":"tag-eu","14":"tag-europe","15":"tag-fr","16":"tag-france","17":"tag-marseille","18":"tag-news","19":"tag-pres","20":"tag-provence-alpes-cote-dazur","21":"tag-raies","22":"tag-republique-francaise","23":"tag-rorquals","24":"tag-sagit-il","25":"tag-societe"},"share_on_mastodon":{"url":"https:\/\/pubeurope.com\/@fr\/114701665801123669","error":""},"_links":{"self":[{"href":"https:\/\/www.europesays.com\/fr\/wp-json\/wp\/v2\/posts\/184658","targetHints":{"allow":["GET"]}}],"collection":[{"href":"https:\/\/www.europesays.com\/fr\/wp-json\/wp\/v2\/posts"}],"about":[{"href":"https:\/\/www.europesays.com\/fr\/wp-json\/wp\/v2\/types\/post"}],"author":[{"embeddable":true,"href":"https:\/\/www.europesays.com\/fr\/wp-json\/wp\/v2\/users\/2"}],"replies":[{"embeddable":true,"href":"https:\/\/www.europesays.com\/fr\/wp-json\/wp\/v2\/comments?post=184658"}],"version-history":[{"count":0,"href":"https:\/\/www.europesays.com\/fr\/wp-json\/wp\/v2\/posts\/184658\/revisions"}],"wp:featuredmedia":[{"embeddable":true,"href":"https:\/\/www.europesays.com\/fr\/wp-json\/wp\/v2\/media\/184659"}],"wp:attachment":[{"href":"https:\/\/www.europesays.com\/fr\/wp-json\/wp\/v2\/media?parent=184658"}],"wp:term":[{"taxonomy":"category","embeddable":true,"href":"https:\/\/www.europesays.com\/fr\/wp-json\/wp\/v2\/categories?post=184658"},{"taxonomy":"post_tag","embeddable":true,"href":"https:\/\/www.europesays.com\/fr\/wp-json\/wp\/v2\/tags?post=184658"}],"curies":[{"name":"wp","href":"https:\/\/api.w.org\/{rel}","templated":true}]}}