{"id":18466,"date":"2025-04-11T22:57:25","date_gmt":"2025-04-11T22:57:25","guid":{"rendered":"https:\/\/www.europesays.com\/fr\/18466\/"},"modified":"2025-04-11T22:57:25","modified_gmt":"2025-04-11T22:57:25","slug":"a-lyon-un-second-souffle-pour-le-patrimoine-vacant-de-la-ville","status":"publish","type":"post","link":"https:\/\/www.europesays.com\/fr\/18466\/","title":{"rendered":"A Lyon, un second souffle pour le patrimoine vacant de la Ville"},"content":{"rendered":"<p>\nEn avril 2022, la Ville de Lyon (Rh\u00f4ne) s&rsquo;attaquait \u00e0 la vacance de son patrimoine en d\u00e9finissant cinq sites prioritaires. Trois ans apr\u00e8s, les projets ont avanc\u00e9, \u00e0 des rythmes diff\u00e9rents. Le site Neyret (ex-\u00e9cole des Beaux-Arts, dans le 1er arrondissement) est le seul en travaux aujourd&rsquo;hui. \u00ab C&rsquo;est le seul que nous conserverons en propre et que nous portons en ma\u00eetrise d&rsquo;ouvrage \u00bb, pr\u00e9cise Sylvain Godinot, adjoint au maire charg\u00e9 de la transition \u00e9cologique et du patrimoine.<\/p>\n<p>\nDessin\u00e9 par l&rsquo;architecte Paul Bellemain dans les ann\u00e9es 1950, ce b\u00e2timent de 6 000 m\u00b2 abrite le service arch\u00e9ologique de la Ville dans l&rsquo;aile ouest. \u00ab Nous avons lanc\u00e9 un appel \u00e0 manifestation d&rsquo;int\u00e9r\u00eat sur l&rsquo;autre partie du site qui accueillera un tiers-lieu d\u00e9di\u00e9 \u00e0 la transition \u00e9cologique. Nous analysons quatre offres et choisirons le laur\u00e9at d&rsquo;ici l&rsquo;\u00e9t\u00e9 \u00bb, ajoute l&rsquo;\u00e9lu. La Ville souhaite introduire des activit\u00e9s vari\u00e9es m\u00ealant restauration, espaces d&rsquo;exposition et de conf\u00e9rence, salles de r\u00e9union, etc.<\/p>\n<p>\n<b>Diviser les consommations.<\/b> Les travaux, d&rsquo;un montant de 15,8 M\u20ac HT et totalisant une vingtaine de lots, vont bon train. Au programme : d\u00e9samiantage des locaux, renforcement des fondations, isolation du b\u00e2timent par l&rsquo;int\u00e9rieur, changement des menuiseries\u2026 R\u00e9alis\u00e9e en site occup\u00e9, cette op\u00e9ration conduite sous la houlette de l&rsquo;agence Alep (mandataire) avec Looking for Architecture (LFA) s&rsquo;ach\u00e8vera au troisi\u00e8me trimestre 2028. \u00ab Avec ce projet, nous allons redonner vie \u00e0 un b\u00e2timent patrimonial tout en divisant ses consommations \u00e9nerg\u00e9tiques par trois \u00bb, se f\u00e9licite Sylvain Godinot.<\/p>\n<p>\nSuivra l&rsquo;op\u00e9ration sur la galerie des Terreaux, dans le m\u00eame arrondissement. La direction de la construction de la Ville s&rsquo;occupera des travaux de d\u00e9plombage, de curage et de mise en conformit\u00e9 des deux entr\u00e9es (d\u00e9marrage des travaux en mai). Puis la SEM du Grand Lyon (Sempat) prendra le relais pour les am\u00e9nagements int\u00e9rieurs de la galerie. Celle-ci a vocation \u00e0 devenir une cit\u00e9 des artisans r\u00e9parateurs. La Sempat intervient dans le cadre d&rsquo;un bail emphyt\u00e9otique de 90 ans. Le montant total des travaux s&rsquo;\u00e9l\u00e8ve \u00e0 4 M\u20ac.<\/p>\n<p>\nA la rentr\u00e9e 2025, ce sera au tour du Chalet du parc, situ\u00e9 dans le parc de la T\u00eate d&rsquo;Or, d&rsquo;entamer sa mue. La Ville a confi\u00e9 sa destin\u00e9e, toujours via un bail emphyt\u00e9otique, d&rsquo;une dur\u00e9e de 50 ans, au groupement Youse, Good Planet, La Fabuleuse Cantine et Maison Gutenberg accompagn\u00e9 des architectes de LFA et Charlotte Verg\u00e9ly (architecte du patrimoine). Le projet (tiers-lieu, restaurant\u2026) a pris du retard en raison d&rsquo;un plan de financement qu&rsquo;il a fallu renforcer avec l&rsquo;arriv\u00e9e, aux c\u00f4t\u00e9s d&rsquo;Evolem et de la Banque des territoires, du fonds d&rsquo;investissement Ponton Family. Ce lieu, dont l&rsquo;ouverture est pr\u00e9vue fin 2026, b\u00e9n\u00e9ficiera d&rsquo;une r\u00e9fection compl\u00e8te chiffr\u00e9e \u00e0 6,5 M\u20ac.<\/p>\n<p>\nLes deux derniers projets sont moins avanc\u00e9s. La reconversion du site de la tour Guillot-Bourdeix attribu\u00e9 par cession en juillet 2023 aux promoteurs Redman et Icade (architectes : Nouvelle AOM et Charlotte Verg\u00e9ly) doit \u00eatre revue en raison d&rsquo;un surco\u00fbt de 5 M\u20ac d\u00fb \u00e0 la pr\u00e9sence d&rsquo;amiante. Quant au mus\u00e9e Guimet, un AMO est en cours de s\u00e9lection.<\/p>\n<p>\n\u00a0<\/p>\n","protected":false},"excerpt":{"rendered":"En avril 2022, la Ville de Lyon (Rh\u00f4ne) s&rsquo;attaquait \u00e0 la vacance de son patrimoine en d\u00e9finissant cinq&hellip;\n","protected":false},"author":2,"featured_media":18467,"comment_status":"","ping_status":"","sticky":false,"template":"","format":"standard","meta":{"footnotes":""},"categories":[1889],"tags":[1111,11,1350,2430,7332,7331,1777,674,1011,27,2428,12,2551,4916,25,2429,7333],"class_list":{"0":"post-18466","1":"post","2":"type-post","3":"status-publish","4":"format-standard","5":"has-post-thumbnail","7":"category-lyon","8":"tag-actu","9":"tag-actualites","10":"tag-architecture","11":"tag-auvergne-rhone-alpes","12":"tag-bail-emphyteotique","13":"tag-collectivites-locales","14":"tag-eu","15":"tag-europe","16":"tag-fr","17":"tag-france","18":"tag-lyon","19":"tag-news","20":"tag-patrimoine","21":"tag-projets","22":"tag-republique-francaise","23":"tag-rhone","24":"tag-vie-du-btp"},"share_on_mastodon":{"url":"https:\/\/pubeurope.com\/@fr\/114321807456760964","error":""},"_links":{"self":[{"href":"https:\/\/www.europesays.com\/fr\/wp-json\/wp\/v2\/posts\/18466","targetHints":{"allow":["GET"]}}],"collection":[{"href":"https:\/\/www.europesays.com\/fr\/wp-json\/wp\/v2\/posts"}],"about":[{"href":"https:\/\/www.europesays.com\/fr\/wp-json\/wp\/v2\/types\/post"}],"author":[{"embeddable":true,"href":"https:\/\/www.europesays.com\/fr\/wp-json\/wp\/v2\/users\/2"}],"replies":[{"embeddable":true,"href":"https:\/\/www.europesays.com\/fr\/wp-json\/wp\/v2\/comments?post=18466"}],"version-history":[{"count":0,"href":"https:\/\/www.europesays.com\/fr\/wp-json\/wp\/v2\/posts\/18466\/revisions"}],"wp:featuredmedia":[{"embeddable":true,"href":"https:\/\/www.europesays.com\/fr\/wp-json\/wp\/v2\/media\/18467"}],"wp:attachment":[{"href":"https:\/\/www.europesays.com\/fr\/wp-json\/wp\/v2\/media?parent=18466"}],"wp:term":[{"taxonomy":"category","embeddable":true,"href":"https:\/\/www.europesays.com\/fr\/wp-json\/wp\/v2\/categories?post=18466"},{"taxonomy":"post_tag","embeddable":true,"href":"https:\/\/www.europesays.com\/fr\/wp-json\/wp\/v2\/tags?post=18466"}],"curies":[{"name":"wp","href":"https:\/\/api.w.org\/{rel}","templated":true}]}}