{"id":184662,"date":"2025-06-18T01:02:13","date_gmt":"2025-06-18T01:02:13","guid":{"rendered":"https:\/\/www.europesays.com\/fr\/184662\/"},"modified":"2025-06-18T01:02:13","modified_gmt":"2025-06-18T01:02:13","slug":"javais-vraiment-envie-de-faire-quelque-chose-de-mes-mains-il-rehabilite-la-plus-petite-maison-de-lyon","status":"publish","type":"post","link":"https:\/\/www.europesays.com\/fr\/184662\/","title":{"rendered":"\u00ab\u00a0J\u2019avais vraiment envie de faire quelque chose de mes mains\u00a0\u00bb\u00a0: il r\u00e9habilite la plus petite maison de Lyon"},"content":{"rendered":"<p class=\"paragraph text_align_left lp-f-body-02\">Apr\u00e8s vingt ans pass\u00e9s dans l\u2019industrie du jeu vid\u00e9o, Camille Thouvenin (43 ans) a d\u00e9cid\u00e9 de se lancer dans le b\u00e2timent. Son d\u00e9fi ? R\u00e9habiliter la plus petite maison de Lyon (<a href=\"https:\/\/www.leparisien.fr\/rhone-69\/\" target=\"_self\" rel=\"nofollow noopener\">Rh\u00f4ne<\/a>). La b\u00e2tisse, qui a longtemps h\u00e9berg\u00e9 l\u2019atelier d\u2019un artisan du cuir, est situ\u00e9e au 6 cours Lafayette dans le 3e arrondissement et ne fait pas plus de 17 m2.<\/p>\n<p class=\"paragraph text_align_left lp-f-body-02\">Camille, qui a eu un v\u00e9ritable coup de c\u0153ur pour cette maisonnette du XIXe si\u00e8cle, dont la toiture a la particularit\u00e9 d\u2019\u00eatre coiff\u00e9e d\u2019un lanternon, l\u2019a acquise 94 000 euros hors frais de notaire. Le chantier a d\u00e9but\u00e9 il y a un peu plus d\u2019un mois. Bon communicant, l\u2019ancien \u00ab gamer \u00bb a d\u00e9cid\u00e9 de raconter en vid\u00e9o ses aventures sur les r\u00e9seaux sociaux (<a href=\"https:\/\/www.leparisien.fr\/high-tech\/lapplication-tiktok-est-utilisee-par-214-millions-de-francais-chaque-mois-25-10-2023-5DQJHQ3FQVCJLKWEKHIWFRJ6EE.php\" target=\"_self\" rel=\"nofollow noopener\">TikTok<\/a> et <a href=\"https:\/\/www.leparisien.fr\/paris-75\/a-paris-et-sur-instagram-ces-deux-serrurieres-secouent-un-metier-masculin-et-propice-aux-arnaques-25-05-2025-UDFB25UDV5FIDKWS25BO4FAE7M.php\" target=\"_self\" rel=\"nofollow noopener\">Instagram<\/a>). Et \u00e0 sa grande surprise, son petit logis est devenu en l\u2019espace de quelques semaines la curiosit\u00e9 du quartier.<\/p>\n<p>Ses vid\u00e9os cartonnent<\/p>\n<p class=\"paragraph text_align_left lp-f-body-02\">\u00ab Pour moi, c\u2019est une th\u00e9rapie. Je ne suis pas un pro du b\u00e2timent. Je fais des erreurs. Mais j\u2019avais vraiment envie de faire quelque chose de mes mains \u00bb, s\u2019enthousiasme l\u2019int\u00e9ress\u00e9. Comme un pro, Camille a ainsi remplac\u00e9 l\u2019int\u00e9gralit\u00e9 des carreaux de verre du lanternon : \u00ab J\u2019ai utilis\u00e9 du mastic de vitrier et des petits clous pour maintenir les carreaux \u00bb, raconte-t-il fi\u00e8rement.<\/p>\n<p class=\"paragraph text_align_left lp-f-body-02\">Afin d\u2019am\u00e9liorer la performance \u00e9nerg\u00e9tique du logement (de G \u00e0 D), il a \u00e9galement repris l\u2019isolation de certains murs et pr\u00e9voit d\u2019installer une VMC ainsi qu\u2019un chauffage performant. Au sol, \u00e0 la place de l\u2019horrible rev\u00eatement en plastique gris, il y aura bient\u00f4t un tr\u00e8s joli parquet en bois.<\/p>\n<p class=\"paragraph text_align_left lp-f-body-02\">Les coups de main des copains ne sont pas de refus. \u00ab Je me donne jusqu\u2019\u00e0 la fin de l\u2019\u00e9t\u00e9 pour finir les travaux. Ce qui est g\u00e9nial, c\u2019est que des gens passent visiter le chantier gr\u00e2ce aux vid\u00e9os. J\u2019ai m\u00eame des entreprises qui ont propos\u00e9 de m\u2019aider en me fournissant du mat\u00e9riel : un store tout neuf et la peinture du chantier ! \u00bb<\/p>\n","protected":false},"excerpt":{"rendered":"Apr\u00e8s vingt ans pass\u00e9s dans l\u2019industrie du jeu vid\u00e9o, Camille Thouvenin (43 ans) a d\u00e9cid\u00e9 de se lancer&hellip;\n","protected":false},"author":2,"featured_media":184663,"comment_status":"","ping_status":"","sticky":false,"template":"","format":"standard","meta":{"footnotes":""},"categories":[1889],"tags":[1111,917,11,2430,459,1777,674,1011,27,1116,2428,12,25,11244],"class_list":{"0":"post-184662","1":"post","2":"type-post","3":"status-publish","4":"format-standard","5":"has-post-thumbnail","7":"category-lyon","8":"tag-actu","9":"tag-actu-locale","10":"tag-actualites","11":"tag-auvergne-rhone-alpes","12":"tag-departements-horsidfo","13":"tag-eu","14":"tag-europe","15":"tag-fr","16":"tag-france","17":"tag-immobilier","18":"tag-lyon","19":"tag-news","20":"tag-republique-francaise","21":"tag-rhone-69"},"share_on_mastodon":{"url":"https:\/\/pubeurope.com\/@fr\/114701673732177556","error":""},"_links":{"self":[{"href":"https:\/\/www.europesays.com\/fr\/wp-json\/wp\/v2\/posts\/184662","targetHints":{"allow":["GET"]}}],"collection":[{"href":"https:\/\/www.europesays.com\/fr\/wp-json\/wp\/v2\/posts"}],"about":[{"href":"https:\/\/www.europesays.com\/fr\/wp-json\/wp\/v2\/types\/post"}],"author":[{"embeddable":true,"href":"https:\/\/www.europesays.com\/fr\/wp-json\/wp\/v2\/users\/2"}],"replies":[{"embeddable":true,"href":"https:\/\/www.europesays.com\/fr\/wp-json\/wp\/v2\/comments?post=184662"}],"version-history":[{"count":0,"href":"https:\/\/www.europesays.com\/fr\/wp-json\/wp\/v2\/posts\/184662\/revisions"}],"wp:featuredmedia":[{"embeddable":true,"href":"https:\/\/www.europesays.com\/fr\/wp-json\/wp\/v2\/media\/184663"}],"wp:attachment":[{"href":"https:\/\/www.europesays.com\/fr\/wp-json\/wp\/v2\/media?parent=184662"}],"wp:term":[{"taxonomy":"category","embeddable":true,"href":"https:\/\/www.europesays.com\/fr\/wp-json\/wp\/v2\/categories?post=184662"},{"taxonomy":"post_tag","embeddable":true,"href":"https:\/\/www.europesays.com\/fr\/wp-json\/wp\/v2\/tags?post=184662"}],"curies":[{"name":"wp","href":"https:\/\/api.w.org\/{rel}","templated":true}]}}