{"id":184664,"date":"2025-06-18T01:03:21","date_gmt":"2025-06-18T01:03:21","guid":{"rendered":"https:\/\/www.europesays.com\/fr\/184664\/"},"modified":"2025-06-18T01:03:21","modified_gmt":"2025-06-18T01:03:21","slug":"un-retard-a-craindre-pour-la-qualite-de-lair","status":"publish","type":"post","link":"https:\/\/www.europesays.com\/fr\/184664\/","title":{"rendered":"un \u00ab\u00a0retard\u00a0\u00bb \u00e0 craindre pour la qualit\u00e9 de l&rsquo;air"},"content":{"rendered":"<p class=\"wp-block-post-excerpt__excerpt\">De Paris \u00e0 Lyon : les d\u00e9put\u00e9s ont enterr\u00e9 les Zones \u00e0 faibles \u00e9missions (ZFE) ce mardi 17 juin. Hasard du calendrier, cette d\u00e9cision tombe un jour apr\u00e8s les r\u00e9sultats annuels d\u2019Atmo, l\u2019observatoire de la qualit\u00e9 de l\u2019air en r\u00e9gion Auvergne-Rh\u00f4ne-Alpes. Or, l\u2019observatoire rappelle l\u2019importance de ce type de dispositif pour limiter la pollution de l\u2019air\u2026 <\/p>\n<p><a href=\"https:\/\/www.rue89lyon.fr\/actu\/\" rel=\"tag noopener\" target=\"_blank\">Actualit\u00e9<\/a>, <a href=\"https:\/\/www.rue89lyon.fr\/edition-abonnes\/\" rel=\"tag noopener\" target=\"_blank\">\u00c9dition abonn\u00e9s<\/a><\/p>\n<p>Emilie Mayen<\/p>\n<p>Publi\u00e9 le 17 juin 2025\u00a0\u00a0\u00b7\u00a0\u00a0<\/p>\n<p>Imprim\u00e9 le 18 juin 2025 \u00e0 03h03\u00a0\u00a0\u00b7\u00a0\u00a0<\/p>\n<p>Modifi\u00e9 le 17 juin 2025\u00a0\u00a0\u00b7\u00a0\u00a0<\/p>\n<p>\t\t\t\t\t3\u00a0minutes\n<\/p>\n<p>C\u2019est un big-bang annonc\u00e9 depuis des ann\u00e9es\u2026 Qui fait l\u2019effet d\u2019un p\u00e9tard mouill\u00e9. Ce mardi 17 juin, l\u2019Assembl\u00e9e nationale a vot\u00e9 pour la \u00ab\u00a0loi simplification\u00a0\u00bb, lanc\u00e9e initialement par Bruno Le Maire en 2024 mais consid\u00e9rablement amend\u00e9e puisqu\u2019elle contient aussi l\u2019abrogation des \u00ab\u00a0Zones \u00e0 faible \u00e9mission\u00a0\u00bb. Ces controvers\u00e9es ZFE visent \u00e0 limiter la circulation des v\u00e9hicules les plus polluants dans les m\u00e9tropoles, pour des raisons de sant\u00e9 publique.<\/p>\n<p>Au m\u00eame moment ou presque, Atmo, l\u2019observatoire r\u00e9gional de la surveillance sur la qualit\u00e9 de l\u2019air, a publi\u00e9 son bilan de l\u2019ann\u00e9e 2024, lundi 16 juin. Si la situation s\u2019est am\u00e9lior\u00e9e au cours des vingt derni\u00e8res ann\u00e9es, les valeurs recommand\u00e9es par l\u2019Organisation Mondiale de la Sant\u00e9 (OMS) sont encore d\u00e9pass\u00e9es sur l\u2019ensemble de la r\u00e9gion et plus particuli\u00e8rement la m\u00e9tropole de Lyon. <\/p>\n<p>Or, ce dispositif avait son importance sur cette question\u2026<\/p>\n<blockquote class=\"wp-block-quote is-layout-flow wp-block-quote-is-layout-flow\">\n<p>\u00ab\u00a0La ZFE est clairement le levier d\u2019action principal dans les c\u0153urs de ville\u00a0\u00bb, affirme Rapha\u00ebl Desfontaines, correspondant territorial Rh\u00f4ne chez Atmo.<\/p>\n<\/blockquote>\n<p><img loading=\"lazy\" decoding=\"async\" width=\"2048\" height=\"1781\" src=\"https:\/\/www.europesays.com\/fr\/wp-content\/uploads\/2025\/06\/23-paywall.png\" alt=\"Abonnez-vous\" class=\"wp-image-207192\" style=\"aspect-ratio:1.149915777653004;width:237px;height:auto\"  \/><\/p>\n<p>Cet article fait partie de l\u2019\u00e9dition abonn\u00e9s. Pour lire la suite, profitez d\u2019une offre d\u00e9couverte \u00e0 1\u20ac. Contribuez \u00e0 consolider un m\u00e9dia ind\u00e9pendant \u00e0 Lyon, en capacit\u00e9 d\u2019enqu\u00eater sur les enjeux locaux.<\/p>\n<p>\t\t\t<a href=\"https:\/\/www.rue89lyon.fr\/\" class=\"custom-logo-link\" rel=\"home noopener\" target=\"_blank\"><img loading=\"lazy\" decoding=\"async\" width=\"290\" height=\"89\" src=\"https:\/\/www.europesays.com\/fr\/wp-content\/uploads\/2025\/04\/1745556146_356_logo.png\" class=\"custom-logo\" alt=\"Rue89Lyon Infos, enqu\u00eates \u00e0 Lyon et dans la r\u00e9gion\"  \/><\/a><\/p>\n<p>\n\t\t\t\tAbonnez-vous maintenant pour suivre l\u2019actualit\u00e9 locale.\t\t\t<\/p>\n<p class=\"font-bold font-serif-heading mb-2 text-4xl\">\n\t\t\t\t\t\tL\u2019investigation locale \u00e0 port\u00e9e de main.\n\t\t\t\t\t<\/p>\n<p>\n\t\t\t\t\t\tAbonnez-vous et profitez d\u2019un acc\u00e8s illimit\u00e9 \u00e0 Rue89 Lyon. Annulez quand vous voulez.\n\t\t\t\t\t<\/p>\n<p class=\"xl:text-sm\">\n\t\t\t\t\tD\u00e9j\u00e0 abonn\u00e9\u00a0?<br \/>\n\t\t\t\t\t<a class=\"border border-transparent text-center transition-colors duration-instant focus:border-info focus:rounded focus:shadow-focus cursor-pointer text-black hover:text-gray-700 active:bg-black-700 font-semibold inline-block\" href=\"https:\/\/www.rue89lyon.fr\/user\/login\/?redirect=\/2025\/06\/17\/zfe-dispositif-essentiel-pour-ameliorer-qualite-air-region-auvergne-rhone-alpes\/\" target=\"_blank\" rel=\"noopener\">Connectez-vous<\/a>\t\t\t\t<\/p>\n<p>\n\t\t\t\tChoisissez votre formule\u00a0:\n\t\t\t<\/p>\n<p>\t\t\t\tFermer<\/p>\n","protected":false},"excerpt":{"rendered":"De Paris \u00e0 Lyon : les d\u00e9put\u00e9s ont enterr\u00e9 les Zones \u00e0 faibles \u00e9missions (ZFE) ce mardi 17&hellip;\n","protected":false},"author":2,"featured_media":184665,"comment_status":"","ping_status":"","sticky":false,"template":"","format":"standard","meta":{"footnotes":""},"categories":[1889],"tags":[1111,11,2430,1777,674,1011,27,2428,12,1800,25,800,3533],"class_list":{"0":"post-184664","1":"post","2":"type-post","3":"status-publish","4":"format-standard","5":"has-post-thumbnail","7":"category-lyon","8":"tag-actu","9":"tag-actualites","10":"tag-auvergne-rhone-alpes","11":"tag-eu","12":"tag-europe","13":"tag-fr","14":"tag-france","15":"tag-lyon","16":"tag-news","17":"tag-pollution","18":"tag-republique-francaise","19":"tag-transports","20":"tag-zfe"},"share_on_mastodon":{"url":"https:\/\/pubeurope.com\/@fr\/114701677639683338","error":""},"_links":{"self":[{"href":"https:\/\/www.europesays.com\/fr\/wp-json\/wp\/v2\/posts\/184664","targetHints":{"allow":["GET"]}}],"collection":[{"href":"https:\/\/www.europesays.com\/fr\/wp-json\/wp\/v2\/posts"}],"about":[{"href":"https:\/\/www.europesays.com\/fr\/wp-json\/wp\/v2\/types\/post"}],"author":[{"embeddable":true,"href":"https:\/\/www.europesays.com\/fr\/wp-json\/wp\/v2\/users\/2"}],"replies":[{"embeddable":true,"href":"https:\/\/www.europesays.com\/fr\/wp-json\/wp\/v2\/comments?post=184664"}],"version-history":[{"count":0,"href":"https:\/\/www.europesays.com\/fr\/wp-json\/wp\/v2\/posts\/184664\/revisions"}],"wp:featuredmedia":[{"embeddable":true,"href":"https:\/\/www.europesays.com\/fr\/wp-json\/wp\/v2\/media\/184665"}],"wp:attachment":[{"href":"https:\/\/www.europesays.com\/fr\/wp-json\/wp\/v2\/media?parent=184664"}],"wp:term":[{"taxonomy":"category","embeddable":true,"href":"https:\/\/www.europesays.com\/fr\/wp-json\/wp\/v2\/categories?post=184664"},{"taxonomy":"post_tag","embeddable":true,"href":"https:\/\/www.europesays.com\/fr\/wp-json\/wp\/v2\/tags?post=184664"}],"curies":[{"name":"wp","href":"https:\/\/api.w.org\/{rel}","templated":true}]}}