{"id":184668,"date":"2025-06-18T01:07:10","date_gmt":"2025-06-18T01:07:10","guid":{"rendered":"https:\/\/www.europesays.com\/fr\/184668\/"},"modified":"2025-06-18T01:07:10","modified_gmt":"2025-06-18T01:07:10","slug":"paris-doit-demander-pardon-a-la-polynesie-estime-une-commission-denquete","status":"publish","type":"post","link":"https:\/\/www.europesays.com\/fr\/184668\/","title":{"rendered":"Paris doit \u00ab\u00a0demander pardon\u00a0\u00bb \u00e0 la Polyn\u00e9sie, estime une commission d&rsquo;enqu\u00eate"},"content":{"rendered":"<p>Les auteurs d&rsquo;un rapport d&rsquo;enqu\u00eate parlementaire publi\u00e9 mardi estiment que la France doit \u00ab\u00a0demander pardon\u00a0\u00bb \u00e0 la Polyn\u00e9sie fran\u00e7aise pour 193 essais nucl\u00e9aires r\u00e9alis\u00e9s dans le Pacifique en trois d\u00e9cennies, qui ont entra\u00een\u00e9 de lourdes cons\u00e9quences sanitaires et environnementales.<\/p>\n<p>La <a href=\"https:\/\/www.france24.com\/fr\/tag\/france\/\" class=\"link \" rel=\"nofollow noopener\" target=\"_blank\" data-ylk=\"slk:France;elm:context_link;itc:0;sec:content-canvas\">France<\/a> doit demander \u00ab\u00a0pardon\u00a0\u00bb \u00e0 la <a href=\"https:\/\/www.france24.com\/fr\/tag\/polyn\u00e9sie\/\" class=\"link \" rel=\"nofollow noopener\" target=\"_blank\" data-ylk=\"slk:Polyn\u00e9sie;elm:context_link;itc:0;sec:content-canvas\">Polyn\u00e9sie<\/a> fran\u00e7aise pour les essais nucl\u00e9aires men\u00e9s sur ses atolls, ont estim\u00e9 les auteurs d&rsquo;un rapport d&rsquo;enqu\u00eate parlementaire rendu public mardi 17 juin, \u00e9tape fondamentale pour une \u00ab\u00a0r\u00e9conciliation\u00a0\u00bb avec ce territoire marqu\u00e9 par de lourdes cons\u00e9quences sanitaires et environnementales.<\/p>\n<p>\u00ab\u00a0L&rsquo;enqu\u00eate a nourri la conviction de la commission d&rsquo;enqu\u00eate selon laquelle une demande de pardon de la part de la France \u00e0 la Polyn\u00e9sie fran\u00e7aise s&rsquo;imposait. Cette demande n&rsquo;est pas un simple symbole, ni une demande de repentance\u00a0\u00bb, ont \u00e9crit les auteurs du rapport de la commission d&rsquo;enqu\u00eate relative aux cons\u00e9quences des essais nucl\u00e9aires men\u00e9s dans cette collectivit\u00e9 ultramarine par la France entre 1966 et 1996.<\/p>\n<p>\u00ab\u00a0Elle doit \u00eatre une d\u00e9marche sinc\u00e8re, \u00e9tape fondamentale dans le cadre d&rsquo;un processus de r\u00e9conciliation entre la Polyn\u00e9sie fran\u00e7aise et l&rsquo;\u00c9tat\u00a0\u00bb, ont \u00e9crit le pr\u00e9sident de la commission, le d\u00e9put\u00e9 du Finist\u00e8re Didier Le Gac (EPR), et la rapporteuse Mereana Reid-Arbelot (GDR), d\u00e9put\u00e9e polyn\u00e9sienne.<\/p>\n<p>Ils y voient un \u00ab\u00a0acte sobre\u00a0\u00bb pour \u00ab\u00a0traiter ce pan de notre histoire dans l&rsquo;apaisement\u00a0\u00bb.<\/p>\n<p>Le Parlement doit \u00ab\u00a0effectuer ce geste au nom de la Nation\u00a0\u00bb<\/p>\n<p>Avec AFP<\/p>\n<p><a href=\"https:\/\/www.france24.com\/fr\/france\/20250617-essais-nucl%C3%A9aires-france-doit-demander-pardon-polyn%C3%A9sie-estime-commission-enqu%C3%AAte-parlementaire\" rel=\"nofollow noopener\" target=\"_blank\" data-ylk=\"slk:Lire la suite sur FRANCE 24;elm:context_link;itc:0;sec:content-canvas\" class=\"link \">Lire la suite sur FRANCE 24<\/a><\/p>\n<p>Lire aussi:<br \/><a href=\"https:\/\/www.france24.com\/fr\/%C3%A9missions\/focus\/20240312-exposition-%C3%A0-la-radioactivit%C3%A9-les-navajos-victimes-des-trinity-tests\" rel=\"nofollow noopener\" target=\"_blank\" data-ylk=\"slk:Exposition \u00e0 la radioactivit\u00e9 : les Navajos, victimes des &quot;Trinity tests&quot;;elm:context_link;itc:0;sec:content-canvas\" class=\"link \">Exposition \u00e0 la radioactivit\u00e9 : les Navajos, victimes des \u00ab\u00a0Trinity tests\u00a0\u00bb<\/a><br \/><a href=\"https:\/\/www.france24.com\/fr\/%C3%A9missions\/outre-mer\/20250411-le-d%C3%A9fi-des-futures-mamans-en-polyn%C3%A9sie-contraintes-de-quitter-leur-%C3%AEle-pour-accoucher\" rel=\"nofollow noopener\" target=\"_blank\" data-ylk=\"slk:Le d\u00e9fi des futures mamans en Polyn\u00e9sie, contraintes de quitter leur \u00eele pour accoucher;elm:context_link;itc:0;sec:content-canvas\" class=\"link \">Le d\u00e9fi des futures mamans en Polyn\u00e9sie, contraintes de quitter leur \u00eele pour accoucher<\/a><\/p>\n","protected":false},"excerpt":{"rendered":"Les auteurs d&rsquo;un rapport d&rsquo;enqu\u00eate parlementaire publi\u00e9 mardi estiment que la France doit \u00ab\u00a0demander pardon\u00a0\u00bb \u00e0 la Polyn\u00e9sie&hellip;\n","protected":false},"author":2,"featured_media":184669,"comment_status":"","ping_status":"","sticky":false,"template":"","format":"standard","meta":{"footnotes":""},"categories":[1888],"tags":[1111,1928,11,1927,32270,32273,32271,1777,674,1011,27,12,1926,626,1925,13049,32272,25],"class_list":{"0":"post-184668","1":"post","2":"type-post","3":"status-publish","4":"format-standard","5":"has-post-thumbnail","7":"category-paris","8":"tag-actu","9":"tag-actu-paris","10":"tag-actualites","11":"tag-actualites-paris","12":"tag-consequences-des-essais-nucleaires","13":"tag-consequences-sanitaires","14":"tag-essais-nucleaires","15":"tag-eu","16":"tag-europe","17":"tag-fr","18":"tag-france","19":"tag-news","20":"tag-news-paris","21":"tag-paris","22":"tag-paris-news","23":"tag-polynesie-francaise","24":"tag-rapport-denquete","25":"tag-republique-francaise"},"share_on_mastodon":{"url":"https:\/\/pubeurope.com\/@fr\/114701693579253158","error":""},"_links":{"self":[{"href":"https:\/\/www.europesays.com\/fr\/wp-json\/wp\/v2\/posts\/184668","targetHints":{"allow":["GET"]}}],"collection":[{"href":"https:\/\/www.europesays.com\/fr\/wp-json\/wp\/v2\/posts"}],"about":[{"href":"https:\/\/www.europesays.com\/fr\/wp-json\/wp\/v2\/types\/post"}],"author":[{"embeddable":true,"href":"https:\/\/www.europesays.com\/fr\/wp-json\/wp\/v2\/users\/2"}],"replies":[{"embeddable":true,"href":"https:\/\/www.europesays.com\/fr\/wp-json\/wp\/v2\/comments?post=184668"}],"version-history":[{"count":0,"href":"https:\/\/www.europesays.com\/fr\/wp-json\/wp\/v2\/posts\/184668\/revisions"}],"wp:featuredmedia":[{"embeddable":true,"href":"https:\/\/www.europesays.com\/fr\/wp-json\/wp\/v2\/media\/184669"}],"wp:attachment":[{"href":"https:\/\/www.europesays.com\/fr\/wp-json\/wp\/v2\/media?parent=184668"}],"wp:term":[{"taxonomy":"category","embeddable":true,"href":"https:\/\/www.europesays.com\/fr\/wp-json\/wp\/v2\/categories?post=184668"},{"taxonomy":"post_tag","embeddable":true,"href":"https:\/\/www.europesays.com\/fr\/wp-json\/wp\/v2\/tags?post=184668"}],"curies":[{"name":"wp","href":"https:\/\/api.w.org\/{rel}","templated":true}]}}