{"id":184680,"date":"2025-06-18T01:14:25","date_gmt":"2025-06-18T01:14:25","guid":{"rendered":"https:\/\/www.europesays.com\/fr\/184680\/"},"modified":"2025-06-18T01:14:25","modified_gmt":"2025-06-18T01:14:25","slug":"apres-le-bresil-au-tour-de-lallemagne-de-mettre-la-pression-sur-le-gouvernement-francais","status":"publish","type":"post","link":"https:\/\/www.europesays.com\/fr\/184680\/","title":{"rendered":"apr\u00e8s le Br\u00e9sil, au tour de l\u2019Allemagne de mettre la pression sur le gouvernement fran\u00e7ais"},"content":{"rendered":"\n<p>Apr\u00e8s le <a href=\"https:\/\/frontpopulaire.fr\/international\/contents\/lula-met-la-pression-sur-emmanuel-macron-pour-laccord-ue-mercosur_tco_31300138\" target=\"_blank\" rel=\"noopener\">Br\u00e9sil<\/a>, c\u2019est au tour de l\u2019Allemagne de mettre la pression sur la France pour acc\u00e9l\u00e9rer sur l\u2019accord entre l\u2019UE et le Mercosur. \u00ab&amp;nbspNous devons saisir les opportunit\u00e9s offertes par les accords de libre-\u00e9change pour la croissance, l\u2019emploi et une position forte de l\u2019Europe dans la concurrence mondiale&amp;nbsp\u00bb, a expliqu\u00e9 la secr\u00e9taire d\u2019\u00c9tat allemande \u00e0 l\u2019Agriculture, Martina Engelhardt-Kopf, \u00e0 Euractiv. Toujours les m\u00eames arguments libre-\u00e9changistes c\u00f4t\u00e9 allemand. Cette semaine, Martina Engelhardt-Kopf se trouve au Br\u00e9sil dans le cadre des Journ\u00e9es d\u2019affaires germano-br\u00e9siliennes et l\u2019Initiative pour l\u2019innovation dans l\u2019agroalimentaire \u00e0 Salvador de Bahia. \u00ab&amp;nbspJe profiterai de ce voyage pour m\u2019entretenir avec des responsables br\u00e9siliens au sujet de l\u2019accord de libre-\u00e9change avec le Mercosur et de la r\u00e8glementation europ\u00e9enne sur les produits sans d\u00e9forestation&amp;nbsp\u00bb, a-t-elle pr\u00e9cis\u00e9.<\/p>\n<p>L\u2019Allemande Martina Engelhardt-Kopf a tout de m\u00eame pris quelques pr\u00e9cautions et a soulign\u00e9 prendre en compte les inqui\u00e9tudes des agriculteurs allemands, notamment sur le respect des normes de production. \u00ab&amp;nbspLe libre-\u00e9change n\u2019est pas possible \u00e0 n\u2019importe quel prix. La protection des produits agricoles sensibles doit \u00eatre garantie, et c\u2019est ce que nous d\u00e9fendons fermement \u00e0 Bruxelles&amp;nbsp\u00bb, a-t-elle affirm\u00e9.<\/p>\n<p>Le 5 juin dernier, le pr\u00e9sident br\u00e9silien Lula avait enjoint \u00e0 la France de signer l\u2019accord. Or Paris reste officiellement oppos\u00e9 \u00e0 cet accord. La ministre de l\u2019Agriculture, Annie Genevard, essaye de trouver des soutiens de poids dans ce combat. \u00ab&amp;nbsp\u00c0 ce jour, il n\u2019y a pas de majorit\u00e9 en faveur de l\u2019adoption du trait\u00e9, et la minorit\u00e9 de blocage n\u2019est pas loin&amp;nbsp\u00bb, a d\u00e9clar\u00e9 Annie Genevard lundi 16 juin sur France Info. \u00ab&amp;nbspL\u2019Autriche, la Hongrie et la Pologne [s\u2019opposent au texte], et de nombreux \u00c9tats ont exprim\u00e9 des r\u00e9serves, comme l\u2019Irlande et la Gr\u00e8ce.&amp;nbsp\u00bb La Commission europ\u00e9enne pourrait quant \u00e0 elle pr\u00e9senter sa proposition sur l\u2019accord avec le Mercosur avant fin&#8230;<\/p>\n","protected":false},"excerpt":{"rendered":"Apr\u00e8s le Br\u00e9sil, c\u2019est au tour de l\u2019Allemagne de mettre la pression sur la France pour acc\u00e9l\u00e9rer sur&hellip;\n","protected":false},"author":2,"featured_media":184681,"comment_status":"","ping_status":"","sticky":false,"template":"","format":"standard","meta":{"footnotes":""},"categories":[1587],"tags":[32274,11,672,1804,1805,1803,1777,674,1801,14,21426,12,1802],"class_list":{"0":"post-184680","1":"post","2":"type-post","3":"status-publish","4":"format-standard","5":"has-post-thumbnail","7":"category-allemagne","8":"tag-accord-ue-mercosur","9":"tag-actualites","10":"tag-allemagne","11":"tag-bundesrepublik-deutschland","12":"tag-de","13":"tag-deutschland","14":"tag-eu","15":"tag-europe","16":"tag-germany","17":"tag-international","18":"tag-mercosur","19":"tag-news","20":"tag-republique-federale-dallemagne"},"share_on_mastodon":{"url":"https:\/\/pubeurope.com\/@fr\/114701720883120602","error":""},"_links":{"self":[{"href":"https:\/\/www.europesays.com\/fr\/wp-json\/wp\/v2\/posts\/184680","targetHints":{"allow":["GET"]}}],"collection":[{"href":"https:\/\/www.europesays.com\/fr\/wp-json\/wp\/v2\/posts"}],"about":[{"href":"https:\/\/www.europesays.com\/fr\/wp-json\/wp\/v2\/types\/post"}],"author":[{"embeddable":true,"href":"https:\/\/www.europesays.com\/fr\/wp-json\/wp\/v2\/users\/2"}],"replies":[{"embeddable":true,"href":"https:\/\/www.europesays.com\/fr\/wp-json\/wp\/v2\/comments?post=184680"}],"version-history":[{"count":0,"href":"https:\/\/www.europesays.com\/fr\/wp-json\/wp\/v2\/posts\/184680\/revisions"}],"wp:featuredmedia":[{"embeddable":true,"href":"https:\/\/www.europesays.com\/fr\/wp-json\/wp\/v2\/media\/184681"}],"wp:attachment":[{"href":"https:\/\/www.europesays.com\/fr\/wp-json\/wp\/v2\/media?parent=184680"}],"wp:term":[{"taxonomy":"category","embeddable":true,"href":"https:\/\/www.europesays.com\/fr\/wp-json\/wp\/v2\/categories?post=184680"},{"taxonomy":"post_tag","embeddable":true,"href":"https:\/\/www.europesays.com\/fr\/wp-json\/wp\/v2\/tags?post=184680"}],"curies":[{"name":"wp","href":"https:\/\/api.w.org\/{rel}","templated":true}]}}