{"id":184704,"date":"2025-06-18T01:29:19","date_gmt":"2025-06-18T01:29:19","guid":{"rendered":"https:\/\/www.europesays.com\/fr\/184704\/"},"modified":"2025-06-18T01:29:19","modified_gmt":"2025-06-18T01:29:19","slug":"je-narrive-pas-a-realiser-que-cest-vrai-depites-peter-krause-et-angela-bassett-reagissent-a-la-mort-de-bobby-nash-et-au-depart-brutal-de-lacteur","status":"publish","type":"post","link":"https:\/\/www.europesays.com\/fr\/184704\/","title":{"rendered":"\u00ab\u00a0Je n&rsquo;arrive pas \u00e0 r\u00e9aliser que c&rsquo;est vrai&#8230;\u00a0\u00bb D\u00e9pit\u00e9s, Peter Krause et Angela Bassett r\u00e9agissent \u00e0 la mort de Bobby Nash et au d\u00e9part brutal de l&rsquo;acteur"},"content":{"rendered":"<p>Dans l&rsquo;\u00e9pisode 15 de la saison 8 de 9-1-1, diffus\u00e9 ce mardi 17 juin sur M6, le Capitaine Bobby Nash conna\u00eet une mort h\u00e9ro\u00efque. Son interpr\u00e8te Peter Krause et sa partenaire Angela Bassett (Athena) ont r\u00e9agi \u00e0 son d\u00e9part de la s\u00e9rie et \u00e0 sa fin tragique qui a boulevers\u00e9 les fans.<\/p>\n<p>Il fallait avoir la bo\u00eete de Kleenex \u00e0 port\u00e9e de main pour regarder la soir\u00e9e <a href=\"https:\/\/www.programme-tv.net\/programme\/series-tv\/r1549416740-9-1-1\/\" target=\"_blank\" rel=\"noopener\"><b>9-1-1<\/b><\/a> en ce 17\u00a0janvier 2025 sur M6. Dans l&rsquo;\u00e9pisode 15 de la saison 8, intitul\u00e9 \u00ab\u00a0Les rats de laboratoire\u00a0\u00bb, le charismatique et sympathique capitaine Bobby Nash (<b>Peter Krause<\/b>), l&rsquo;un des personnages pr\u00e9f\u00e9r\u00e9s des fans, meurt en h\u00e9ros en se sacrifiant pour sauver la vie de sa femme Athena (<b>Angela Bassett<\/b>), et des membres de son unit\u00e9 d&rsquo;un virus mortel. Une mort tragique, qu&rsquo;a assum\u00e9e le showrunner Tim Minear, mais qui a profond\u00e9ment attrist\u00e9 les fans et suscit\u00e9 incompr\u00e9hension et col\u00e8re. Peter Krause et Angela Bassett ont r\u00e9agi au d\u00e9part brutal de l&rsquo;acteur et \u00e0 la fin tragique de son personnage.<\/p>\n<p>9-1-1\u00a0: \u00ab\u00a0Ma famille 911 me manquera\u00a0\u00bb, Peter Krause r\u00e9agit \u00e0 son d\u00e9part de la s\u00e9rie et \u00e0 la mort de son personnage Bobby Nash<\/p>\n<p>Pour la premi\u00e8re fois en huit saisons, 9-1-1 a tu\u00e9 l&rsquo;un de ses h\u00e9ros embl\u00e9matiques\u00a0: Bobby Nash. Se sachant condamn\u00e9, le capitaine a un dernier \u00e9change bouleversant avec sa femme Athena, avant de mourir sous ses yeux. Cette mort brutale et inattendue a fait r\u00e9agir les fans et <a href=\"https:\/\/www.programme-tv.net\/news\/series-tv\/377267-les-fans-ont-le-droit-detre-en-colere-cette-star-de-9-1-1-sort-du-silence-apres-la-mort-de-son-personnage\/\" data-api-deeplink=\"teleloisirs:\/\/news\/377267\" target=\"_blank\" rel=\"noopener\">Peter Krause a eu une pens\u00e9e pour eux<\/a>. \u00ab\u00a0J&rsquo;ai entendu dire que de nombreux fans sont boulevers\u00e9s par cette mort, et ils ont raison. C&rsquo;est une perte, a reconnu <a href=\"https:\/\/www.programme-tv.net\/news\/people\/304100-ils-ont-joue-ensemble-dans-parenthood-lauren-graham-et-peter-krause-annoncent-leur-separation-apres-10-ans-damour\/\" data-api-deeplink=\"teleloisirs:\/\/news\/304100\" target=\"_blank\" rel=\"noopener\">l&rsquo;acteur divorc\u00e9 de Lauren Graham (Gilmore Girls)<\/a>, avant d&rsquo;ajouter\u00a0: \u00ab\u00a0C\u2019\u00e9tait plus qu\u2019un choix cr\u00e9atif t\u00e9m\u00e9raire pour une s\u00e9rie audacieuse. Bobby Nash a \u00e9t\u00e9 \u00e9crit dans l&rsquo;id\u00e9e du sacrifice, c&rsquo;\u00e9tait son arc narratif. Les premiers intervenants risquent leur vie pour que d&rsquo;autres survivent. Son histoire leur rend hommage.\u00a0\u00bb Peter Krause ajoute\u00a0: \u00ab\u00a0Ce fut un honneur pour moi d\u2019incarner le capitaine Bobby Nash.\u00a0\u00bb avant d&rsquo;\u00e9voquer ses ann\u00e9es sur la s\u00e9rie\u00a0: C&rsquo;\u00e9tait un bonheur.\u00a0\u00bb Le com\u00e9dien de 59 ans a exprim\u00e9 sa reconnaissance d&rsquo;avoir pu travailler sur 9-1-1. \u00ab\u00a0Je tiens \u00e0 remercier tous les membres de chaque service, ainsi que tous ceux d&rsquo;ABC, de 20th Television et de la Fox. Nous formons une \u00e9quipe tr\u00e8s soud\u00e9e. Ma famille 911 me manquera. [\u2026] Ma partenaire, Angela Bassett, me manquera. Sa force et sa douceur, nous travaillions main dans la main. Nous nous sommes s\u00e9par\u00e9s trop t\u00f4t.\u00a0\u00bb<\/p>\n<p>                        9-1-1\u00a0: \u00ab\u00a0Je n&rsquo;arrive pas \u00e0 r\u00e9aliser\u00a0\u00bb, Angela Bassett (Athena Grant-Nash) \u00e9voque la mort de Bobby Nash et le d\u00e9part de Peter Krause de la s\u00e9rie<\/p>\n<p>Angela Bassett a confi\u00e9 qu&rsquo;elle ignorait que Bobby allait mourir. \u00ab\u00a0Je n&rsquo;en avais aucune id\u00e9e\u00a0! Lorsqu&rsquo;on tourne les fins de saisons, on re\u00e7oit les sc\u00e9narios au dernier moment, a-t-elle expliqu\u00e9 <a href=\"https:\/\/deadline.com\/2025\/04\/9-1-1-peter-krause-death-explained-showrunner-angela-bassett-1236370520\/\" target=\"_blank\" rel=\"noopener\">\u00e0 Deadline<\/a>, \u00e7a a \u00e9t\u00e9 ce genre moment qui fait se d\u00e9crocher la m\u00e2choire\u00a0! [\u2026] Au d\u00e9part, cela devait \u00eatre un autre personnage, \u00e7a devait \u00eatre Ravi, mais c&rsquo;\u00e9tait peut-\u00eatre une ruse [\u2026] \u00c7a aurait pu \u00eatre n&rsquo;importe qui. J&rsquo;ai \u00e9t\u00e9 tr\u00e8s surprise que ce soit mon mari [dans la s\u00e9rie]\u00a0\u00bb. Lorsque l&rsquo;actrice avait d\u00e9clar\u00e9 en mars qu&rsquo;elle n&rsquo;imaginait pas la s\u00e9rie sans Peter Krause, Angela Bassett n&rsquo;avait aucune id\u00e9e que le showrunner avait d\u00e9cid\u00e9 de faire mourir son personnage. \u00ab\u00a0J&rsquo;ai appris que c&rsquo;est Bobby qui mourrait lorsque j&rsquo;ai re\u00e7u le sc\u00e9nario de l&rsquo;\u00e9pisode\u00a0! [\u2026]. Je n&rsquo;arrive pas \u00e0 r\u00e9aliser que c&rsquo;est vrai, et m\u00eame aujourd&rsquo;hui, je n&rsquo;arrive pas \u00e0 r\u00e9aliser.\u00a0\u00bb Angela Bassett a pr\u00e9f\u00e9r\u00e9 attendre pour parler avec Peter Krause de son d\u00e9part. \u00ab\u00a0Je ne l&rsquo;ai pas appel\u00e9. Je savais que \u00e7a allait \u00eatre dur, triste et g\u00eanant, alors j&rsquo;ai pr\u00e9f\u00e9r\u00e9 le voir en face plut\u00f4t qu&rsquo;au t\u00e9l\u00e9phone. On sait tous, on est dans ce milieu depuis un moment, que ce genre de choses est arriv\u00e9 \u00e0 nos personnages de temps en temps. Je l&rsquo;ai vu, on s&rsquo;est regard\u00e9s, on s&rsquo;est dit\u00a0: \u00ab\u00a0C&rsquo;est comme \u00e7a\u2026\u00a0\u00bb et on s&rsquo;est fait un gros c\u00e2lin.\u00a0\u00bb<\/p>\n","protected":false},"excerpt":{"rendered":"Dans l&rsquo;\u00e9pisode 15 de la saison 8 de 9-1-1, diffus\u00e9 ce mardi 17 juin sur M6, le Capitaine&hellip;\n","protected":false},"author":2,"featured_media":184705,"comment_status":"","ping_status":"","sticky":false,"template":"","format":"standard","meta":{"footnotes":""},"categories":[1359],"tags":[31385,32277,244,10451,58,59,1011,27,494,973,32276,129],"class_list":{"0":"post-184704","1":"post","2":"type-post","3":"status-publish","4":"format-standard","5":"has-post-thumbnail","7":"category-people","8":"tag-9-1-1","9":"tag-angela-bassett","10":"tag-commentaire","11":"tag-disney-plus","12":"tag-divertissement","13":"tag-entertainment","14":"tag-fr","15":"tag-france","16":"tag-m6","17":"tag-people","18":"tag-peter-krause","19":"tag-svod"},"share_on_mastodon":{"url":"https:\/\/pubeurope.com\/@fr\/114701779844108385","error":""},"_links":{"self":[{"href":"https:\/\/www.europesays.com\/fr\/wp-json\/wp\/v2\/posts\/184704","targetHints":{"allow":["GET"]}}],"collection":[{"href":"https:\/\/www.europesays.com\/fr\/wp-json\/wp\/v2\/posts"}],"about":[{"href":"https:\/\/www.europesays.com\/fr\/wp-json\/wp\/v2\/types\/post"}],"author":[{"embeddable":true,"href":"https:\/\/www.europesays.com\/fr\/wp-json\/wp\/v2\/users\/2"}],"replies":[{"embeddable":true,"href":"https:\/\/www.europesays.com\/fr\/wp-json\/wp\/v2\/comments?post=184704"}],"version-history":[{"count":0,"href":"https:\/\/www.europesays.com\/fr\/wp-json\/wp\/v2\/posts\/184704\/revisions"}],"wp:featuredmedia":[{"embeddable":true,"href":"https:\/\/www.europesays.com\/fr\/wp-json\/wp\/v2\/media\/184705"}],"wp:attachment":[{"href":"https:\/\/www.europesays.com\/fr\/wp-json\/wp\/v2\/media?parent=184704"}],"wp:term":[{"taxonomy":"category","embeddable":true,"href":"https:\/\/www.europesays.com\/fr\/wp-json\/wp\/v2\/categories?post=184704"},{"taxonomy":"post_tag","embeddable":true,"href":"https:\/\/www.europesays.com\/fr\/wp-json\/wp\/v2\/tags?post=184704"}],"curies":[{"name":"wp","href":"https:\/\/api.w.org\/{rel}","templated":true}]}}