{"id":184716,"date":"2025-06-18T01:35:13","date_gmt":"2025-06-18T01:35:13","guid":{"rendered":"https:\/\/www.europesays.com\/fr\/184716\/"},"modified":"2025-06-18T01:35:13","modified_gmt":"2025-06-18T01:35:13","slug":"ces-huiles-de-cuisson-largement-utilisees-pourraient-expliquer-la-hausse-des-cas-chez-les-jeunes","status":"publish","type":"post","link":"https:\/\/www.europesays.com\/fr\/184716\/","title":{"rendered":"ces huiles de cuisson largement utilis\u00e9es pourraient expliquer la hausse des cas chez les jeunes"},"content":{"rendered":"<p>                    Une \u00e9tude am\u00e9ricaine relance les alertes : des huiles que l\u2019on croyait neutres seraient pro-inflammatoires <\/p>\n<p data-start=\"457\" data-end=\"1032\">Tournesol, ma\u00efs, canola, p\u00e9pins de raisin\u2026 ces <a href=\"https:\/\/www.modesettravaux.fr\/trucs-et-astuces\/fallait-le-savoir\/cette-erreur-que-8-francais-sur-10-font-avec-leur-huile-dolive-et-qui-la-rend-inutile-140114.html\" rel=\"nofollow noopener\" target=\"_blank\">huiles<\/a> de cuisson v\u00e9g\u00e9tales sont pr\u00e9sentes dans des millions de foyers. Mais une <strong data-start=\"585\" data-end=\"631\">\u00e9tude publi\u00e9e dans la revue m\u00e9dicale Gut<\/strong> en d\u00e9cembre 2024 vient bouleverser leur r\u00e9putation. En analysant les tumeurs de <strong data-start=\"712\" data-end=\"765\">plus de 80 patients atteints de cancer colorectal<\/strong> \u00e2g\u00e9s de 30 \u00e0 85 ans, des chercheurs am\u00e9ricains ont constat\u00e9 que ces huiles g\u00e9n\u00e9raient une <strong data-start=\"856\" data-end=\"897\">forte production de lipides bioactifs<\/strong>, mol\u00e9cules li\u00e9es \u00e0 deux ph\u00e9nom\u00e8nes inqui\u00e9tants : une <strong data-start=\"951\" data-end=\"977\">inflammation chronique<\/strong> et une <strong data-start=\"985\" data-end=\"1031\">entrave \u00e0 la gu\u00e9rison naturelle des tissus<\/strong>.<\/p>\n<p data-start=\"1034\" data-end=\"1308\">\u00ab Le <a href=\"https:\/\/www.modesettravaux.fr\/beaute-bien-etre\/sante-beaute-bien-etre\/cancer-trop-cuit-cet-aliment-produit-la-meme-molecule-que-la-fumee-de-cigarette-140925.html\" rel=\"nofollow noopener\" target=\"_blank\">cancer<\/a> agit comme une blessure chronique qui ne gu\u00e9rit pas \u00bb, explique le Dr Timothy Yeatman, du TGH Cancer Institute. Or, si l\u2019alimentation entretient en continu cette inflammation silencieuse, les conditions id\u00e9ales sont r\u00e9unies pour favoriser la croissance tumorale.<\/p>\n<p> Pourquoi ces huiles \u201cv\u00e9g\u00e9tales\u201d posent probl\u00e8me selon les chercheurs <\/p>\n<p data-start=\"1391\" data-end=\"1596\">Longtemps pr\u00e9sent\u00e9es comme des alternatives plus saines au beurre ou \u00e0 la graisse animale, <strong data-start=\"1482\" data-end=\"1507\">les huiles de graines<\/strong> reviennent aujourd\u2019hui dans le viseur des \u00e9pid\u00e9miologistes. Ce que l\u2019on sait d\u00e9sormais :<\/p>\n<ul data-start=\"1598\" data-end=\"2129\">\n<li data-start=\"1598\" data-end=\"1687\">\n<p data-start=\"1600\" data-end=\"1687\">Elles lib\u00e8rent des <strong data-start=\"1619\" data-end=\"1640\">lipides bioactifs<\/strong> quand elles sont m\u00e9tabolis\u00e9es par<a href=\"https:\/\/www.modesettravaux.fr\/beaute-bien-etre\/sante-beaute-bien-etre\/cancer-du-pancreas-ce-symptome-est-le-premier-a-apparaitre-alerte-un-medecin-141011.html\" rel=\"nofollow noopener\" target=\"_blank\"> l\u2019organisme.<\/a><\/p>\n<\/li>\n<li data-start=\"1688\" data-end=\"1849\">\n<p data-start=\"1690\" data-end=\"1849\">Ces compos\u00e9s entretiennent une <strong data-start=\"1721\" data-end=\"1750\">inflammation de bas grade<\/strong> dans tout le corps, un terrain reconnu propice au d\u00e9veloppement de <a href=\"https:\/\/www.modesettravaux.fr\/beaute-bien-etre\/sante-beaute-bien-etre\/apres-le-dejeuner-ce-geste-courant-augmenterait-le-risque-de-cancers-digestifs-selon-la-science-139782.html\" rel=\"nofollow noopener\" target=\"_blank\">cancers<\/a>, notamment colorectaux.<\/p>\n<\/li>\n<li data-start=\"1850\" data-end=\"2000\">\n<p data-start=\"1852\" data-end=\"2000\">Contrairement aux <strong data-start=\"1870\" data-end=\"1881\">om\u00e9ga-3<\/strong> (pr\u00e9sents dans l\u2019huile d\u2019olive ou d\u2019avocat), ces graisses ne soutiennent pas les m\u00e9canismes de r\u00e9paration cellulaires.<\/p>\n<\/li>\n<li data-start=\"2001\" data-end=\"2129\">\n<p data-start=\"2003\" data-end=\"2129\">Elles sont aussi <strong data-start=\"2020\" data-end=\"2077\">souvent pr\u00e9sentes dans les produits ultra-transform\u00e9s<\/strong> : plats industriels, snacks, sauces, biscuits, etc.<\/p>\n<\/li>\n<\/ul>\n<p data-start=\"2131\" data-end=\"2350\">Et ce constat arrive dans un contexte d\u00e9j\u00e0 alarmant : selon une \u00e9tude de la revue JAMA, le <a href=\"https:\/\/www.modesettravaux.fr\/beaute-bien-etre\/sante-beaute-bien-etre\/barbecue-et-cancer-cette-marinade-adoree-favorise-les-toxines-cancerigenes-sur-la-viande-139076.html\" rel=\"nofollow noopener\" target=\"_blank\">cancer<\/a> du c\u00f4lon pourrait devenir <strong data-start=\"2257\" data-end=\"2321\">la premi\u00e8re cause de mortalit\u00e9 par cancer chez les 20\u201349 ans<\/strong> d\u2019ici la fin de la d\u00e9cennie.<\/p>\n<p> <img loading=\"lazy\" aria-describedby=\"caption-attachment-140117\" itemprop=\"thumbnailUrl\" decoding=\"async\" class=\" wp-image-140117 img-responsive \" src=\"https:\/\/www.europesays.com\/fr\/wp-content\/uploads\/2025\/06\/shutterstock_2351367813-1-1024x624.jpg\" alt=\"\" width=\"701\" height=\"427\"\/> \u00a9  Shutterstock<\/p>\n<p id=\"caption-attachment-140117\" class=\"wp-caption-text\">Pr\u00e9sentes dans de nombreuses cuisines, certaines huiles v\u00e9g\u00e9tales seraient li\u00e9es \u00e0 une inflammation chronique, terrain fertile pour le d\u00e9veloppement de tumeurs.<\/p>\n<p>    Qui est concern\u00e9 et que faut-il changer dans son alimentation ? <\/p>\n<p data-start=\"2428\" data-end=\"2646\">L\u2019\u00e9tude ne condamne pas toutes les huiles de cuisson, mais elle invite \u00e0 <strong data-start=\"2501\" data-end=\"2512\">mod\u00e9rer<\/strong> leur utilisation, en particulier chez les jeunes adultes, les personnes ayant des ant\u00e9c\u00e9dents familiaux ou <a href=\"https:\/\/www.modesettravaux.fr\/beaute-bien-etre\/sante-beaute-bien-etre\/cancer-ces-deux-signes-qui-apparaissent-la-nuit-doivent-vous-alerter-previent-le-dr-kierzek-134318.html\" rel=\"nofollow noopener\" target=\"_blank\">un mode de vie s\u00e9dentaire<\/a>.<\/p>\n<p data-start=\"2648\" data-end=\"2677\">Les bons r\u00e9flexes \u00e0 adopter :<\/p>\n<ul data-start=\"2679\" data-end=\"3074\">\n<li data-start=\"2679\" data-end=\"2787\">\n<p data-start=\"2681\" data-end=\"2787\"><strong data-start=\"2681\" data-end=\"2692\">Limiter<\/strong> les huiles de tournesol, ma\u00efs, canola et p\u00e9pins de raisin dans la cuisson \u00e0 haute temp\u00e9rature.<\/p>\n<\/li>\n<li data-start=\"2788\" data-end=\"2876\">\n<p data-start=\"2790\" data-end=\"2876\"><strong data-start=\"2790\" data-end=\"2805\">Privil\u00e9gier<\/strong> les huiles riches en om\u00e9ga-3 : olive, colza non raffin\u00e9e, lin, avocat.<\/p>\n<\/li>\n<li data-start=\"2877\" data-end=\"2981\">\n<p data-start=\"2879\" data-end=\"2981\"><strong data-start=\"2879\" data-end=\"2890\">R\u00e9duire<\/strong> la part d\u2019aliments ultra-transform\u00e9s dans le quotidien (souvent cuisin\u00e9s avec ces huiles).<\/p>\n<\/li>\n<li data-start=\"2982\" data-end=\"3074\">\n<p data-start=\"2984\" data-end=\"3074\"><strong data-start=\"2984\" data-end=\"2994\">Varier<\/strong> les sources de gras : poissons gras, graines enti\u00e8res, noix et \u0153ufs de qualit\u00e9.<\/p>\n<\/li>\n<\/ul>\n<p>    Ce qu\u2019il faut retenir <\/p>\n<p data-start=\"3110\" data-end=\"3469\">Sans tomber dans l\u2019alerte excessive, ces r\u00e9sultats viennent rappeler une r\u00e9alit\u00e9 bien connue en nutrition : ce n\u2019est pas seulement ce que l\u2019on mange qui compte, mais <strong data-start=\"3276\" data-end=\"3303\">ce que le corps en fait<\/strong>. Une huile extraite d\u2019une graine \u00e0 grande \u00e9chelle, chauff\u00e9e, raffin\u00e9e, puis stock\u00e9e dans un plat industriel, <strong data-start=\"3413\" data-end=\"3468\">n\u2019a rien \u00e0 voir avec la m\u00eame graine consomm\u00e9e brute<\/strong>.<\/p>\n<p data-start=\"3471\" data-end=\"3796\">Le lien entre <strong data-start=\"3485\" data-end=\"3511\">inflammation chronique<\/strong> et <strong data-start=\"3515\" data-end=\"3539\">alimentation moderne<\/strong> se pr\u00e9cise encore un peu plus. Et face \u00e0 la mont\u00e9e inqui\u00e9tante du <a href=\"https:\/\/www.modesettravaux.fr\/beaute-bien-etre\/sante-beaute-bien-etre\/cest-une-combinaison-mortelle-un-professeur-de-medecine-alerte-sur-ces-deux-comportements-lies-a-un-risque-accru-de-cancer-134978.html\" rel=\"nofollow noopener\" target=\"_blank\">cancer<\/a> colorectal chez les jeunes adultes, il n\u2019est pas inutile de revoir l\u2019un des ingr\u00e9dients les plus banals de nos cuisines : l\u2019huile que l\u2019on verse, presque machinalement, dans la po\u00eale.<\/p>\n<p>    <img aria-describedby=\"caption-attachment-65324\" decoding=\"async\" loading=\"lazy\" class=\" wp-image-65324 img-responsive \" src=\"https:\/\/www.europesays.com\/fr\/wp-content\/uploads\/2025\/06\/shutterstock_1070434448.jpg\" alt=\"\" width=\"701\" height=\"467\"\/> \u00a9  Shutterstock<\/p>\n<p id=\"caption-attachment-65324\" class=\"wp-caption-text\">L\u2019\u00e9tude publi\u00e9e dans Gut r\u00e9v\u00e8le que les huiles de graines g\u00e9n\u00e8rent des lipides bioactifs dans les tumeurs du c\u00f4lon, perturbant les m\u00e9canismes de gu\u00e9rison cellulaires.<\/p>\n","protected":false},"excerpt":{"rendered":"Une \u00e9tude am\u00e9ricaine relance les alertes : des huiles que l\u2019on croyait neutres seraient pro-inflammatoires Tournesol, ma\u00efs, canola,&hellip;\n","protected":false},"author":2,"featured_media":184717,"comment_status":"","ping_status":"","sticky":false,"template":"","format":"standard","meta":{"footnotes":""},"categories":[10],"tags":[1011,27,72,71],"class_list":{"0":"post-184716","1":"post","2":"type-post","3":"status-publish","4":"format-standard","5":"has-post-thumbnail","7":"category-sante","8":"tag-fr","9":"tag-france","10":"tag-health","11":"tag-sante"},"share_on_mastodon":{"url":"https:\/\/pubeurope.com\/@fr\/114701803488214299","error":""},"_links":{"self":[{"href":"https:\/\/www.europesays.com\/fr\/wp-json\/wp\/v2\/posts\/184716","targetHints":{"allow":["GET"]}}],"collection":[{"href":"https:\/\/www.europesays.com\/fr\/wp-json\/wp\/v2\/posts"}],"about":[{"href":"https:\/\/www.europesays.com\/fr\/wp-json\/wp\/v2\/types\/post"}],"author":[{"embeddable":true,"href":"https:\/\/www.europesays.com\/fr\/wp-json\/wp\/v2\/users\/2"}],"replies":[{"embeddable":true,"href":"https:\/\/www.europesays.com\/fr\/wp-json\/wp\/v2\/comments?post=184716"}],"version-history":[{"count":0,"href":"https:\/\/www.europesays.com\/fr\/wp-json\/wp\/v2\/posts\/184716\/revisions"}],"wp:featuredmedia":[{"embeddable":true,"href":"https:\/\/www.europesays.com\/fr\/wp-json\/wp\/v2\/media\/184717"}],"wp:attachment":[{"href":"https:\/\/www.europesays.com\/fr\/wp-json\/wp\/v2\/media?parent=184716"}],"wp:term":[{"taxonomy":"category","embeddable":true,"href":"https:\/\/www.europesays.com\/fr\/wp-json\/wp\/v2\/categories?post=184716"},{"taxonomy":"post_tag","embeddable":true,"href":"https:\/\/www.europesays.com\/fr\/wp-json\/wp\/v2\/tags?post=184716"}],"curies":[{"name":"wp","href":"https:\/\/api.w.org\/{rel}","templated":true}]}}