{"id":184719,"date":"2025-06-18T01:37:03","date_gmt":"2025-06-18T01:37:03","guid":{"rendered":"https:\/\/www.europesays.com\/fr\/184719\/"},"modified":"2025-06-18T01:37:03","modified_gmt":"2025-06-18T01:37:03","slug":"maxi-decollete-et-jambes-interminables-pour-shym-sur-le-tapis-rouge-de-monte-carlo-non-loin-de-jeremy-frerot","status":"publish","type":"post","link":"https:\/\/www.europesays.com\/fr\/184719\/","title":{"rendered":"Maxi d\u00e9collet\u00e9 et jambes interminables pour Shy\u2019m sur le tapis rouge de Monte-Carlo, non loin de J\u00e9r\u00e9my Fr\u00e9rot"},"content":{"rendered":"<p>La chanteuse est, pour cette \u00e9dition 2025 du Festival de t\u00e9l\u00e9vision de Monte-Carlo, la ma\u00eetresse de C\u00e9r\u00e9monie des Nymphes d\u2019Or. Et il semblerait qu\u2019elle ait convi\u00e9 un invit\u00e9 sp\u00e9cial.<\/p>\n<p class=\"fig-paragraph\">Comme chaque ann\u00e9e depuis pr\u00e8s de 65 ans, le<a href=\"http:\/\/tvmag.lefigaro.fr\/programme-tv\/ce-soir-tele\/robin-wright-recompensee-au-festival-de-television-de-monte-carlo-il-faut-du-temps-pour-apprendre-a-s-aimer-20250612\" target=\"_blank\" data-fig-type=\"Article\" rel=\"noopener nofollow\" data-gtm-custom-categorie=\"navigation\" data-gtm-custom-action=\"crossclick\" data-gtm-custom-label=\"Contextuel\" data-gtm-event=\"customEventSPE\" data-fig-domain=\"TVMAG\">\u00a0Festival de t\u00e9l\u00e9vision de Monte-Carlo<\/a>\u00a0s\u2019est ouvert vendredi 13 juin pour se cl\u00f4turer ce mardi 17 juin. Plac\u00e9 sous la pr\u00e9sidence d\u2019honneur du prince Albert II de Monaco, l\u2019\u00e9v\u00e9nement consacre plusieurs cat\u00e9gories du monde t\u00e9l\u00e9visuel, \u00e0 savoir la fiction, l\u2019actualit\u00e9 mais aussi le prix du prince Rainier III. Pour cette \u00e9dition 2025, c\u2019est la chanteuse\u00a0<a href=\"http:\/\/tvmag.lefigaro.fr\/programme-tv\/actu-tele\/drag-race-france-shy-m-et-loic-prigent-rejoignent-le-jury-pour-une-saison-all-stars-20250213\" target=\"_blank\" data-fig-type=\"Article\" rel=\"noopener nofollow\" data-gtm-custom-categorie=\"navigation\" data-gtm-custom-action=\"crossclick\" data-gtm-custom-label=\"Contextuel\" data-gtm-event=\"customEventSPE\" data-fig-domain=\"TVMAG\">Shy\u2019m<\/a>\u00a0qui a \u00e9t\u00e9 choisie en qualit\u00e9 de ma\u00eetresse de C\u00e9r\u00e9monie des Nymphes d\u2019Or.<\/p>\n<p class=\"fig-paragraph\">Elle anime donc la soir\u00e9e de cl\u00f4ture sur la sc\u00e8ne du Grimaldi Forum ce soir, accompagn\u00e9e par l\u2019acteur anglais\u00a0<a href=\"https:\/\/tvmag.lefigaro.fr\/programme-tv\/ricky-whittle-american-gods-la-deesse-qui-represente-les-medias-est-plus-dangereuse-que-les-autres-divinites_9046e856-554a-11e9-bc1e-2349bf6e1825\" target=\"_blank\" data-fig-type=\"Article\" rel=\"noopener nofollow\" data-gtm-custom-categorie=\"navigation\" data-gtm-custom-action=\"crossclick\" data-gtm-custom-label=\"Contextuel\" data-gtm-event=\"customEventSPE\" data-fig-domain=\"TVMAG\">Ricky Whittle<\/a>. Dans une mini-robe noir et blanc d\u00e9voilant ses jambes interminables et son d\u00e9collet\u00e9 profond accompagn\u00e9 d\u2019une cape graphique XXL, Shy\u2019m a pos\u00e9 devant les photographes sur le tapis bleu du Festival avec son partenaire. Pourtant, c\u2019est bel et bien en famille que la femme de 39 ans s\u2019est rendue en principaut\u00e9 de Monaco. En effet, Tamara Marthe est venue\u00a0<a href=\"https:\/\/tvmag.lefigaro.fr\/programme-tv\/shy-m-a-donne-naissance-a-son-premier-enfant_df85fe60-607a-11eb-9c4a-f8f946d2a3ec\" target=\"_blank\" data-fig-type=\"Article\" rel=\"noopener nofollow\" data-gtm-custom-categorie=\"navigation\" data-gtm-custom-action=\"crossclick\" data-gtm-custom-label=\"Contextuel\" data-gtm-event=\"customEventSPE\" data-fig-domain=\"TVMAG\">avec son petit gar\u00e7on<\/a>, Tahoma, \u00e2g\u00e9 de 3 ans. \u00abIl est encore petit et c\u2019est la premi\u00e8re fois qu\u2019il m\u2019accompagne\u00bb, a-t-elle confi\u00e9 \u00e0 nos confr\u00e8res de Paris Match. Et d\u2019ajouter chercher \u00e0 le pr\u00e9server de sa m\u00e9diatisation\u00a0: \u00abIl commence \u00e0 comprendre quand il voit qu\u2019on me prend en photo, qu\u2019on m\u2019appelle par un autre nom. [&#8230;] Le plus longtemps il pourra penser qu\u2019il a une maman comme tout le monde, mieux ce sera.\u00bb<\/p>\n<p class=\"fig-body-link\">\n            \u00c0 lire aussi<br \/>\n        <a class=\"fig-body-link__link\" href=\"http:\/\/tvmag.lefigaro.fr\/programme-tv\/actu-tele\/squeezie-attendu-robin-wright-recompensee-tout-ce-qu-il-faut-savoir-sur-la-64e-edition-du-festival-de-monte-carlo-20250613\" target=\"_blank\" data-fig-type=\"Article\" rel=\"noopener nofollow\" data-gtm-custom-categorie=\"navigation\" data-gtm-custom-action=\"crossclick\" data-gtm-custom-label=\"Contextuel\" data-gtm-event=\"customEventSPE\" data-fig-domain=\"TVMAG\">Squeezie attendu, Robin Wright r\u00e9compens\u00e9e&#8230; Tout ce qu\u2019il faut savoir sur la 64e \u00e9dition du Festival de Monte-Carlo<br \/>\n    <\/a>\n<\/p>\n<p>    Shy\u2019m au Festival de t\u00e9l\u00e9vision de Monte-Carlo<br \/>\n                VALERY HACHE \/ AFP<\/p>\n<p class=\"fig-paragraph\">Pourtant, sur le tapis rouge lors de cette derni\u00e8re soir\u00e9e de Festival, ce n\u2019est pas un enfant en bas \u00e2ge qui l\u2019attendait sur le c\u00f4t\u00e9 \u00e0 l\u2019abri des photographes mais bel et bien un autre homme\u00a0:\u00a0<a href=\"https:\/\/www.lefigaro.fr\/tag\/jeremy-frerot\" target=\"_blank\" rel=\"noopener nofollow\" data-gtm-custom-categorie=\"navigation\" data-gtm-custom-action=\"crossclick\" data-gtm-custom-label=\"Contextuel\" data-gtm-event=\"customEventSPE\">J\u00e9r\u00e9my Fr\u00e9rot<\/a>. Une pr\u00e9sence qui ne fait que renforcer les rumeurs autour des deux chanteurs. Ces derni\u00e8res avaient commenc\u00e9 lors du concert des Enfoir\u00e9s en janvier dernier alors qu\u2019ils affichaient une grande complicit\u00e9 sur la sc\u00e8ne lors du tableau sur le titre Sar\u00e0 perch\u00e9 ti amo (comprenez \u00ab\u00c7a doit \u00eatre parce que je t\u2019aime\u00bb en fran\u00e7ais). En avril dernier, ils partageaient tous deux sur Instagram des clich\u00e9s d\u2019un voyage en van (rouge), sans pour autant se montrer sur leurs publications respectives.<\/p>\n<p class=\"fig-paragraph\">Ce mardi 17 juin, c\u2019est l\u00e9g\u00e8rement en retrait que J\u00e9r\u00e9my Fr\u00e9rot s\u2019est montr\u00e9, en tenue blanche et veste de costume noir, sur les abords du tapis rouge du Festival de t\u00e9l\u00e9vision de Monte-Carlo. Et alors que Shy\u2019m r\u00e9pondait aux sollicitations des photographes et journalistes, le chanteur d\u2019Adieu oscillait entre une g\u00eane palpable de ne pas savoir o\u00f9 se placer pour \u00eatre \u00e0 l\u2019abri des regards et une admiration marqu\u00e9e dans son regard pour la chanteuse. Alors simple amiti\u00e9 ou idylle confirm\u00e9e\u00a0? Leur secret reste entier.<\/p>\n","protected":false},"excerpt":{"rendered":"La chanteuse est, pour cette \u00e9dition 2025 du Festival de t\u00e9l\u00e9vision de Monte-Carlo, la ma\u00eetresse de C\u00e9r\u00e9monie des&hellip;\n","protected":false},"author":2,"featured_media":184720,"comment_status":"","ping_status":"","sticky":false,"template":"","format":"standard","meta":{"footnotes":""},"categories":[8],"tags":[976,1000,58,59,1011,27,1714,1718,6882,5386,1713,973,1717,1715,1716],"class_list":{"0":"post-184719","1":"post","2":"type-post","3":"status-publish","4":"format-standard","5":"has-post-thumbnail","7":"category-divertissement","8":"tag-actu-people","9":"tag-celebrites","10":"tag-divertissement","11":"tag-entertainment","12":"tag-fr","13":"tag-france","14":"tag-info-people","15":"tag-infos-people-du-jour","16":"tag-jeremy-frerot","17":"tag-monte-carlo","18":"tag-news-people","19":"tag-people","20":"tag-photo-people","21":"tag-potins-de-stars","22":"tag-potins-people"},"share_on_mastodon":{"url":"","error":""},"_links":{"self":[{"href":"https:\/\/www.europesays.com\/fr\/wp-json\/wp\/v2\/posts\/184719","targetHints":{"allow":["GET"]}}],"collection":[{"href":"https:\/\/www.europesays.com\/fr\/wp-json\/wp\/v2\/posts"}],"about":[{"href":"https:\/\/www.europesays.com\/fr\/wp-json\/wp\/v2\/types\/post"}],"author":[{"embeddable":true,"href":"https:\/\/www.europesays.com\/fr\/wp-json\/wp\/v2\/users\/2"}],"replies":[{"embeddable":true,"href":"https:\/\/www.europesays.com\/fr\/wp-json\/wp\/v2\/comments?post=184719"}],"version-history":[{"count":0,"href":"https:\/\/www.europesays.com\/fr\/wp-json\/wp\/v2\/posts\/184719\/revisions"}],"wp:featuredmedia":[{"embeddable":true,"href":"https:\/\/www.europesays.com\/fr\/wp-json\/wp\/v2\/media\/184720"}],"wp:attachment":[{"href":"https:\/\/www.europesays.com\/fr\/wp-json\/wp\/v2\/media?parent=184719"}],"wp:term":[{"taxonomy":"category","embeddable":true,"href":"https:\/\/www.europesays.com\/fr\/wp-json\/wp\/v2\/categories?post=184719"},{"taxonomy":"post_tag","embeddable":true,"href":"https:\/\/www.europesays.com\/fr\/wp-json\/wp\/v2\/tags?post=184719"}],"curies":[{"name":"wp","href":"https:\/\/api.w.org\/{rel}","templated":true}]}}