{"id":184729,"date":"2025-06-18T01:42:15","date_gmt":"2025-06-18T01:42:15","guid":{"rendered":"https:\/\/www.europesays.com\/fr\/184729\/"},"modified":"2025-06-18T01:42:15","modified_gmt":"2025-06-18T01:42:15","slug":"cette-expertise-sur-les-images-de-depardieu-en-coree-du-nord-est-un-serieux-desaveu-pour-lacteur","status":"publish","type":"post","link":"https:\/\/www.europesays.com\/fr\/184729\/","title":{"rendered":"Cette expertise sur les images de Depardieu en Cor\u00e9e du Nord est un s\u00e9rieux d\u00e9saveu pour l\u2019acteur"},"content":{"rendered":"<p>        <img decoding=\"async\" loading=\"lazy\" src=\"https:\/\/www.europesays.com\/fr\/wp-content\/uploads\/2025\/06\/c0cdaaf_1703610196884-gettyimages-941593838.jpg\"  width=\"728\" height=\"409\" alt=\"Les propos de G\u00e9rard Depardieu en Cor\u00e9e du Nord et diffus\u00e9s par \u00ab\u00a0Compl\u00e9ment d\u2019enqu\u00eate\u00a0\u00bb ont fait pol\u00e9mique.\"\/>  <\/p>\n<p>Eric Fougere &#8211; Corbis \/ Corbis via Getty Images<\/p>\n<p>Les propos de G\u00e9rard Depardieu en Cor\u00e9e du Nord et diffus\u00e9s par \u00ab\u00a0Compl\u00e9ment d\u2019enqu\u00eate\u00a0\u00bb ont fait pol\u00e9mique.<\/p>\n<p class=\"asset asset-text\">VIOLENCES SEXISTES &#8211; Le doute est d\u00e9sormais lev\u00e9. Une expertise judiciaire rendue mi-mai et dont le contenu a \u00e9t\u00e9 r\u00e9v\u00e9l\u00e9 ce mardi 17\u00a0juin par<a href=\"https:\/\/www.liberation.fr\/checknews\/gerard-depardieu-a-bien-sexualise-une-fillette-lors-dun-voyage-en-coree-du-nord-selon-une-expertise-judiciaire-20250617_RQMIACZRK5DP7OPRGQLGDY6ISQ\/\" target=\"_blank\" rel=\"noopener\" title=\"Nouvelle fen\u00eatre\"> Lib\u00e9ration<\/a> et <a href=\"https:\/\/www.bfmtv.com\/police-justice\/une-expertise-judiciaire-conclut-que-gerard-depardieu-a-bien-sexualise-une-fillette-en-coree-du-nord_AN-202506170389.html\" target=\"_blank\" rel=\"noopener\" title=\"Nouvelle fen\u00eatre\">BFMTV<\/a> conclut que<a href=\"https:\/\/www.huffingtonpost.fr\/politique\/article\/gerard-depardieu-aurore-berge-dit-qu-elle-n-a-pas-envie-de-voir-son-nouveau-film-avec-fanny-ardant_249588.html\" target=\"_blank\" rel=\"noopener\" title=\"Nouvelle fen\u00eatre\"> G\u00e9rard Depardieu<\/a> a bien tenu des propos sexualisant une petite fille lors d\u2019un voyage en Cor\u00e9e du Nord, comme le montrait un reportage de l\u2019\u00e9mission <a href=\"https:\/\/www.huffingtonpost.fr\/justice\/article\/la-bataille-autour-du-complement-d-enquete-sur-gerard-depardieu-se-reglera-au-tribunal-a-l-automne_249694.html\" target=\"_blank\" rel=\"noopener\" title=\"Nouvelle fen\u00eatre\">Compl\u00e9ment d\u2019enqu\u00eate<\/a> en d\u00e9cembre\u00a02023.<\/p>\n<p class=\"asset asset-text\">Dans ces images tourn\u00e9es en 2018, l\u2019acteur assistait \u00e0 un cours d\u2019\u00e9quitation pour enfant quand il a tenu des propos choquants. \u00ab\u00a0Si jamais il galope, elle jouit (&#8230;). S\u2019il la fait galoper, elle mouille, elle jouit\u00a0\u00bb, entendait-on sur la vid\u00e9o lorsqu\u2019une enfant passait. \u00ab\u00a0Il va jusqu\u2019\u00e0 sexualiser une fillette d\u2019une dizaine d\u2019ann\u00e9es\u00a0\u00bb, indiquait alors la voix off de France 2.<\/p>\n<p class=\"asset asset-text\">Son avocat J\u00e9r\u00e9mie Assous avait dans un premier temps indiqu\u00e9 que cette sc\u00e8ne \u00e9tait un montage \u00ab\u00a0illicite\u00a0\u00bb, affirmant que ces paroles avaient bien \u00e9t\u00e9 prononc\u00e9es, mais pas au moment du passage de la fillette. Ces propos se seraient adress\u00e9s, selon lui, \u00e0 une autre femme d\u2019une trentaine d\u2019ann\u00e9es.<\/p>\n<p>    Une vingtaine d\u2019accusations    <\/p>\n<p class=\"asset asset-text\">Les images diffus\u00e9es sur France 2\u00a0ont ensuite \u00e9t\u00e9 ajout\u00e9es au dossier de <a href=\"https:\/\/www.huffingtonpost.fr\/justice\/article\/charlotte-arnould-qui-accuse-depardieu-de-viol-dit-vivre-un-enfer-depuis-cinq-ans_218235.html?utm_source=flipboard&amp;utm_content=topic%2Ffr-sant%C3%A9\" target=\"_blank\" rel=\"noopener\">Charlotte Arnoud<\/a>, qui accuse G\u00e9rard Depardieu de l\u2019avoir viol\u00e9 en 2018. C\u2019est dans le cadre de cette enqu\u00eate qu\u2019elles ont fait l\u2019objet d\u2019une expertise judiciaire.<\/p>\n<p class=\"asset asset-text\">Le rapport indique que \u00ab\u00a0des propos \u00e0 connotation sexuelle ont \u00e9t\u00e9 adress\u00e9s \u00e0 l\u2019\u00e9gard d\u2019une fillette \u00e9voluant sur un poney\u00a0\u00bb. L\u2019expert indique \u00e9galement que G\u00e9rard Depardieu s\u2019adressait \u00e0 une personne portant des mocassins. Or seule cette fillette portait ce type de chaussures. Une autre expertise des images est toujours en cours dans le cadre de la proc\u00e9dure judiciaire de l\u2019acteur contre France t\u00e9l\u00e9visions.<\/p>\n<p class=\"asset asset-text\">G\u00e9rard Depardieu a \u00e9t\u00e9 condamn\u00e9 mi-mai \u00e0 <a href=\"https:\/\/www.huffingtonpost.fr\/culture\/video\/gerard-depardieu-coupable-d-agressions-sexuelles-l-acteur-condamne-a-18-mois-de-prison-avec-sursis_249899.html\" target=\"_blank\" rel=\"noopener\">18 mois de prison avec sursis<\/a> par le tribunal correctionnel de Paris, pour avoir agress\u00e9 deux femmes sur le tournage des Volets verts en 2021 \u00e0 Paris. Ces derni\u00e8res ann\u00e9es, l\u2019acteur a \u00e9t\u00e9 accus\u00e9 d\u2019agressions sexuelles par une vingtaine de femmes mais plusieurs proc\u00e9dures ont \u00e9t\u00e9 class\u00e9es pour cause de prescription des faits.<\/p>\n","protected":false},"excerpt":{"rendered":"Eric Fougere &#8211; Corbis \/ Corbis via Getty Images Les propos de G\u00e9rard Depardieu en Cor\u00e9e du Nord&hellip;\n","protected":false},"author":2,"featured_media":184730,"comment_status":"","ping_status":"","sticky":false,"template":"","format":"standard","meta":{"footnotes":""},"categories":[2],"tags":[11,28200,1011,27,2400,302,303,12,32279],"class_list":{"0":"post-184729","1":"post","2":"type-post","3":"status-publish","4":"format-standard","5":"has-post-thumbnail","7":"category-actualites","8":"tag-actualites","9":"tag-complement-d-enquete","10":"tag-fr","11":"tag-france","12":"tag-france-televisions","13":"tag-gerard-depardieu","14":"tag-justice","15":"tag-news","16":"tag-violences-sexistes"},"share_on_mastodon":{"url":"https:\/\/pubeurope.com\/@fr\/114701831000298570","error":""},"_links":{"self":[{"href":"https:\/\/www.europesays.com\/fr\/wp-json\/wp\/v2\/posts\/184729","targetHints":{"allow":["GET"]}}],"collection":[{"href":"https:\/\/www.europesays.com\/fr\/wp-json\/wp\/v2\/posts"}],"about":[{"href":"https:\/\/www.europesays.com\/fr\/wp-json\/wp\/v2\/types\/post"}],"author":[{"embeddable":true,"href":"https:\/\/www.europesays.com\/fr\/wp-json\/wp\/v2\/users\/2"}],"replies":[{"embeddable":true,"href":"https:\/\/www.europesays.com\/fr\/wp-json\/wp\/v2\/comments?post=184729"}],"version-history":[{"count":0,"href":"https:\/\/www.europesays.com\/fr\/wp-json\/wp\/v2\/posts\/184729\/revisions"}],"wp:featuredmedia":[{"embeddable":true,"href":"https:\/\/www.europesays.com\/fr\/wp-json\/wp\/v2\/media\/184730"}],"wp:attachment":[{"href":"https:\/\/www.europesays.com\/fr\/wp-json\/wp\/v2\/media?parent=184729"}],"wp:term":[{"taxonomy":"category","embeddable":true,"href":"https:\/\/www.europesays.com\/fr\/wp-json\/wp\/v2\/categories?post=184729"},{"taxonomy":"post_tag","embeddable":true,"href":"https:\/\/www.europesays.com\/fr\/wp-json\/wp\/v2\/tags?post=184729"}],"curies":[{"name":"wp","href":"https:\/\/api.w.org\/{rel}","templated":true}]}}