{"id":18473,"date":"2025-04-11T23:01:13","date_gmt":"2025-04-11T23:01:13","guid":{"rendered":"https:\/\/www.europesays.com\/fr\/18473\/"},"modified":"2025-04-11T23:01:13","modified_gmt":"2025-04-11T23:01:13","slug":"quelle-mascarade-interdites-en-debut-dannee-les-balades-a-poney-deja-de-retour-dans-les-bois-de-paris","status":"publish","type":"post","link":"https:\/\/www.europesays.com\/fr\/18473\/","title":{"rendered":"\u00ab\u00a0Quelle mascarade\u00a0!\u00a0\u00bb\u00a0: interdites en d\u00e9but d\u2019ann\u00e9e, les balades \u00e0 poney d\u00e9j\u00e0 de retour dans les bois de Paris"},"content":{"rendered":"<p class=\"paragraph text_align_left\">\u00c0 peine parties et d\u00e9j\u00e0 de retour\u00a0? \u00c0 Paris, <a href=\"https:\/\/www.leparisien.fr\/paris-75\/bien-etre-animal-les-balades-a-poneys-dans-les-parcs-de-paris-cest-fini-08-08-2023-4SYLLIRNRJH4BNI55UV5SOFPGM.php\" target=\"_blank\" rel=\"nofollow noopener\">les balades \u00e0 poney<\/a>, d\u00e9sormais interdites depuis le d\u00e9but de l\u2019ann\u00e9e dans les grands parcs de la capitale, pourraient bient\u00f4t retrouver du service dans les bois de Vincennes (XIIe) et de Boulogne (XVIe).<\/p>\n<p class=\"paragraph text_align_left\">C\u2019est en tout cas la volont\u00e9 de la Ville de Paris qui a pr\u00e9sent\u00e9 ce vendredi en Conseil une d\u00e9lib\u00e9ration relative \u00e0 la relance de \u00ab\u00a0l\u2019activit\u00e9 de d\u00e9couverte du poney\u00a0\u00bb. C\u2019est pourtant la m\u00eame majorit\u00e9 qui, \u00e0 l\u2019issue de plusieurs d\u00e9bats houleux au sein de l\u2019h\u00e9micycle, avait proc\u00e9d\u00e9 \u00e0 la non-reconduction des conventions de balades \u00e0 dos d\u2019\u00e9quid\u00e9s, arriv\u00e9es \u00e0 leur terme en 2025.<\/p>\n","protected":false},"excerpt":{"rendered":"\u00c0 peine parties et d\u00e9j\u00e0 de retour\u00a0? \u00c0 Paris, les balades \u00e0 poney, d\u00e9sormais interdites depuis le d\u00e9but&hellip;\n","protected":false},"author":2,"featured_media":18474,"comment_status":"","ping_status":"","sticky":false,"template":"","format":"standard","meta":{"footnotes":""},"categories":[1888],"tags":[1111,1928,11,1927,1867,1777,674,1011,27,1944,12,1926,626,1925,25],"class_list":{"0":"post-18473","1":"post","2":"type-post","3":"status-publish","4":"format-standard","5":"has-post-thumbnail","7":"category-paris","8":"tag-actu","9":"tag-actu-paris","10":"tag-actualites","11":"tag-actualites-paris","12":"tag-animaux","13":"tag-eu","14":"tag-europe","15":"tag-fr","16":"tag-france","17":"tag-ma-ville","18":"tag-news","19":"tag-news-paris","20":"tag-paris","21":"tag-paris-news","22":"tag-republique-francaise"},"share_on_mastodon":{"url":"https:\/\/pubeurope.com\/@fr\/114321823143775670","error":""},"_links":{"self":[{"href":"https:\/\/www.europesays.com\/fr\/wp-json\/wp\/v2\/posts\/18473","targetHints":{"allow":["GET"]}}],"collection":[{"href":"https:\/\/www.europesays.com\/fr\/wp-json\/wp\/v2\/posts"}],"about":[{"href":"https:\/\/www.europesays.com\/fr\/wp-json\/wp\/v2\/types\/post"}],"author":[{"embeddable":true,"href":"https:\/\/www.europesays.com\/fr\/wp-json\/wp\/v2\/users\/2"}],"replies":[{"embeddable":true,"href":"https:\/\/www.europesays.com\/fr\/wp-json\/wp\/v2\/comments?post=18473"}],"version-history":[{"count":0,"href":"https:\/\/www.europesays.com\/fr\/wp-json\/wp\/v2\/posts\/18473\/revisions"}],"wp:featuredmedia":[{"embeddable":true,"href":"https:\/\/www.europesays.com\/fr\/wp-json\/wp\/v2\/media\/18474"}],"wp:attachment":[{"href":"https:\/\/www.europesays.com\/fr\/wp-json\/wp\/v2\/media?parent=18473"}],"wp:term":[{"taxonomy":"category","embeddable":true,"href":"https:\/\/www.europesays.com\/fr\/wp-json\/wp\/v2\/categories?post=18473"},{"taxonomy":"post_tag","embeddable":true,"href":"https:\/\/www.europesays.com\/fr\/wp-json\/wp\/v2\/tags?post=18473"}],"curies":[{"name":"wp","href":"https:\/\/api.w.org\/{rel}","templated":true}]}}