{"id":184739,"date":"2025-06-18T01:49:12","date_gmt":"2025-06-18T01:49:12","guid":{"rendered":"https:\/\/www.europesays.com\/fr\/184739\/"},"modified":"2025-06-18T01:49:12","modified_gmt":"2025-06-18T01:49:12","slug":"montpellier-coup-darret-brutal-a-la-chaine-regionale-viaoccitanie-treize-journalistes-au-chomage","status":"publish","type":"post","link":"https:\/\/www.europesays.com\/fr\/184739\/","title":{"rendered":"Montpellier. Coup d&rsquo;arr\u00eat brutal \u00e0 la cha\u00eene r\u00e9gionale Vi\u00e0Occitanie, treize journalistes au ch\u00f4mage"},"content":{"rendered":"<p>            Par<br \/>\n        <strong><br \/>\n            <a href=\"https:\/\/actu.fr\/auteur\/jm-aubert\" title=\"Consulter tous les articles de Jean-Marc Aubert\" target=\"_blank\" rel=\"noopener\">Jean-Marc Aubert<\/a><br \/>\n        <\/strong><\/p>\n<p>        Publi\u00e9 le<\/p>\n<p>            17 juin 2025 \u00e0 12h47        <\/p>\n<p>C\u2019\u00e9tait le slogan de la t\u00e9l\u00e9 r\u00e9gionale <strong>Vi\u00e0Occitanie<\/strong> sur la TNT : \u00ab\u00a0La cha\u00eene avec l\u2019accent\u00a0\u00bb. C\u2019\u00e9tait, car elle va cesser d\u2019\u00e9mettre vers la fin du mois de juillet, en raison de difficult\u00e9s financi\u00e8res, a annonc\u00e9 brutalement ce vendredi 13 juin 2025, le groupe de presse La D\u00e9p\u00eache du Midi, repreneur depuis 2021.<\/p>\n<p>    <a href=\"https:\/\/www.google.com\/maps\/embed?pb=!1m18!1m12!1m3!1d19942.820648209497!2d4.187750173108695!3d43.7219137971594!2m3!1f0!2f0!3f0!3m2!1i1024!2i768!4f13.1!3m3!1m2!1s0x12b6af65c9337731%3A0x85c5b3e01aff0bc6!2svi%C3%A0Occitanie!5e0!3m2!1sfr!2sfr!4v1750150986252!5m2!1sfr!2sfr\" title=\"Ouvrie le lien\" target=\"_blank\" rel=\"noopener\">Cliquez ici pour visualiser le contenu<\/a><\/p>\n<p class=\" wall-content\">\u00ab\u00a0Nous avons appris cette d\u00e9cision par mail, nous sommes sid\u00e9r\u00e9s\u00a0\u00bb, assure Pascal Bonnet des Films du Sud.\u00a0<strong>13 des 18 salari\u00e9s en CDI<\/strong>\u00a0perdent leur emploi, selon une estimation de la r\u00e9daction, qui d\u00e9plore que l\u2019arr\u00eat de Vi\u00e0Occitanie constitue un coup dur pour la production de documentaires, dont plus de trente ont \u00e9t\u00e9 diffus\u00e9s.<\/p>\n<p>    <a href=\"https:\/\/www.facebook.com\/plugins\/video.php?height=314&amp;href=https%3A%2F%2Fwww.facebook.com%2FviaOccitanie%2Fvideos%2F4186105688338729%2F&amp;show_text=false&amp;width=350&amp;t=0\" title=\"Ouvrie le lien\" target=\"_blank\" rel=\"noopener\">Cliquez ici pour visualiser le contenu<\/a><\/p>\n<p class=\" wall-content\">En 2023, quelque 200 000\u20ac avaient \u00e9t\u00e9 pourtant inject\u00e9s, lors d\u2019un contrat sign\u00e9 avec la R\u00e9gion Occitanie pour des coproductions de documentaires traitant les treize d\u00e9partements. Les locaux sont situ\u00e9s \u00e0 Montpellier, \u00e0 Gallargues-le-Montueux, dans le Gard et \u00e0 Toulouse, notamment, un ancrage au plus pr\u00e8s des principaux d\u00e9partements de la r\u00e9gion, permettant la diffusion notamment de l\u2019int\u00e9gralit\u00e9 de l\u2019Open de tennis Occitanie, \u00e0 l\u2019Ar\u00e9na de Montpellier, \u00e0 P\u00e9rols. Un plus pour les amateurs de ce sport.<\/p>\n<p>Vid\u00e9os : en ce moment sur Actu<\/p>\n<p class=\" wall-content\">Cette cha\u00eene donnait \u00e9galement la part belle aux rencontres de <strong>rugby \u00e0 XIII,<\/strong> un sport boud\u00e9 par les cha\u00eenes publiques et sportives. Journaliste historique de Vi\u00e0Occitanie et secr\u00e9taire du comit\u00e9 social et \u00e9conomique -CSE-, Olivier Roirand r\u00e9v\u00e8le \u00e0 <strong>M\u00e9tropolitain<\/strong>, ce mardi 17 juin que \u00ab\u00a0des discussions\u00a0sont en cours sur les conditions de d\u00e9part des salari\u00e9s concern\u00e9s par les licenciements\u00a0\u00bb.\u00a0<\/p>\n<p>\u00ab\u00a0Contraction des soutiens publics, mais\u2026\u00a0\u00bb<\/p>\n<p class=\" wall-content\">La r\u00e9action du journaliste <strong>Jean Brun<\/strong> qui fut, comme Olivier Roirand de la premi\u00e8re heure, \u00e0 l\u2019\u00e9poque de TV Sud aux commandes de l\u2019\u00e9quipe r\u00e9dactionnelle de Vi\u00e0Occitanie t\u00e9moigne du sentiment de col\u00e8re qui \u00e9merge, apr\u00e8s l\u2019arr\u00eat de la cha\u00eene r\u00e9gionale. Il ne manque pas de s\u2019interroger : \u00ab\u00a0La baisse -strat\u00e9giquement orient\u00e9e ?- de la contribution de la R\u00e9gion Occitanie \/ Pyr\u00e9n\u00e9es-M\u00e9diterran\u00e9e ne saurait suffire \u00e0 justifier la d\u00e9cision du groupe La D\u00e9p\u00eache du Midi. Tous les m\u00e9dias de proximit\u00e9 font face \u00e0 une contraction des soutiens publics \u2014 chacun op\u00e8re alors ses choix. En d\u00e9cidant de fermer les cha\u00eenes vi\u00e0Occitanie , le groupe La D\u00e9p\u00eache du Midi a clairement arbitr\u00e9 contre un outil pourtant essentiel \u00e0 l\u2019information locale, \u00e0 la coh\u00e9sion territoriale et \u00e0 la vie d\u00e9mocratique. Quand on occupe, comme La D\u00e9p\u00eache, une place d\u2019acteur politique structurant dans son territoire, on porte une responsabilit\u00e9 particuli\u00e8re\u00a0\u00bb.<\/p>\n<p class=\" wall-content\">Et Jean Brun d\u2019ajouter que, \u00ab\u00a0Faire vivre vi\u00e0Occitanie aurait d\u00fb -aurait pu- \u00eatre un engagement strat\u00e9gique clair.\u00a0Mais certains apprentis sorciers, venus tout droit de contre-mod\u00e8les comme Digiteka, croyant d\u00e9tenir la martingale, ont emport\u00e9 la d\u00e9cision, sans apporter la moindre preuve que leur approche suffise \u00e0 remplacer ce que seule une cha\u00eene de t\u00e9l\u00e9vision territoriale peut offrir : une ligne \u00e9ditoriale claire, un ancrage local, une relation durable avec le public. Ce mod\u00e8le n\u2019est qu\u2019un compl\u00e9ment. Rien de plus.<br \/>Ce choix marque un recul grave pour le pluralisme de l\u2019information et affaiblit la d\u00e9mocratie locale\u00a0\u00bb. Une longue page se tourne, un \u00e9t\u00e9 dur \u00e0 vivre pour tous les salari\u00e9s de cette cha\u00eene de la TNT.<\/p>\n<p class=\" wall-content\">Suivez toute l\u2019actualit\u00e9 de vos villes et m\u00e9dias favoris en vous inscrivant \u00e0 <a href=\"https:\/\/moncompte.actu.fr\" title=\"D\u00e9couvez Mon Actu\" rel=\"nofollow noopener\" data-trk=\"{&quot;cta&quot;:{&quot;action&quot;:&quot;https:\\\/\\\/moncompte.actu.fr&quot;,&quot;category&quot;:&quot;mon compte&quot;,&quot;from&quot;:&quot;article footer&quot;,&quot;name&quot;:&quot;Mon actu&quot;,&quot;type&quot;:&quot;cta&quot;}}\" target=\"_blank\">Mon Actu<\/a>.<\/p>\n<ul class=\"ac-article-tag wall-content\">\n<li><a href=\"https:\/\/actu.fr\/tag\/region-occitanie\" data-trk=\"{&quot;cta&quot;:{&quot;action&quot;:&quot;R\\u00e9gion Occitanie&quot;,&quot;category&quot;:&quot;tag&quot;,&quot;from&quot;:&quot;article footer&quot;,&quot;name&quot;:&quot;R\\u00e9gion Occitanie&quot;,&quot;type&quot;:&quot;cta&quot;}}\" target=\"_blank\" rel=\"noopener\">#R\u00e9gion Occitanie<\/a><\/li>\n<li><a href=\"https:\/\/actu.fr\/tag\/television\" data-trk=\"{&quot;cta&quot;:{&quot;action&quot;:&quot;T\\u00e9l\\u00e9vision&quot;,&quot;category&quot;:&quot;tag&quot;,&quot;from&quot;:&quot;article footer&quot;,&quot;name&quot;:&quot;T\\u00e9l\\u00e9vision&quot;,&quot;type&quot;:&quot;cta&quot;}}\" target=\"_blank\" rel=\"noopener\">#T\u00e9l\u00e9vision<\/a><\/li>\n<\/ul>\n","protected":false},"excerpt":{"rendered":"Par Jean-Marc Aubert Publi\u00e9 le 17 juin 2025 \u00e0 12h47 C\u2019\u00e9tait le slogan de la t\u00e9l\u00e9 r\u00e9gionale Vi\u00e0Occitanie&hellip;\n","protected":false},"author":2,"featured_media":184740,"comment_status":"","ping_status":"","sticky":false,"template":"","format":"standard","meta":{"footnotes":""},"categories":[9599],"tags":[1111,11,33,1777,674,1011,27,2208,12,2680,16417,25,252],"class_list":{"0":"post-184739","1":"post","2":"type-post","3":"status-publish","4":"format-standard","5":"has-post-thumbnail","7":"category-montpellier","8":"tag-actu","9":"tag-actualites","10":"tag-economie","11":"tag-eu","12":"tag-europe","13":"tag-fr","14":"tag-france","15":"tag-montpellier","16":"tag-news","17":"tag-occitanie","18":"tag-region-occitanie","19":"tag-republique-francaise","20":"tag-television"},"share_on_mastodon":{"url":"https:\/\/pubeurope.com\/@fr\/114701858430742264","error":""},"_links":{"self":[{"href":"https:\/\/www.europesays.com\/fr\/wp-json\/wp\/v2\/posts\/184739","targetHints":{"allow":["GET"]}}],"collection":[{"href":"https:\/\/www.europesays.com\/fr\/wp-json\/wp\/v2\/posts"}],"about":[{"href":"https:\/\/www.europesays.com\/fr\/wp-json\/wp\/v2\/types\/post"}],"author":[{"embeddable":true,"href":"https:\/\/www.europesays.com\/fr\/wp-json\/wp\/v2\/users\/2"}],"replies":[{"embeddable":true,"href":"https:\/\/www.europesays.com\/fr\/wp-json\/wp\/v2\/comments?post=184739"}],"version-history":[{"count":0,"href":"https:\/\/www.europesays.com\/fr\/wp-json\/wp\/v2\/posts\/184739\/revisions"}],"wp:featuredmedia":[{"embeddable":true,"href":"https:\/\/www.europesays.com\/fr\/wp-json\/wp\/v2\/media\/184740"}],"wp:attachment":[{"href":"https:\/\/www.europesays.com\/fr\/wp-json\/wp\/v2\/media?parent=184739"}],"wp:term":[{"taxonomy":"category","embeddable":true,"href":"https:\/\/www.europesays.com\/fr\/wp-json\/wp\/v2\/categories?post=184739"},{"taxonomy":"post_tag","embeddable":true,"href":"https:\/\/www.europesays.com\/fr\/wp-json\/wp\/v2\/tags?post=184739"}],"curies":[{"name":"wp","href":"https:\/\/api.w.org\/{rel}","templated":true}]}}