{"id":184741,"date":"2025-06-18T01:50:12","date_gmt":"2025-06-18T01:50:12","guid":{"rendered":"https:\/\/www.europesays.com\/fr\/184741\/"},"modified":"2025-06-18T01:50:12","modified_gmt":"2025-06-18T01:50:12","slug":"sacre-a-montpellier-ndoye-brouard-qualifie-pour-les-mondiaux-sur-200-m-dos","status":"publish","type":"post","link":"https:\/\/www.europesays.com\/fr\/184741\/","title":{"rendered":"sacr\u00e9 \u00e0 Montpellier, Ndoye Brouard qualifi\u00e9 pour les Mondiaux sur 200 m dos"},"content":{"rendered":"<p>Le Fran\u00e7ais s\u2019est qualifi\u00e9 pour les Mondiaux de Singapour sur 200 m dos, deux jours apr\u00e8s avoir obtenu un billet sur 100 m dos.<\/p>\n<p class=\"fig-paragraph\">En remportant les Championnats de France mardi \u00e0 Montpellier, le m\u00e9daill\u00e9 olympique Yohann Ndoye Brouard s&rsquo;est qualifi\u00e9 pour les Mondiaux de Singapour sur 200 m dos, deux jours apr\u00e8s avoir obtenu un billet sur 100 m dos.<\/p>\n<p class=\"fig-paragraph\">Le dossiste de 24 ans s&rsquo;est impos\u00e9 en 1 min 56 sec 38, juste devant Antoine Herlem (1 min 56 sec 52, \u00e9galement qualifi\u00e9 pour les Mondiaux), gr\u00e2ce \u00e0 un dernier 50 m\u00e8tres tonitruants o\u00f9 il a repris plusieurs concurrents \u00e0 l&rsquo;approche de la marque. \u00abD&rsquo;habitude, j&rsquo;essaie de partir tr\u00e8s vite et de tenir, mais l\u00e0, j&rsquo;ai chang\u00e9 de strat\u00e9gie\u00a0: j&rsquo;ai plut\u00f4t essay\u00e9 de suivre les autres pour garder un bon finish. J&rsquo;ai eu l&rsquo;impression que plus rien ne pouvait m&rsquo;arr\u00eater\u00bb, a racont\u00e9 Ndoye Brouard.<\/p>\n<p class=\"fig-paragraph\">Membre du relais m\u00e9daill\u00e9 de bronze olympique sur le 4 x 100 m quatre nages l&rsquo;\u00e9t\u00e9 dernier \u00e0 Paris, le Chamb\u00e9rien, qui suit en parall\u00e8le de sa carri\u00e8re de nageur des \u00e9tudes de kin\u00e9, esp\u00e8re \u00eatre \u00abencore plus rapide\u00bb aux Mondiaux dans quelques semaines.<\/p>\n","protected":false},"excerpt":{"rendered":"Le Fran\u00e7ais s\u2019est qualifi\u00e9 pour les Mondiaux de Singapour sur 200 m dos, deux jours apr\u00e8s avoir obtenu&hellip;\n","protected":false},"author":2,"featured_media":184742,"comment_status":"","ping_status":"","sticky":false,"template":"","format":"standard","meta":{"footnotes":""},"categories":[9599],"tags":[2466,1111,2465,2464,11,1977,1981,451,207,1777,2468,674,63,1454,1011,27,66,447,2467,2208,1457,5216,2182,12,2680,25,1980,479,2259,1467],"class_list":{"0":"post-184741","1":"post","2":"type-post","3":"status-publish","4":"format-standard","5":"has-post-thumbnail","7":"category-montpellier","8":"tag-2466","9":"tag-actu","10":"tag-actu-sport","11":"tag-actualite-sportive","12":"tag-actualites","13":"tag-auto","14":"tag-classement","15":"tag-coupe-du-monde","16":"tag-cyclisme","17":"tag-eu","18":"tag-euro-foot","19":"tag-europe","20":"tag-football","21":"tag-formule-1","22":"tag-fr","23":"tag-france","24":"tag-ligue-1","25":"tag-ligue-des-champions","26":"tag-live-sport","27":"tag-montpellier","28":"tag-moto","29":"tag-natation","30":"tag-nba","31":"tag-news","32":"tag-occitanie","33":"tag-republique-francaise","34":"tag-resultats","35":"tag-rugby","36":"tag-score","37":"tag-tennis"},"share_on_mastodon":{"url":"https:\/\/pubeurope.com\/@fr\/114701862394940977","error":""},"_links":{"self":[{"href":"https:\/\/www.europesays.com\/fr\/wp-json\/wp\/v2\/posts\/184741","targetHints":{"allow":["GET"]}}],"collection":[{"href":"https:\/\/www.europesays.com\/fr\/wp-json\/wp\/v2\/posts"}],"about":[{"href":"https:\/\/www.europesays.com\/fr\/wp-json\/wp\/v2\/types\/post"}],"author":[{"embeddable":true,"href":"https:\/\/www.europesays.com\/fr\/wp-json\/wp\/v2\/users\/2"}],"replies":[{"embeddable":true,"href":"https:\/\/www.europesays.com\/fr\/wp-json\/wp\/v2\/comments?post=184741"}],"version-history":[{"count":0,"href":"https:\/\/www.europesays.com\/fr\/wp-json\/wp\/v2\/posts\/184741\/revisions"}],"wp:featuredmedia":[{"embeddable":true,"href":"https:\/\/www.europesays.com\/fr\/wp-json\/wp\/v2\/media\/184742"}],"wp:attachment":[{"href":"https:\/\/www.europesays.com\/fr\/wp-json\/wp\/v2\/media?parent=184741"}],"wp:term":[{"taxonomy":"category","embeddable":true,"href":"https:\/\/www.europesays.com\/fr\/wp-json\/wp\/v2\/categories?post=184741"},{"taxonomy":"post_tag","embeddable":true,"href":"https:\/\/www.europesays.com\/fr\/wp-json\/wp\/v2\/tags?post=184741"}],"curies":[{"name":"wp","href":"https:\/\/api.w.org\/{rel}","templated":true}]}}