{"id":184745,"date":"2025-06-18T01:56:59","date_gmt":"2025-06-18T01:56:59","guid":{"rendered":"https:\/\/www.europesays.com\/fr\/184745\/"},"modified":"2025-06-18T01:56:59","modified_gmt":"2025-06-18T01:56:59","slug":"un-homme-souffrant-dimportants-troubles-psychiatriques-simmole-par-le-feu-a-la-station-service-dun-centre-commercial","status":"publish","type":"post","link":"https:\/\/www.europesays.com\/fr\/184745\/","title":{"rendered":"un homme souffrant d&rsquo;\u00abimportants troubles psychiatriques\u00bb s&rsquo;immole par le feu \u00e0 la station-service d\u2019un centre commercial"},"content":{"rendered":"<p>Selon le quotidien r\u00e9gional Ouest-France, le centre commercial de Cleunay, attenant \u00e0 la station-service, a \u00e9t\u00e9 ferm\u00e9 samedi. L\u2019homme s\u2019est suicid\u00e9 devant de nombreux t\u00e9moins, tr\u00e8s choqu\u00e9s.<\/p>\n<p class=\"fig-paragraph\">Un homme souffrant \u00abd&rsquo;importants troubles psychiatriques\u00bb est mort de ses blessures apr\u00e8s\u00a0<a href=\"http:\/\/www.lefigaro.fr\/actualite-france\/l-assemblee-nationale-adopte-la-loi-legalisant-le-suicide-assiste-et-l-euthanasie-20250527\" data-fig-type=\"Article\" data-gtm-custom-categorie=\"navigation\" data-gtm-custom-action=\"crossclick\" data-gtm-custom-label=\"Contextuel\" data-gtm-event=\"customEventSPE\" data-fig-domain=\"LEFIGARO\" rel=\"nofollow noopener\" target=\"_blank\">s&rsquo;\u00eatre immol\u00e9<\/a>\u00a0par le feu pr\u00e8s d&rsquo;un centre commercial tr\u00e8s fr\u00e9quent\u00e9 de Rennes (Ille-et-Vilaine), a d\u00e9clar\u00e9 dimanche le parquet.<\/p>\n<p class=\"fig-paragraph\">Samedi, l&rsquo;homme \u00e2g\u00e9 de 37 ans s&rsquo;est rendu vers 11h \u00e0 la station-service du centre commercial E.Leclerc Cleunay, dans l&rsquo;ouest de Rennes, o\u00f9 il s&rsquo;est immol\u00e9 par le feu, a pr\u00e9cis\u00e9 le procureur de la R\u00e9publique de cette ville, Fr\u00e9d\u00e9ric Teillet.<\/p>\n<p class=\"fig-paragraph\">\u00abL&rsquo;exploitation des images de vid\u00e9oprotection permet d&rsquo;\u00e9tablir qu&rsquo;il s&rsquo;est asperg\u00e9 de carburant \u00e0 la pompe \u00e0 essence avant d&rsquo;y mettre le feu, confirmant qu&rsquo;il s&rsquo;agit d&rsquo;un suicide\u00bb, a-t-il affirm\u00e9 \u00e0 l&rsquo;AFP. \u00abL&rsquo;int\u00e9ress\u00e9, d&rsquo;apr\u00e8s sa famille, souffrait d&rsquo;importants troubles psychiatriques\u00bb, a pr\u00e9cis\u00e9 le magistrat. Il est mort de ses blessures samedi en fin d&rsquo;apr\u00e8s-midi, a-t-il ajout\u00e9.<\/p>\n<p class=\"fig-paragraph\">Selon le quotidien r\u00e9gional Ouest-France, le centre commercial de Cleunay, attenant \u00e0 la station-service, a \u00e9t\u00e9 ferm\u00e9 samedi. L&rsquo;homme s&rsquo;est suicid\u00e9 devant de nombreux t\u00e9moins, tr\u00e8s choqu\u00e9s, d&rsquo;apr\u00e8s la m\u00eame source.<\/p>\n","protected":false},"excerpt":{"rendered":"Selon le quotidien r\u00e9gional Ouest-France, le centre commercial de Cleunay, attenant \u00e0 la station-service, a \u00e9t\u00e9 ferm\u00e9 samedi.&hellip;\n","protected":false},"author":2,"featured_media":184746,"comment_status":"","ping_status":"","sticky":false,"template":"","format":"standard","meta":{"footnotes":""},"categories":[2821],"tags":[119,1111,11,3694,829,271,2951,3695,1777,674,3696,118,1011,27,2825,1253,303,12,1072,2694,584,25,5748,2949],"class_list":{"0":"post-184745","1":"post","2":"type-post","3":"status-publish","4":"format-standard","5":"has-post-thumbnail","7":"category-rennes","8":"tag-accident","9":"tag-actu","10":"tag-actualites","11":"tag-affaires","12":"tag-bretagne","13":"tag-crime","14":"tag-criminalite","15":"tag-enquetes","16":"tag-eu","17":"tag-europe","18":"tag-evenements","19":"tag-faits-divers","20":"tag-fr","21":"tag-france","22":"tag-insecurite","23":"tag-islamisme","24":"tag-justice","25":"tag-news","26":"tag-police","27":"tag-proces","28":"tag-rennes","29":"tag-republique-francaise","30":"tag-suicide","31":"tag-violences"},"share_on_mastodon":{"url":"https:\/\/pubeurope.com\/@fr\/114701889875162702","error":""},"_links":{"self":[{"href":"https:\/\/www.europesays.com\/fr\/wp-json\/wp\/v2\/posts\/184745","targetHints":{"allow":["GET"]}}],"collection":[{"href":"https:\/\/www.europesays.com\/fr\/wp-json\/wp\/v2\/posts"}],"about":[{"href":"https:\/\/www.europesays.com\/fr\/wp-json\/wp\/v2\/types\/post"}],"author":[{"embeddable":true,"href":"https:\/\/www.europesays.com\/fr\/wp-json\/wp\/v2\/users\/2"}],"replies":[{"embeddable":true,"href":"https:\/\/www.europesays.com\/fr\/wp-json\/wp\/v2\/comments?post=184745"}],"version-history":[{"count":0,"href":"https:\/\/www.europesays.com\/fr\/wp-json\/wp\/v2\/posts\/184745\/revisions"}],"wp:featuredmedia":[{"embeddable":true,"href":"https:\/\/www.europesays.com\/fr\/wp-json\/wp\/v2\/media\/184746"}],"wp:attachment":[{"href":"https:\/\/www.europesays.com\/fr\/wp-json\/wp\/v2\/media?parent=184745"}],"wp:term":[{"taxonomy":"category","embeddable":true,"href":"https:\/\/www.europesays.com\/fr\/wp-json\/wp\/v2\/categories?post=184745"},{"taxonomy":"post_tag","embeddable":true,"href":"https:\/\/www.europesays.com\/fr\/wp-json\/wp\/v2\/tags?post=184745"}],"curies":[{"name":"wp","href":"https:\/\/api.w.org\/{rel}","templated":true}]}}