{"id":184749,"date":"2025-06-18T01:59:14","date_gmt":"2025-06-18T01:59:14","guid":{"rendered":"https:\/\/www.europesays.com\/fr\/184749\/"},"modified":"2025-06-18T01:59:14","modified_gmt":"2025-06-18T01:59:14","slug":"a-strasbourg-des-dizaines-de-mineurs-filmes-a-leur-insu-dans-les-piscines","status":"publish","type":"post","link":"https:\/\/www.europesays.com\/fr\/184749\/","title":{"rendered":"A Strasbourg, des dizaines de mineurs film\u00e9s \u00e0 leur insu dans les piscines"},"content":{"rendered":"<p class=\"wp-block-post-excerpt__excerpt\">Un homme a \u00e9t\u00e9 surpris en train de filmer deux jeunes filles \u00e0 leur insu \u00e0 la piscine de Hautepierre le 9 juin. Une premi\u00e8re audience a r\u00e9v\u00e9l\u00e9 que de nombreuses captations ont \u00e9t\u00e9 trouv\u00e9es dans son mat\u00e9riel informatique. L\u2019homme sera finalement jug\u00e9 en juillet, apr\u00e8s une expertise psychiatrique. <\/p>\n<p class=\"font-sans\">\n\t\t\tCet article est en acc\u00e8s libre. Pour soutenir Rue89 Strasbourg,<br \/>\n\t\t\t<a class=\"underline\" href=\"https:\/\/www.rue89strasbourg.com\/abonnement\" target=\"_blank\" rel=\"noopener\">abonnez-vous<\/a>.\n\t\t<\/p>\n<p>Thibault Vetter<\/p>\n<p>Publi\u00e9 le 17 juin 2025\u00a0\u00a0\u00b7\u00a0\u00a0<\/p>\n<p>Imprim\u00e9 le 18 juin 2025 \u00e0 03h02\u00a0\u00a0\u00b7\u00a0\u00a0<\/p>\n<p>Modifi\u00e9 le 17 juin 2025\u00a0\u00a0\u00b7\u00a0\u00a0<\/p>\n<p>\t\t\t\t\t4\u00a0minutes\n<\/p>\n<p class=\"has-drop-cap\">Lundi 9 juin, 17h. Brice est \u00e0 la piscine de Hautepierre avec sa fille et une amie \u00e0 elle. Les deux enfants, \u00e2g\u00e9es de 4 et 5 ans, se changent dans une cabine. Le p\u00e8re de famille a une mauvaise intuition lorsqu\u2019il remarque qu\u2019un homme, Philippe C., entre dans la cabine situ\u00e9e juste \u00e0 c\u00f4t\u00e9, \u00ab\u00a0alors que d\u2019autres \u00e9taient disponibles\u00a0\u00bb. Il se baisse pour v\u00e9rifier s\u2019il ne constate rien de suspect mais des affaires sont entrepos\u00e9es sous la palissade.<\/p>\n<p>Inquiet, Brice d\u00e9cide finalement d\u2019entrer dans la cabine des fillettes et remarque une cam\u00e9ra miniature plac\u00e9e dans une chaussure en position de filmer les deux mineures, alors nues, en contre plong\u00e9e\u00a0:<\/p>\n<blockquote class=\"wp-block-quote is-layout-flow wp-block-quote-is-layout-flow\">\n<p>\u00ab\u00a0J\u2019ai pris la cam\u00e9ra. J\u2019ai vu la main de cette personne qui essayait de me retenir. Je suis tout de suite sorti pour le bloquer. C\u2019\u00e9tait tr\u00e8s intense. Au bout de quelques secondes, la s\u00e9curit\u00e9 de la piscine est intervenue, puis la police est arriv\u00e9e assez rapidement.\u00a0\u00bb<\/p>\n<\/blockquote>\n<p><a href=\"https:\/\/www.rue89strasbourg.com\/abonnement\" target=\"_blank\" rel=\"noopener\"><img loading=\"lazy\" decoding=\"async\" width=\"970\" height=\"250\" src=\"https:\/\/www.europesays.com\/fr\/wp-content\/uploads\/2025\/05\/bannie\u0300re-autopromo-2025-desktop-1.gif\" alt=\"\" class=\"wp-image-343590\" style=\"width:792px\"\/><\/a><\/p>\n<p><a href=\"https:\/\/www.rue89strasbourg.com\/abonnement\" target=\"_blank\" rel=\"noopener\"><img loading=\"lazy\" decoding=\"async\" width=\"300\" height=\"300\" src=\"https:\/\/www.europesays.com\/fr\/wp-content\/uploads\/2025\/05\/bannieres@2x.png\" alt=\"\" class=\"wp-image-341656\"  \/><\/a><\/p>\n<p>Nombreux clich\u00e9s retrouv\u00e9s<\/p>\n<p>Les policiers trouvent ensuite, dans les affaires de Philippe C., un taser, un scalpel, des liens de serrage et un pr\u00e9servatif. \u00ab\u00a0C\u2019est li\u00e9 \u00e0 un d\u00e9lire survivaliste, assure Me Laura Javaux, avocate du pr\u00e9venu. Sur les sites de survivalisme, ils disent que le pr\u00e9servatif est le contenant le plus compact qui existe, c\u2019est pr\u00e9conis\u00e9 parce que c\u2019est extensible et on peut y mettre une quantit\u00e9 d\u2019eau importante.\u00a0\u00bb Quant au scalpel, \u00ab\u00a0c\u2019est l\u2019un des objets les plus tranchants\u00a0\u00bb. Or Philippe C. se pr\u00e9pare en permanence \u00e0 la fin du monde selon son avocate.<\/p>\n<p>Dans la foul\u00e9e de son interpellation, ce quinquag\u00e9naire est plac\u00e9 en garde \u00e0 vue pendant 48 heures. Pr\u00e9sent\u00e9 devant le tribunal correctionnel de Strasbourg jeudi 12 juin en comparution imm\u00e9diate, il n\u2019a pas ni\u00e9 les faits. \u00ab\u00a0Il lui est reproch\u00e9 des faits de voyeurisme sur mineurs et atteinte \u00e0 l\u2019intimit\u00e9 de la vie priv\u00e9e par fixation, enregistrement ou transmission d\u2019une personne pr\u00e9sentant un caract\u00e8re sexuel\u00a0\u00bb, pr\u00e9cise la procureure de la R\u00e9publique de Strasbourg, Clarisse Taron.<\/p>\n<p>\u00ab\u00a0Il a pr\u00e9sent\u00e9 ses regrets sinc\u00e8res, il est tr\u00e8s mal et veut assumer les cons\u00e9quences de ses actes, affirme Me Laura Javaux. D\u2019autres vid\u00e9os ont \u00e9t\u00e9 trouv\u00e9es dans son mat\u00e9riel, il ne le conteste pas. Mais je ne peux pas dire combien de mineurs sont concern\u00e9s.\u00a0\u00bb Le juge a \u00e9voqu\u00e9 lors de l\u2019audience \u00ab\u00a0au moins 60 clich\u00e9s, photos ou vid\u00e9os\u00a0\u00bb de mineurs dans des piscines de Strasbourg, capt\u00e9s entre janvier 2023 et juin 2025, selon Brice.<\/p>\n<p>\t\tTraumatisme pour la famille<\/p>\n<p>L\u2019affaire a \u00e9t\u00e9 renvoy\u00e9e \u00e0 une audience ult\u00e9rieure. En attendant, le tribunal a ordonn\u00e9 une expertise psychiatrique de Philippe C. et son maintien sous-contr\u00f4le judiciaire. Il doit pointer une fois par semaine au commissariat de Strasbourg et a l\u2019interdiction de se rendre dans des piscines ainsi qu\u2019aux abords des plans d\u2019eau. Mari\u00e9, p\u00e8re de deux enfants et salari\u00e9, il est dans l\u2019obligation de suivre des soins psychiatriques et ne doit exercer aucune activit\u00e9 en lien avec des mineurs.<\/p>\n<p>Brice se dit profond\u00e9ment choqu\u00e9 par cette situation. \u00ab\u00a0Je suis constamment suspicieux maintenant quand je vois des hommes qui lui ressemblent. L\u2019univers de ma fille, c\u2019est les t\u00e9tines et les licornes. Elle est en maternelle. Quelque chose d\u2019immonde et de sordide est entr\u00e9 dans nos vies\u00a0\u00bb, confie t-il\u00a0:<\/p>\n<blockquote class=\"wp-block-quote is-layout-flow wp-block-quote-is-layout-flow\">\n<p>\u00ab\u00a0\u00c7a a \u00e9t\u00e9 tr\u00e8s difficile de lui expliquer. Elle a compris que quelqu\u2019un avait essay\u00e9 de la filmer. On lui a dit que son intimit\u00e9 devait \u00eatre pr\u00e9serv\u00e9e. Pour elle, cet homme est un gros m\u00e9chant qui va aller en prison.\u00a0\u00bb<\/p>\n<\/blockquote>\n<p>La s\u00e9curit\u00e9 des piscines en question<\/p>\n<p>Le jeune p\u00e8re a sollicit\u00e9 l\u2019Eurom\u00e9tropole de Strasbourg pour soulever la question de la s\u00e9curit\u00e9 dans les piscines de l\u2019agglom\u00e9ration\u00a0:<\/p>\n<blockquote class=\"wp-block-quote is-layout-flow wp-block-quote-is-layout-flow\">\n<p>\u00ab\u00a0Il y a une faille monumentale. Les cabines pour se changer dans les piscines de l\u2019Eurom\u00e9tropole pr\u00e9sentent une ouverture de 10 \u00e0 15 cm au sol. Combien d\u2019autres enfants ou adolescents seront expos\u00e9s \u00e0 ce type d\u2019individus tant que les cabines resteront ouvertes par dessous\u00a0? Je demande que les cabines ne soient plus mixtes, que les palissades soient enti\u00e8res du sol au plafond et qu\u2019un audit soit r\u00e9alis\u00e9 sur la s\u00e9curit\u00e9 dans les piscines de l\u2019Eurom\u00e9tropole.\u00a0\u00bb<\/p>\n<\/blockquote>\n<p>\u00ab\u00a0Il faut voir la faisabilit\u00e9 technique et sanitaire, mais des choses doivent \u00eatre faites pour am\u00e9liorer la s\u00e9curit\u00e9 si elles sont possibles\u00a0\u00bb, d\u00e9clare Vincent Debes, vice-pr\u00e9sident de l\u2019Eurom\u00e9tropole et maire de Hoenheim\u00a0:<\/p>\n<blockquote class=\"wp-block-quote is-layout-flow wp-block-quote-is-layout-flow\">\n<p>\u00ab\u00a0C\u2019est un acte inadmissible, intol\u00e9rable. Nous avons activ\u00e9 un plan d\u2019exclusion de ce personnage. Dans les prochains jours, nous allons r\u00e9unir le comit\u00e9 de pr\u00e9vention des piscines, compos\u00e9 d\u2019usagers, d\u2019agents et d\u2019\u00e9lus, pour voir ce qu\u2019on peut am\u00e9liorer. [Brice], avec qui j\u2019ai d\u00e9j\u00e0 \u00e9chang\u00e9, pourra y participer.\u00a0\u00bb<\/p>\n<\/blockquote>\n","protected":false},"excerpt":{"rendered":"Un homme a \u00e9t\u00e9 surpris en train de filmer deux jeunes filles \u00e0 leur insu \u00e0 la piscine&hellip;\n","protected":false},"author":2,"featured_media":184750,"comment_status":"","ping_status":"","sticky":false,"template":"","format":"standard","meta":{"footnotes":""},"categories":[2820],"tags":[1111,11,1777,674,6017,1011,27,775,12,5922,25,640],"class_list":{"0":"post-184749","1":"post","2":"type-post","3":"status-publish","4":"format-standard","5":"has-post-thumbnail","7":"category-strasbourg","8":"tag-actu","9":"tag-actualites","10":"tag-eu","11":"tag-europe","12":"tag-fait-divers","13":"tag-fr","14":"tag-france","15":"tag-grand-est","16":"tag-news","17":"tag-piscine","18":"tag-republique-francaise","19":"tag-strasbourg"},"share_on_mastodon":{"url":"https:\/\/pubeurope.com\/@fr\/114701897865100527","error":""},"_links":{"self":[{"href":"https:\/\/www.europesays.com\/fr\/wp-json\/wp\/v2\/posts\/184749","targetHints":{"allow":["GET"]}}],"collection":[{"href":"https:\/\/www.europesays.com\/fr\/wp-json\/wp\/v2\/posts"}],"about":[{"href":"https:\/\/www.europesays.com\/fr\/wp-json\/wp\/v2\/types\/post"}],"author":[{"embeddable":true,"href":"https:\/\/www.europesays.com\/fr\/wp-json\/wp\/v2\/users\/2"}],"replies":[{"embeddable":true,"href":"https:\/\/www.europesays.com\/fr\/wp-json\/wp\/v2\/comments?post=184749"}],"version-history":[{"count":0,"href":"https:\/\/www.europesays.com\/fr\/wp-json\/wp\/v2\/posts\/184749\/revisions"}],"wp:featuredmedia":[{"embeddable":true,"href":"https:\/\/www.europesays.com\/fr\/wp-json\/wp\/v2\/media\/184750"}],"wp:attachment":[{"href":"https:\/\/www.europesays.com\/fr\/wp-json\/wp\/v2\/media?parent=184749"}],"wp:term":[{"taxonomy":"category","embeddable":true,"href":"https:\/\/www.europesays.com\/fr\/wp-json\/wp\/v2\/categories?post=184749"},{"taxonomy":"post_tag","embeddable":true,"href":"https:\/\/www.europesays.com\/fr\/wp-json\/wp\/v2\/tags?post=184749"}],"curies":[{"name":"wp","href":"https:\/\/api.w.org\/{rel}","templated":true}]}}