{"id":184757,"date":"2025-06-18T02:04:19","date_gmt":"2025-06-18T02:04:19","guid":{"rendered":"https:\/\/www.europesays.com\/fr\/184757\/"},"modified":"2025-06-18T02:04:19","modified_gmt":"2025-06-18T02:04:19","slug":"que-faire-a-nantes-ce-week-end-du-19-au-22-juin-2025-big-city-nantes","status":"publish","type":"post","link":"https:\/\/www.europesays.com\/fr\/184757\/","title":{"rendered":"Que faire \u00e0 Nantes ce week-end du 19 au 22 juin 2025 ? \u2013 Big City Nantes"},"content":{"rendered":"<p>Ce week-end, les rues de <strong>Nantes <\/strong>se transformes en sc\u00e8nes \u00e0 ciel ouvert pour la f\u00eate de la musique. DJ sets, concerts en plein air, groupes locaux\u2026 l\u2019ambiance promet d\u2019\u00eatre compl\u00e8tement folle d\u2019un bout \u00e0 l\u2019autre de la ville. \u00a0Et avec le soleil au rendez-vous, c\u2019est l\u2019occasion parfaite de danser, et profiter d\u2019un verre en terrasse au son des artistes locaux. Et comme un bon week-end ne s\u2019arr\u00eate pas \u00e0 une soir\u00e9e, on t\u2019a aussi d\u00e9nich\u00e9 une s\u00e9lection tr\u00e8s cool pour prolonger le plaisir \ud83d\ude09.<\/p>\n<p>Que Faire \u00e0 Nantes ce week-end : le programme des sorties du jeudi 19 au dimanche 22 juin 2025<\/p>\n<p>Encore un week-end qui s\u2019annonce festif du 19 au 22 juin 2025 \u00e0 Nantes ! Samedi soir tu es servi, tu vas pouvoir danser \u00e0 la 2\u00e8me \u00e9dition de la<a href=\"https:\/\/www.facebook.com\/events\/717443050818632\" target=\"_blank\" rel=\"noopener\"> <strong>f\u00eate de la musique du Bas-Chantenay au LAB<\/strong><\/a> et \u00e0 la <strong><a href=\"https:\/\/www.facebook.com\/events\/1768434657420520\" target=\"_blank\" rel=\"noopener\">Fiesta Latina<\/a><\/strong> chez <strong>Les Nantais<\/strong> . Amateurs de musiques extr\u00eames ? Le <strong>Hellfest<\/strong> revient faire trembler Clisson. Profite du <strong>bon plan TER Pays de la Loire<\/strong> avec des <strong><a href=\"https:\/\/www.ter.sncf.com\/pays-de-la-loire\/tarifs-cartes\/petits-prix\/billet-live\/hellfest\" target=\"_blank\" rel=\"noopener\">billets live Al\u00e9op <\/a><\/strong>\u00e0 petit prix. Avec le retour du soleil et de la chaleur, c\u2019est l\u2019occasion parfaite de t\u2019essayer au plaisir de la glisse au<a href=\"https:\/\/wakeparkplesse.com\/\" target=\"_blank\" rel=\"noopener\"> <strong>Wake-Park de Pless\u00e9<\/strong><\/a>. Et en parlant de plaisir de la glisse, <strong><a href=\"https:\/\/oglisspark.fr\/\" target=\"_blank\" rel=\"noopener\">O\u2019Gliss Park <\/a><\/strong>Vend\u00e9e rouvre ses portes. C\u00f4t\u00e9 food, viens te laisser tenter par les nouveaut\u00e9s ultra gourmandes du <strong><a href=\"https:\/\/www.bagelstein.com\/restaurant\/nantes-bourse\/\" target=\"_blank\" rel=\"noopener\">Bagelstein<\/a><\/strong>. C\u00f4t\u00e9 expo, tu es servi avec deux nouvelles expos :<a href=\"https:\/\/www.lelieuunique.com\/evenement\/in-silentio\" target=\"_blank\" rel=\"noopener\"> <strong>In Silentio au Lieu Unique<\/strong><\/a> et <strong><a href=\"https:\/\/www.bigcitynantes.fr\/agenda\/nouvelle-expo-vestiges-dailleurs-a-la-monstrueuse-galerie\/\" target=\"_blank\" rel=\"noopener\">Vestiges D\u2019Ailleurs \u00e0 la Monstrueuse Galerie<\/a><\/strong>. Bref, le programme s\u2019annonce charg\u00e9 ce week-end !<\/p>\n<p>Et \u00e7a, c\u2019est qu\u2019un aper\u00e7u\u2026\u00a0<strong>Regarde la liste ci-dessous<\/strong>\u00a0pour ne rien manquer, et surtout,\u00a0on te souhaite un <strong>bon week-end \u00e0 Nantes<\/strong>\u00a0\u2764\ufe0f<\/p>\n<p><img decoding=\"async\" class=\"lazyload wp-block-cover__image-background wp-image-112113 size-full\" alt=\"\" src=\"https:\/\/www.europesays.com\/fr\/wp-content\/uploads\/2025\/06\/1750212259_153_A4_Borchure_Mockup_7-1.png\" style=\"object-position:56% 70%\" data-object-fit=\"cover\" data-object-position=\"56% 70%\"\/>commandez le passeport de l&rsquo;ap\u00e9ro<br \/>95\u20ac de consos offertes !  Tout le week-endVendredi, samedi et dimanche   Festival Hellfest \u00e0 Clisson  Le mythique festival des musiques extr\u00eames revient faire trembler Clisson <strong>du 19 au 22 juin 2025 !<\/strong>\u00a0Hardcore, punk, grind, death et thrash metal : ici, \u00e7a envoie du lourd sur <strong>six sc\u00e8nes<\/strong>, avec <strong>plus de 160 groupes<\/strong> venus du monde entier. Le festival est accessible en quelques minutes de train depuis Nantes et tu peux profiter du bon plan TER Pays de la Loire avec un billet <strong>live Al\u00e9op <\/strong>\u00a0\u00e0 seulement 5\u20ac le trajet !<\/p>\n<p> <strong>O\u00f9<\/strong>Clisson<br \/><strong>Quand<\/strong>apr\u00e8s-demain<br \/><strong>Tarif<\/strong>Payant<\/p>\n<p>  Viens tester les nouveaut\u00e9s chez Bagelstein  De nouvelles recettes ont d\u00e9barqu\u00e9 chez Bagelstein et \u00e7a s&rsquo;annonce ultra gourmand ! <strong>D\u00e8s le 21 juin<\/strong>, tu peux d\u00e9couvrir la recette estivale : le <strong>bagel Burratina<\/strong> avec pain ciabatta, l\u00e9gumes grill\u00e9s et burratina. Et parmi les nouveaut\u00e9s de la saison, tu retrouves aussi \u00e0 la carte : des bagels au poulet avec version vegan, des salades, boissons, p\u00e2tisseries&#8230; Et c&rsquo;est toujours fait maison ! Bref, un spot tr\u00e8s sympa pour manger sur le pouce en plein centre-ville \ud83d\ude09<\/p>\n<p> <strong>O\u00f9<\/strong>Bagelstein Nantes Bourse<br \/><strong>Quand<\/strong>apr\u00e8s-demain<br \/><strong>Tarif<\/strong>Payant<\/p>\n<p>  Festival Les Sc\u00e8nes Vagabondes : 3 jours de spectacles gratuits <\/p>\n<p>Cette ann\u00e9e, le festival Les Sc\u00e8nes Vagabondes revient pour trois jours de spectacle vivant gratuit au parc du Grand Blottereau <strong>du 20 au 22 juin !<\/strong><\/p>\n<p>Au programme, quelques-uns des plus beaux projets des artistes nantais en<strong> musique, danse, th\u00e9\u00e2tre, cirque, livre et arts visuels.<\/strong> L\u2019occasion, durant un long week-end, de te faire d\u00e9couvrir la richesse de la cr\u00e9ation artistique locale.<\/p>\n<p> <strong>O\u00f9<\/strong>Parc du Grand Blottereau<br \/><strong>Quand<\/strong>apr\u00e8s-demain<br \/><strong>Tarif<\/strong>Gratuit <\/p>\n<p>  Salon des artistes ukrainiens \u00e0 Nantes  La deuxi\u00e8me \u00e9dition du <strong>Salon des artistes ukrainiens<\/strong> se tiendra \u00e0 la Maison de l\u2019Europe \u00e0 Nantes <strong>du 20 au 22 juin 2025 !<\/strong> Au programme : ateliers, buffet ukrainien, d\u00e9gustation de vins ukrainiens, concerts, projection de film, vente aux ench\u00e8res caritative&#8230;<\/p>\n<p> <strong>O\u00f9<\/strong>Maison de l\u2019Europe<br \/><strong>Quand<\/strong>apr\u00e8s-demain<br \/><strong>Tarif<\/strong>Gratuit <\/p>\n<p>  Viens tester le plus grand t\u00e9l\u00e9ski nautique de Loire\u2011Atlantique  Cet \u00e9t\u00e9, profite du plus grand t\u00e9l\u00e9ski nautique de Loire\u2011Atlantique au <strong>Wake Park de Pless\u00e9<\/strong>. Situ\u00e9 \u00e0 moins d\u2019une heure de Nantes tu vas pouvoir t&rsquo;essayer au plaisir de la glisse, faire tes plus belles figures (ou pas) sur l\u2019eau et profiter d\u2019un cadre qui t\u2019emm\u00e8ne tout droit en vacances.<\/p>\n<p> <strong>O\u00f9<\/strong>Wake Park<br \/><strong>Quand<\/strong>apr\u00e8s-demain<br \/><strong>Tarif<\/strong>Payant<\/p>\n<p>  Jeudi   Concert Sauvage: Grenade  <strong>Jeudi 19 juin \u00e0 partir de 19h<\/strong>, retrouve un <strong>concert sauvage<\/strong> devant Le <strong>Ferrailleur<\/strong> ! Au programme, le groupe indie rock Grenade. Comme toujours, c&rsquo;est gratos !<\/p>\n<p> <strong>O\u00f9<\/strong>Le Ferrailleur<br \/><strong>Quand<\/strong>demain<br \/><strong>Tarif<\/strong>Gratuit <\/p>\n<p>  Projection du film Thelma &amp; Louise \u00e0 Nantes <\/p>\n<p>Attache ta ceinture, le<strong> Sofilm Summercamp<\/strong> t&#8217;embarque le <strong>jeudi 19 juin<\/strong> sous les <strong>Nefs des Machines de l&rsquo;\u00eele<\/strong>. Au programme, baby-foot avec des lots surprises pour les gagnants et une projection du road movie culte Thelma &amp; Louise.<\/p>\n<p> <strong>O\u00f9<\/strong>Les Nefs des Machines de l\u2019\u00cele<br \/><strong>Quand<\/strong>demain<br \/><strong>Tarif<\/strong>Gratuit <\/p>\n<p>  Vernissage expo \u00ab\u00a0In Silentio\u00a0\u00bb  Dans le cadre du Voyage \u00e0 Nantes, d\u00e9couvre<strong>\u00a0In Silentio<\/strong>, une exposition n\u00e9e de la rencontre entre la plasticienne tisseuse<strong>\u00a0Jeanne Vicerial<\/strong>\u00a0et l\u2019autrice philosophe\u00a0<strong>Claire Marin<\/strong>. Elles nous invitent \u00e0 explorer le secret et les murmures, les chuchotements, les paroles int\u00e9rieures que produit le silence. Qu\u2019est-ce qui se dit, et ne se dit pas, devant les sculptures textiles de Jeanne Vicerial, des figures puissantes et \u00e9nigmatiques, qui viennent \u00e0 nous comme des sentinelles fi\u00e8res et mutiques\u2009? Vernissage en pr\u00e9sence de Jeanne Vicerial et Claire Marin le <strong>19 juin 2025<\/strong>.<\/p>\n<p> <strong>O\u00f9<\/strong>Le lieu unique<br \/><strong>Quand<\/strong>demain<br \/><strong>Tarif<\/strong>Gratuit <\/p>\n<p>  Ap\u00e9ro Mix \u00e0 La Cantine du Voyage  Viens chiller en bord de Loire avec l\u2019<strong>Ap\u00e9ro Mix<\/strong> \u00e0 <strong>La Cantine du Voyage<\/strong> le <strong>jeudi 19 juin 2025<\/strong>. Au programme, bi\u00e8res, cocktails frais &amp; bons produits, DJ set world, house de Sato\u2026 le tout avec une vue imprenable sur le coucher de soleil.<\/p>\n<p> <strong>O\u00f9<\/strong>Place Jeanne d\u2019Arc<br \/><strong>Quand<\/strong>demain<br \/><strong>Horaires<\/strong>De 18h00 \u00e0 22h00<br \/><strong>Tarif<\/strong>Gratuit <\/p>\n<p>  Samedi   Fiesta Latina \u00e0 la guinguette Les Nantais  La<strong> Fiesta Latina<\/strong> est de retour pour une deuxi\u00e8me \u00e9dition le <strong>21 juin 2025<\/strong> \u00e0 la guinguette <strong>Les Nantais<\/strong>. Pr\u00e9pare-toi \u00e0 vivre une soir\u00e9e muy caliente aux rythmes endiabl\u00e9s du reggaeton, de la salsa, du bachata et de l&rsquo;afro-latino ! Au programme, cours de batchata et salsa, DJ set de DJ Demdem, concert de Amankaya, stands artisanaux de bijoux, artisanat mexicain, ballons, \u00e9picerie sud-am\u00e9ricaine et food truck !<\/p>\n<p> <strong>O\u00f9<\/strong>Les Nantais<br \/><strong>Quand<\/strong>21 juin 2025<br \/><strong>Horaires<\/strong>De 17h00 \u00e0 23h00<br \/><strong>Tarif<\/strong>Gratuit <\/p>\n<p>  O\u2019Tour des Vins revient \u00e0 Nantes <\/p>\n<p>L&rsquo;\u00e9v\u00e9nement O&rsquo;Tour des Vins revient \u00e0 Oudon pour une 6\u00e8me \u00e9dition le samedi 21 juin 2025&#8230; et \u00e7a s&rsquo;annonce tr\u00e8s cool! Au programme, d\u00e9gustation et vente de vins s\u00e9lectionn\u00e9s, \u00e9changes avec des vignerons passionn\u00e9s, march\u00e9 de cr\u00e9ateurs autour du vin&#8230; le tout dans une ambiance conviviale et festive<\/p>\n<p> <strong>O\u00f9<\/strong>Vall\u00e9e du Havre<br \/><strong>Quand<\/strong>21 juin 2025<br \/><strong>Tarif<\/strong>Gratuit <\/p>\n<p>  F\u00eate de la musique chez La Belle Saison  Cette ann\u00e9e, la guinguette <strong>La Belle Saison <\/strong>n\u2019a pas fait les choses \u00e0 moiti\u00e9. Au programme : concerts folk, indie folk, pop \u00e9lectro et pour terminer en beaut\u00e9 cette grande f\u00eate, des DJ sets.<\/p>\n<p> <strong>O\u00f9<\/strong>Guinguette La Belle Saison<br \/><strong>Quand<\/strong>21 juin 2025<br \/><strong>Tarif<\/strong>Gratuit <\/p>\n<p>  \u00a0Music For Palestine\u00a0\u00e0 la Chaumi\u00e8re  Dans le cadre de la F\u00eate de la Musique 2025, <strong>La Chaumi\u00e8re<\/strong> s&rsquo;associe au <strong>collectif \u00ab\u00a0Artists Against Apartheid\u00a0\u00bb<\/strong> et<strong> Urgence Palestine<\/strong> en faveur de la Palestine. Au programme, performance par Ballroom Sc\u00e8ne, stand tatoo de Nono le Petit Robot, food de Fam\u00fc, sand de Ventes (affiches, livres&#8230;),\u2026<\/p>\n<p> <strong>O\u00f9<\/strong>La Chaumi\u00e8re<br \/><strong>Quand<\/strong>21 juin 2025<br \/><strong>Tarif<\/strong>Gratuit <\/p>\n<p>  Caf\u00e9 Peinture sp\u00e9ciale f\u00eate de la musique au Lieu Dit  Peindre pour la f\u00eate de la musique ? C\u2019est possible avec le <strong>Caf\u00e9 Peinture <\/strong>au <strong>Lieu Dit<\/strong> ! Un v\u00e9ritable l\u00e2cher-prise pour bien commencer les festivit\u00e9s ! En plus, des animations musicales sont pr\u00e9vues ainsi que des surprises !<\/p>\n<p> <strong>O\u00f9<\/strong>Le Lieu-Dit<br \/><strong>Quand<\/strong>21 juin 2025<br \/><strong>Tarif<\/strong>Gratuit <\/p>\n<p>  La f\u00eate de la musique dans la Rue L\u00e9on Jamin  Pour cette grande f\u00eate, la<strong> rue L\u00e9on Jamin<\/strong> a une phrase d\u2019ordre \u00ab\u00a0On prend les m\u00eames et on recommence\u00a0\u00bb. Au programme : DJ sets, street food par les restaurateurs de la rue et de la bi\u00e8re, \u2026<\/p>\n<p> <strong>O\u00f9<\/strong>Rue L\u00e9on Jamin<br \/><strong>Quand<\/strong>21 juin 2025<br \/><strong>Tarif<\/strong>Gratuit <\/p>\n<p>  F\u00eate de la musique au Magmaa  Le <strong>Magmaa<\/strong> t\u2019accueille le <strong>samedi 21 juin <\/strong>avec le groupe <strong>Onda Libr\u00e9<\/strong> qui va te faire voyager sur le continent sud-am\u00e9ricain. Entre chant v\u00e9n\u00e9zu\u00e9lien, rythme mexicain et roots cumbia, tu vas pouvoir vibrer au <strong>Magmaa <\/strong>en famille ou entre potes\u00a0!<\/p>\n<p> <strong>O\u00f9<\/strong>Magmaa Food Hall<br \/><strong>Quand<\/strong>21 juin 2025<br \/><strong>Tarif<\/strong>Gratuit <\/p>\n<p>  La BOUM du TNT  Danser sur le dancefloor pour la f\u00eate de la musique ? C\u2019est possible au <strong>Terrain Neutre Th\u00e9\u00e2tre <\/strong>avec <strong>la BOUM<\/strong> ! Des ann\u00e9es 70\u2019s aux ann\u00e9es 2010\u2019s, c\u2019est le moment de venir se d\u00e9hancher sur les meilleurs hits de ces \u00e9poques ! Au programme, blind test, fanfare de quartier, stand disquaire, boum dansante, bar ouvert et boule \u00e0 facette,\u2026<\/p>\n<p> <strong>O\u00f9<\/strong>Le Terrain Neutre Th\u00e9\u00e2tre<br \/><strong>Quand<\/strong>21 juin 2025<br \/><strong>Tarif<\/strong>Gratuit <\/p>\n<p>  F\u00eate de la musique au Warehouse  Pour la f\u00eate de la musique, le <strong>Warehouse <\/strong>a invit\u00e9 le DJ Urban n\u00b01 en France. En plus, pour cette soir\u00e9e exceptionnelle, il vient f\u00eater son anniversaire\ud83d\ude09. Au programme, <strong>musiques g\u00e9n\u00e9raliste et urbaine<\/strong> par DJ Bens, J\u00e9r\u00e9my Solis, Wazy et Math\u00e9o Desmarres et en Room 2, les fans de <strong>techno <\/strong>vont \u00eatre ravis avec Equinox Sound.<\/p>\n<p> <strong>O\u00f9<\/strong>Warehouse<br \/><strong>Quand<\/strong>21 juin 2025<br \/><strong>Tarif<\/strong>Payant<\/p>\n<p>  Les off de la f\u00eate de la musique dans le Bas-Chantenay  Le quartier Bas-Chantenay sort le grand jeu pour une\u00a0<strong>2e \u00e9dition de son OFF de la F\u00eate de la Musique<\/strong>, une vraie contre-soir\u00e9e pour ceux qui veulent \u00e9viter la foule du centre-ville !\u00a0<strong>D\u00e8s 14h et jusqu\u2019au petit matin,<\/strong>\u00a0tu peux te faire un vrai parcours musical entre\u00a0<strong>Le LAB, Le Dahu, Les Usines, OHM Town et Macadam<\/strong>. Et devine quoi ? Quasi tout est gratuit.<\/p>\n<p> <strong>O\u00f9<\/strong>Quartier Bas-Chantenay<br \/><strong>Quand<\/strong>21 juin 2025<br \/><strong>Tarif<\/strong>Gratuit <\/p>\n<p>  Dirty Dancing au Marietta  Le collectif <strong>DIRTY DANCING <\/strong>d\u00e9barquent \u00e0 <strong>Marietta <\/strong>pour la f\u00eate de la musique\u00a0! Le Dirty crew prendra le contr\u00f4le du dancefloor pour une soir\u00e9e qui s&rsquo;annonce ultra cool\u00a0! Au programme, <strong>PETERS\u00d8N, THE WE ARE ONE PROJECT, D\u00c9GUIZ\u00c9 et LA LIKORN<\/strong>. Alors sors ton meilleur <strong>d\u00e9guisement <\/strong>et viens profiter de cette super soir\u00e9e\u00a0!<\/p>\n<p> <strong>O\u00f9<\/strong>Bar de Marietta<br \/><strong>Quand<\/strong>21 juin 2025<br \/><strong>Tarif<\/strong>Gratuit <\/p>\n<p>  Open Air au Bistro du Cours  Cette ann\u00e9e, le <strong>Bistro du Cours<\/strong> t\u2019as concoct\u00e9 une programmation \u00e9clectique qui ravira tout le monde. Au programme, Carte Blanche au collectif \u00ab\u00a0PACK\u00c9 \u00bb pour l\u2019open mic et un jam, concert du rappeur, beatmaker et entrepreneur Van Elie et des DJ set par Toutencamo, Sista Loka et Brixi Elysse.<\/p>\n<p> <strong>O\u00f9<\/strong>Cours des 50 otages \u2013 Bistro du Cours<br \/><strong>Quand<\/strong>21 juin 2025<br \/><strong>Tarif<\/strong>Gratuit <\/p>\n<p>  F\u00eate de la musique dans l\u2019Indre <\/p>\n<p> \u00c0 l&rsquo;occasion de la<strong> f\u00eate de la musique<\/strong>, les bars et restaurants <strong>d\u2019Indre<\/strong> Albert et Lulu (anciennement Agapes et Bouchon), Bella Riva, Le Caf\u00e9 du Port, Le Coup du March\u00e9 et Le Relais du Bac\u00a0ouvrent leurs terrasses aux musiciens amateurs pour une soir\u00e9e qui s&rsquo;annonce tr\u00e8s cool.<\/p>\n<p> <strong>O\u00f9<\/strong>Avenue de la Loire, 44610 Indre, France<br \/><strong>Quand<\/strong>21 juin 2025<br \/><strong>Horaires<\/strong>De 19h00 \u00e0 22h30<br \/><strong>Tarif<\/strong>Gratuit <\/p>\n<p>  F\u00eate de la Musique du Bas-Chantenay au LAB  <strong>Le 21 juin<\/strong>, direction le Bas-Chantenay pour un OFF de la F\u00eate de la Musique qui sort des sentiers battus ! Le Lab, Le Dahu, Les Usines, OHM Town et Macadam transforment le quartier en mini-festival, avec bonne humeur et musique live. Date in\u00e9dite \u00e0 Nantes : <strong>le B\u00e9nin International Musical (BIM) d\u00e9barque au LAB<\/strong> pour sa nouvelle tourn\u00e9e. Un concert qui m\u00eale groove afro, percussions vodoun, hip hop et \u00e9lectro. Et tu peux poursuivre la soir\u00e9e au LAB ou dans l&rsquo;un des spots du Bas-Chantenay avec les concerts de Basstong, Deadwood, Zondabus, le sound system DUB de Rootstabaga avec les Get up All Stars, et les collectifs et DJ set de FA7 crew, Soulbirde, Collectif 360, Kqry b2b DJ M\u00e2choire &amp; Akira ! Une soir\u00e9e tr\u00e8s tr\u00e8s cool pour profiter loin de la foule du centre-ville \ud83d\udc83<\/p>\n<p> <strong>O\u00f9<\/strong>Little Atlantique Brewery<br \/><strong>Quand<\/strong>21 juin 2025<br \/><strong>Horaires<\/strong>De 19h00 \u00e0 01h00<br \/><strong>Tarif<\/strong>Gratuit <\/p>\n<p>  R\u00e9ouverture O\u2019Gliss Park Vend\u00e9e <\/p>\n<p> Le parc aquatique <strong>O&rsquo;Gliss Park<\/strong> rouvre ses portes le <strong>samedi 21 juin 2025<\/strong>. \u00c0\u00a0seulement quelques minutes des plages vend\u00e9ennes, tu vas pouvoir te d\u00e9tendre mais \u00e9galement vivre des sensations fortes en famille ou entre potes.<\/p>\n<p> <strong>O\u00f9<\/strong>O\u2019Gliss Park Vend\u00e9e<br \/><strong>Quand<\/strong>21 juin 2025<br \/><strong>Horaires<\/strong>De 10h00 \u00e0 18h00<br \/><strong>Tarif<\/strong>Payant<\/p>\n<p>  Dimanche   After f\u00eate de la musique : Voiceless x Parh\u00e9lie \u00e0 la Chaumi\u00e8re  La f\u00eate ne s&rsquo;arr\u00eate jamais&#8230; Apr\u00e8s F\u00eate de la Musique, <strong>La Chaumi\u00e8re<\/strong> te donne rendez-vous le <strong>dimanche 22 juin 2025<\/strong> pour un after tr\u00e8s cool \ud83d\ude09. Au programme, Irda, Gab de Parh\u00e9lie et Thomy de Voiceless.<\/p>\n<p> <strong>O\u00f9<\/strong>La Chaumi\u00e8re<br \/><strong>Quand<\/strong>22 juin 2025<br \/><strong>Horaires<\/strong>De 14h00 \u00e0 22h00<br \/><strong>Tarif<\/strong>Prix libre<\/p>\n<p>  Moon Boum \u00e9dition summer  La<strong> Moon Boum<\/strong> est de retour le <strong>22 juin<\/strong> au <strong>Moon Social Club<\/strong> pour une \u00e9dition sp\u00e9ciale vacances ! Ils t\u2019ont concoct\u00e9 une boum ensoleill\u00e9e pour petits et grands sous le signe de la f\u00eate et de la bonne humeur ! Au programme pour les enfants, DJ set, mascotte et animateur, go\u00fbter gourmand et Cocktails. Et pendant ce temps, les parents profitent d\u2019une ambiance chill et conviviale au bar.<\/p>\n<p> <strong>O\u00f9<\/strong>Moon Social Club<br \/><strong>Quand<\/strong>22 juin 2025<br \/><strong>Horaires<\/strong>De 15h00 \u00e0 20h00<br \/><strong>Tarif<\/strong>Payant<\/p>\n<p>  Bal Forr\u00f3 au LAB  Le <strong>bal Forr\u00f3<\/strong> est de retour pour une sixi\u00e8me \u00e9dition le<strong> 22 juin 2025<\/strong> au <strong>Little Atlantique Brewery<\/strong>. Cet \u00e9v\u00e9nement de danse br\u00e9silienne est ouvert \u00e0 tous dans une ambiance chaleureuse et ultra conviviale, que tu sois d\u00e9butant ou non. Il y a m\u00eame un golden ticket \u00e0 gagner pour les plus malin.es ;).<\/p>\n<p> <strong>O\u00f9<\/strong>Little Atlantique Brewery<br \/><strong>Quand<\/strong>22 juin 2025<br \/><strong>Horaires<\/strong>De 17h00 \u00e0 22h00<br \/><strong>Tarif<\/strong>Gratuit <\/p>\n<p>\u00c0 faire chaque week-end<img decoding=\"async\" class=\"lazyload wp-block-cover__image-background wp-image-112113 size-full\" alt=\"\" src=\"https:\/\/www.europesays.com\/fr\/wp-content\/uploads\/2025\/06\/1750212259_153_A4_Borchure_Mockup_7-1.png\" style=\"object-position:56% 70%\" data-object-fit=\"cover\" data-object-position=\"56% 70%\"\/>commandez le passeport de l&rsquo;ap\u00e9ro<br \/>95\u20ac de consos offertes !<\/p>\n","protected":false},"excerpt":{"rendered":"Ce week-end, les rues de Nantes se transformes en sc\u00e8nes \u00e0 ciel ouvert pour la f\u00eate de la&hellip;\n","protected":false},"author":2,"featured_media":184758,"comment_status":"","ping_status":"","sticky":false,"template":"","format":"standard","meta":{"footnotes":""},"categories":[2818],"tags":[1111,11,4156,4157,1777,674,1011,27,766,12,2636,25,953,1669,3140,4064],"class_list":{"0":"post-184757","1":"post","2":"type-post","3":"status-publish","4":"format-standard","5":"has-post-thumbnail","7":"category-nantes","8":"tag-actu","9":"tag-actualites","10":"tag-concerts","11":"tag-dj-sets","12":"tag-eu","13":"tag-europe","14":"tag-fr","15":"tag-france","16":"tag-nantes","17":"tag-news","18":"tag-pays-de-la-loire","19":"tag-republique-francaise","20":"tag-soiree","21":"tag-sorties","22":"tag-spectacle","23":"tag-week-end"},"share_on_mastodon":{"url":"https:\/\/pubeurope.com\/@fr\/114701917661484982","error":""},"_links":{"self":[{"href":"https:\/\/www.europesays.com\/fr\/wp-json\/wp\/v2\/posts\/184757","targetHints":{"allow":["GET"]}}],"collection":[{"href":"https:\/\/www.europesays.com\/fr\/wp-json\/wp\/v2\/posts"}],"about":[{"href":"https:\/\/www.europesays.com\/fr\/wp-json\/wp\/v2\/types\/post"}],"author":[{"embeddable":true,"href":"https:\/\/www.europesays.com\/fr\/wp-json\/wp\/v2\/users\/2"}],"replies":[{"embeddable":true,"href":"https:\/\/www.europesays.com\/fr\/wp-json\/wp\/v2\/comments?post=184757"}],"version-history":[{"count":0,"href":"https:\/\/www.europesays.com\/fr\/wp-json\/wp\/v2\/posts\/184757\/revisions"}],"wp:featuredmedia":[{"embeddable":true,"href":"https:\/\/www.europesays.com\/fr\/wp-json\/wp\/v2\/media\/184758"}],"wp:attachment":[{"href":"https:\/\/www.europesays.com\/fr\/wp-json\/wp\/v2\/media?parent=184757"}],"wp:term":[{"taxonomy":"category","embeddable":true,"href":"https:\/\/www.europesays.com\/fr\/wp-json\/wp\/v2\/categories?post=184757"},{"taxonomy":"post_tag","embeddable":true,"href":"https:\/\/www.europesays.com\/fr\/wp-json\/wp\/v2\/tags?post=184757"}],"curies":[{"name":"wp","href":"https:\/\/api.w.org\/{rel}","templated":true}]}}