{"id":184767,"date":"2025-06-18T02:10:27","date_gmt":"2025-06-18T02:10:27","guid":{"rendered":"https:\/\/www.europesays.com\/fr\/184767\/"},"modified":"2025-06-18T02:10:27","modified_gmt":"2025-06-18T02:10:27","slug":"l1-l2-les-decisions-de-la-dncg-concernant-angers-lorient-lille-nice-annecy-et-dunkerque","status":"publish","type":"post","link":"https:\/\/www.europesays.com\/fr\/184767\/","title":{"rendered":"L1 \/ L2 &#8211; Les d\u00e9cisions de la DNCG concernant Angers Lorient, Lille, Nice, Annecy et Dunkerque"},"content":{"rendered":"<p>La Direction Nationale de Contr\u00f4le de Gestion poursuit son examen g\u00e9n\u00e9ral cette semaine et pas moins de six clubs, quatre en Ligue 1 et deux en Ligue 2 \u00e9taient concern\u00e9s ce mardi. La plupart des formations ont vu leur budget valid\u00e9 sans r\u00e9serve par le gendarme financier\u2026 \u00e0 l\u2019exception d\u2019Angers. Le SCO s\u2019est vu signifier un encadrement de la masse salariale et des indemnit\u00e9s de mutation.<\/p>\n<p>Les d\u00e9cisions de la DNCG concernant les clubs de Ligue 1 et Ligue 2 le 17\/06<br \/>\nLIGUE 1 MCDONALD\u2019S<\/p>\n<p class=\"RichText_paragraph__1foT1\">F.C. LORIENT, LOSC LILLE, O.G.C. NICE<\/p>\n<p class=\"RichText_paragraph__1foT1\">\u2014\u2014\u2014\u2014\u2014\u2014\u2014\u2014\u2014\u2014\u2014\u2014\u2014\u2014\u2014\u2014\u2014\u2014\u2014\u2014\u2014\u2014\u2014<\/p>\n<p class=\"RichText_paragraph__1foT1\">Aucune mesure prise \u00e0 l\u2019\u00e9gard du club par la DNCG<\/p>\n<p class=\"RichText_paragraph__1foT1\">ANGERS S.C.O.<\/p>\n<p class=\"RichText_paragraph__1foT1\">\u2014\u2014\u2014\u2014\u2014\u2014\u2014\u2014\u2014\u2014\u2014\u2014\u2014\u2014\u2014\u2014\u2014\u2014\u2014\u2014\u2014\u2014\u2014<\/p>\n<p class=\"RichText_paragraph__1foT1\">Encadrement de la masse salariale et des indemnit\u00e9s de mutations<\/p>\n<p>LIGUE 2 BKT<\/p>\n<p class=\"RichText_paragraph__1foT1\">F.C. ANNECY, U.S.L. DUNKERQUE<\/p>\n<p class=\"RichText_paragraph__1foT1\">\u2014\u2014\u2014\u2014\u2014\u2014\u2014\u2014\u2014\u2014\u2014\u2014\u2014\u2014\u2014\u2014\u2014\u2014\u2014\u2014\u2014\u2014\u2014<\/p>\n<p class=\"RichText_paragraph__1foT1\">Aucune mesure prise \u00e0 l\u2019\u00e9gard du club par la DNCG<\/p>\n","protected":false},"excerpt":{"rendered":"La Direction Nationale de Contr\u00f4le de Gestion poursuit son examen g\u00e9n\u00e9ral cette semaine et pas moins de six&hellip;\n","protected":false},"author":2,"featured_media":152328,"comment_status":"","ping_status":"","sticky":false,"template":"","format":"standard","meta":{"footnotes":""},"categories":[2815],"tags":[7561,7562,1111,11,1438,3853,920,1777,674,1011,27,811,1307,1781,12,2401,25],"class_list":{"0":"post-184767","1":"post","2":"type-post","3":"status-publish","4":"format-standard","5":"has-post-thumbnail","7":"category-lille","8":"tag-alaune1","9":"tag-mettreenavant","10":"tag-actu","11":"tag-actualites","12":"tag-angers","13":"tag-annecy","14":"tag-dunkerque","15":"tag-eu","16":"tag-europe","17":"tag-fr","18":"tag-france","19":"tag-hauts-de-france","20":"tag-lille","21":"tag-lorient","22":"tag-news","23":"tag-nice","24":"tag-republique-francaise"},"share_on_mastodon":{"url":"https:\/\/pubeurope.com\/@fr\/114701941040271997","error":""},"_links":{"self":[{"href":"https:\/\/www.europesays.com\/fr\/wp-json\/wp\/v2\/posts\/184767","targetHints":{"allow":["GET"]}}],"collection":[{"href":"https:\/\/www.europesays.com\/fr\/wp-json\/wp\/v2\/posts"}],"about":[{"href":"https:\/\/www.europesays.com\/fr\/wp-json\/wp\/v2\/types\/post"}],"author":[{"embeddable":true,"href":"https:\/\/www.europesays.com\/fr\/wp-json\/wp\/v2\/users\/2"}],"replies":[{"embeddable":true,"href":"https:\/\/www.europesays.com\/fr\/wp-json\/wp\/v2\/comments?post=184767"}],"version-history":[{"count":0,"href":"https:\/\/www.europesays.com\/fr\/wp-json\/wp\/v2\/posts\/184767\/revisions"}],"wp:featuredmedia":[{"embeddable":true,"href":"https:\/\/www.europesays.com\/fr\/wp-json\/wp\/v2\/media\/152328"}],"wp:attachment":[{"href":"https:\/\/www.europesays.com\/fr\/wp-json\/wp\/v2\/media?parent=184767"}],"wp:term":[{"taxonomy":"category","embeddable":true,"href":"https:\/\/www.europesays.com\/fr\/wp-json\/wp\/v2\/categories?post=184767"},{"taxonomy":"post_tag","embeddable":true,"href":"https:\/\/www.europesays.com\/fr\/wp-json\/wp\/v2\/tags?post=184767"}],"curies":[{"name":"wp","href":"https:\/\/api.w.org\/{rel}","templated":true}]}}