{"id":184771,"date":"2025-06-18T02:13:12","date_gmt":"2025-06-18T02:13:12","guid":{"rendered":"https:\/\/www.europesays.com\/fr\/184771\/"},"modified":"2025-06-18T02:13:12","modified_gmt":"2025-06-18T02:13:12","slug":"la-7e-edition-du-ciel-se-tient-ce-mercredi","status":"publish","type":"post","link":"https:\/\/www.europesays.com\/fr\/184771\/","title":{"rendered":"La 7e \u00e9dition du CIEL se tient ce mercredi"},"content":{"rendered":"<p><img width=\"487\" height=\"299\" src=\"https:\/\/www.europesays.com\/fr\/wp-content\/uploads\/2025\/06\/CIEL2024.jpg\" class=\"attachment-post-thumbnail size-post-thumbnail wp-post-image\" alt=\"\" decoding=\"async\" fetchpriority=\"high\" \/><\/p>\n<p>(SdH\/LPI)<\/p>\n<p><strong>Le salon de la construction et de l\u2019immobilier d\u2019entreprise lyonnais se tient ce mercredi au Palais de la Bourse de Lyon.<\/strong><\/p>\n<p>Le CIEL 2025, salon de la \u2018Construction et de l\u2019Immobilier d\u2019Entreprise Lyonnais\u2019 tient sa 7e \u00e9dition ce mercredi de 9h30 \u00e0 18h30 au Palais de la Bourse de Lyon, dans le 2e arrondissement. Ce salon de l\u2019immobilier d\u2019entreprise se revendique comme le premier rendez-vous r\u00e9gional d\u00e9di\u00e9. Il r\u00e9unit chaque ann\u00e9e plus de 70 exposants et 2.200 visiteurs.<\/p>\n<p>Cette ann\u00e9e, dans un march\u00e9 en pleine mutation, le salon entend offrir un temps fort strat\u00e9gique pour d\u00e9crypter les \u00e9volutions du secteur, activer les bons leviers et faire avancer les projets immobiliers, avec une nouveaut\u00e9 : le Village IA. Ceci permettra de comprendre les usages de l\u2019IA dans l\u2019immobilier et la construction.<\/p>\n<p>Des ateliers et conf\u00e9rences<\/p>\n<p>4 ateliers IA seront accessibles sur inscription : IA g\u00e9n\u00e9rative (cas d\u2019usage concrets dans la construction), traitement automatis\u00e9 des documents m\u00e9tiers, cr\u00e9ation d\u2019assistants IA (chatbot, voice, email) en 20 minutes, et l\u2019art de \u201cbien prompter\u201d (utiliser l\u2019IA comme assistant m\u00e9tier quotidien).<\/p>\n<p>La conf\u00e9rence d\u2019ouverture portera sur \u00ab La ville de demain \u00bb, en pr\u00e9sence de Norbert Fontanel (BTP Rh\u00f4ne), Lo\u00efc de Villard (FNAIM Entreprises du Rh\u00f4ne), Gr\u00e9gory Fouque (Promoval), Emeline Baume (M\u00e9tropole de Lyon) et un repr\u00e9sentant de la CCI. Par ailleurs, 6 autres conf\u00e9rences seront organis\u00e9es, notamment sur l\u2019\u00e9tat du march\u00e9 lyonnais, les nouveaux usages, les strat\u00e9gies de r\u00e9industrialisation, ou encore l\u2019immobilier pour les utilisateurs propri\u00e9taires. 3 ateliers seront pr\u00e9sents:sur les zones d\u2019activit\u00e9s exemplaires, sur l\u2019immobilier et le bien-\u00eatre territorial, et les certifications HQE.<\/p>\n<p>Pour le pr\u00e9sident de la CCI Lyon M\u00e9tropole Saint Etienne Roanne, institution qui organise l\u2019\u00e9v\u00e8nement, \u00able format marche bien, il ne va pas \u00eatre modifi\u00e9 plus que \u00e7a\u00bb. \u00abOn reste confiant\u00bb, assure Philippe Valentin.<\/p>\n<p>Le contexte confirme \u00abune exigence croissante de qualit\u00e9, de flexibilit\u00e9 et de performance durable pour les utilisateurs\u00bb, note le pr\u00e9sident de la CCI.<\/p>\n<blockquote class=\"wp-block-quote is-layout-flow wp-block-quote-is-layout-flow\">\n<p>\u00ab Dans un secteur fragilis\u00e9 par la hausse des co\u00fbts, la pression environnementale et la transformation rapide des usages, les entreprises font face \u00e0 des arbitrages complexes. Le CIEL est l\u00e0 pour leur donner des rep\u00e8res, des contacts utiles et des solutions concr\u00e8tes. C\u2019est un moment cl\u00e9 pour l\u2019ensemble de l\u2019\u00e9cosyst\u00e8me : un rendez-vous pour d\u00e9cider, se projeter et passer \u00e0 l\u2019action. \u00bb<\/p>\n<p>Philippe Valentin, pr\u00e9sident de la CCI Lyon M\u00e9tropole Saint-Etienne Roanne<\/p><\/blockquote>\n<p><strong>Si vous avez appr\u00e9ci\u00e9 cet article, s&rsquo;il vous plait, prenez le temps de <a href=\"#comments\">laisser un commentaire<\/a> ou de <a href=\"http:\/\/www.lyonpoleimmo.com\/feed\/\" target=\"_blank\" rel=\"noopener\">souscrire au flux<\/a> afin de recevoir les futurs articles directement dans votre lecteur de flux.<br \/>\n    <\/strong><\/p>\n<p>\t<a href=\"http:\/\/www.lyonpoleimmo.com\/2025\/06\/04\/91138\/valoris-real-estate-restructure-son-organisation\/\" rel=\"bookmark noopener\" title=\"Lien Permanent vers Valoris Real Estate restructure son organisation\" target=\"_blank\">Valoris Real Estate restructure son organisation<\/a><\/p>\n<p>\t<a href=\"http:\/\/www.lyonpoleimmo.com\/2025\/06\/04\/91138\/valoris-real-estate-restructure-son-organisation\/\" rel=\"bookmark noopener\" title=\"Lien Permanent vers Valoris Real Estate restructure son organisation\" target=\"_blank\"><\/p>\n<p>Valoris Real Estate a annonc\u00e9 la nomination de J\u00e9r\u00e9my Bossan en tant que charg\u00e9 d\u2019affaires Investissement et la promotion de Lucas Hellegouarch au poste de directeur du service Retail.<\/p>\n<p><\/a><\/p>\n<p>\t<a href=\"http:\/\/www.lyonpoleimmo.com\/2025\/05\/15\/90882\/investissements-etrangers-la-metropole-de-lyon-reste-la-plus-attractive\/\" rel=\"bookmark noopener\" title=\"Lien Permanent vers Investissements \u00e9trangers : la M\u00e9tropole de Lyon reste la plus attractive\" target=\"_blank\">Investissements \u00e9trangers : la M\u00e9tropole de Lyon reste la plus attractive<\/a><\/p>\n<p>\t<a href=\"http:\/\/www.lyonpoleimmo.com\/2025\/05\/15\/90882\/investissements-etrangers-la-metropole-de-lyon-reste-la-plus-attractive\/\" rel=\"bookmark noopener\" title=\"Lien Permanent vers Investissements \u00e9trangers : la M\u00e9tropole de Lyon reste la plus attractive\" target=\"_blank\"><\/p>\n<p><img decoding=\"async\" src=\"https:\/\/www.europesays.com\/fr\/wp-content\/uploads\/2025\/06\/Lyonvuegenerale17.jpg\" alt=\"null\" \/>Si Lyon reste, selon le dernier barom\u00e8tre sur l\u2019attractivit\u00e9 de EY, en t\u00eate des M\u00e9tropoles r\u00e9gionales pour les investissements \u00e9trangers, Auvergne-Rh\u00f4ne-Alpes tombe \u00e0 la deuxi\u00e8me place au palmar\u00e8s des r\u00e9gions d\u2019accueil des projets industriels en Europe.<\/p>\n<p><\/a><\/p>\n<p>\t<a href=\"http:\/\/www.lyonpoleimmo.com\/2025\/05\/12\/90834\/le-marche-montre-une-capacite-a-sajuster-selon-catella\/\" rel=\"bookmark noopener\" title=\"Lien Permanent vers Le march\u00e9 \u00abmontre une capacit\u00e9 \u00e0 s\u2019ajuster\u00bb selon Catella\" target=\"_blank\">Le march\u00e9 \u00abmontre une capacit\u00e9 \u00e0 s\u2019ajuster\u00bb selon Catella<\/a><\/p>\n<p>\t<a href=\"http:\/\/www.lyonpoleimmo.com\/2025\/05\/12\/90834\/le-marche-montre-une-capacite-a-sajuster-selon-catella\/\" rel=\"bookmark noopener\" title=\"Lien Permanent vers Le march\u00e9 \u00abmontre une capacit\u00e9 \u00e0 s\u2019ajuster\u00bb selon Catella\" target=\"_blank\"><\/p>\n<p>En immobilier d\u2019entreprise, le sp\u00e9cialiste de l\u2019\u00e9valuation et de l\u2019analyse des actifs immobiliers note une reprise marqu\u00e9e au 1er trimestre en mati\u00e8re d\u2019investissement, port\u00e9e par quelques grandes op\u00e9rations.<\/p>\n<p><\/a><\/p>\n<p>\t<a href=\"http:\/\/www.lyonpoleimmo.com\/2025\/04\/18\/90558\/net-rebond-de-linvestissement-immobilier-au-1er-trimestre\/\" rel=\"bookmark noopener\" title=\"Lien Permanent vers Net rebond de l\u2019investissement immobilier au 1er trimestre\" target=\"_blank\">Net rebond de l\u2019investissement immobilier au 1er trimestre<\/a><\/p>\n<p>\t<a href=\"http:\/\/www.lyonpoleimmo.com\/2025\/04\/18\/90558\/net-rebond-de-linvestissement-immobilier-au-1er-trimestre\/\" rel=\"bookmark noopener\" title=\"Lien Permanent vers Net rebond de l\u2019investissement immobilier au 1er trimestre\" target=\"_blank\"><\/p>\n<p>126 millions d\u2019euros ont \u00e9t\u00e9 investis durant la p\u00e9riode sur le march\u00e9 lyonnais, soit plus du double de la m\u00eame p\u00e9riode de 2024. JLL relate \u00abun d\u00e9but d\u2019ann\u00e9e dynamique pour le march\u00e9 de l\u2019investissement lyonnais\u00bb.<\/p>\n<p><\/a><\/p>\n<p>\t<a href=\"http:\/\/www.lyonpoleimmo.com\/2025\/04\/15\/90488\/pour-colliers-un-marche-utilisateurs-francilien-conforme-aux-previsions\/\" rel=\"bookmark noopener\" title=\"Lien Permanent vers Pour Colliers, un march\u00e9 utilisateurs francilien \u00abconforme aux pr\u00e9visions\u00bb\" target=\"_blank\">Pour Colliers, un march\u00e9 utilisateurs francilien \u00abconforme aux pr\u00e9visions\u00bb<\/a><\/p>\n<p>\t<a href=\"http:\/\/www.lyonpoleimmo.com\/2025\/04\/15\/90488\/pour-colliers-un-marche-utilisateurs-francilien-conforme-aux-previsions\/\" rel=\"bookmark noopener\" title=\"Lien Permanent vers Pour Colliers, un march\u00e9 utilisateurs francilien \u00abconforme aux pr\u00e9visions\u00bb\" target=\"_blank\"><\/p>\n<p>Suite aux chiffres r\u00e9cemment d\u00e9voil\u00e9s par Immostat, Colliers a comment\u00e9 les chiffres de la demande plac\u00e9e et de l\u2019investissement en Ile-de-France, pour lequel un rebond est constat\u00e9 au 1er trimestre.<\/p>\n<p><\/a><\/p>\n<p>\t<a href=\"http:\/\/www.lyonpoleimmo.com\/2025\/03\/13\/89944\/lindustrie-represente-45-du-foncier-eligible-au-zan\/\" rel=\"bookmark noopener\" title=\"Lien Permanent vers \u00abL\u2019industrie repr\u00e9sente 4,5% du foncier \u00e9ligible au ZAN\u00bb\" target=\"_blank\">\u00abL\u2019industrie repr\u00e9sente 4,5% du foncier \u00e9ligible au ZAN\u00bb<\/a><\/p>\n<p>\t<a href=\"http:\/\/www.lyonpoleimmo.com\/2025\/03\/13\/89944\/lindustrie-represente-45-du-foncier-eligible-au-zan\/\" rel=\"bookmark noopener\" title=\"Lien Permanent vers \u00abL\u2019industrie repr\u00e9sente 4,5% du foncier \u00e9ligible au ZAN\u00bb\" target=\"_blank\"><\/p>\n<p><img decoding=\"async\" src=\"https:\/\/www.europesays.com\/fr\/wp-content\/uploads\/2025\/04\/Marc-Ferracci2.jpg\" alt=\"null\" \/>Marc Ferracci a visit\u00e9 ce jeudi, en marge du salon Global Industrie, l\u2019entreprise Borrelly Spring Washers \u00e0 Saint-Laurent-d\u2019Agny, fleuron lyonnais de l\u2019industrie m\u00e9tallique. Pour le ministre charg\u00e9 de l\u2019Industrie et de l\u2019\u00c9nergie, l\u2019industrie constitue une faible empreinte en mati\u00e8re d\u2019artificialisation.<\/p>\n<p><\/a><\/p>\n<p>\t<a href=\"http:\/\/www.lyonpoleimmo.com\/2025\/03\/13\/89946\/le-premier-ministre-promeut-la-simplification-a-global-industrie\/\" rel=\"bookmark noopener\" title=\"Lien Permanent vers Le Premier ministre promeut la simplification \u00e0 \u00abGlobal Industrie\u00bb\" target=\"_blank\">Le Premier ministre promeut la simplification \u00e0 \u00abGlobal Industrie\u00bb<\/a><\/p>\n<p>\t<a href=\"http:\/\/www.lyonpoleimmo.com\/2025\/03\/13\/89946\/le-premier-ministre-promeut-la-simplification-a-global-industrie\/\" rel=\"bookmark noopener\" title=\"Lien Permanent vers Le Premier ministre promeut la simplification \u00e0 \u00abGlobal Industrie\u00bb\" target=\"_blank\"><\/p>\n<p>Fran\u00e7ois Bayrou \u00e9tait pr\u00e9sent ce jeudi au salon d\u00e9di\u00e9 \u00e0 l\u2019industrie \u00e0 Lyon Eurexpo.<\/p>\n<p><\/a><\/p>\n<p>\t<a href=\"http:\/\/www.lyonpoleimmo.com\/2025\/03\/13\/89935\/la-reindustrialisation-ralentit-en-france\/\" rel=\"bookmark noopener\" title=\"Lien Permanent vers La r\u00e9industrialisation ralentit en France\" target=\"_blank\">La r\u00e9industrialisation ralentit en France<\/a><\/p>\n<p>\t<a href=\"http:\/\/www.lyonpoleimmo.com\/2025\/03\/13\/89935\/la-reindustrialisation-ralentit-en-france\/\" rel=\"bookmark noopener\" title=\"Lien Permanent vers La r\u00e9industrialisation ralentit en France\" target=\"_blank\"><\/p>\n<p>Le dernier barom\u00e8tre industriel de l\u2019Etat fait \u00e9tat d\u2019un solde net positif en mati\u00e8re de r\u00e9industrialisation, avec 89 ouvertures et extensions significatives d\u2019usines en 2024, un chiffre nettement inf\u00e9rieur aux 189 enregistr\u00e9es en 2023.<\/p>\n<p><\/a><\/p>\n<p>\t<a href=\"http:\/\/www.lyonpoleimmo.com\/2025\/03\/10\/89876\/le-mipim-2025-ouvre-ses-portes\/\" rel=\"bookmark noopener\" title=\"Lien Permanent vers Le MIPIM 2025 ouvre ses portes\" target=\"_blank\">Le MIPIM 2025 ouvre ses portes<\/a><\/p>\n<p>\t<a href=\"http:\/\/www.lyonpoleimmo.com\/2025\/03\/10\/89876\/le-mipim-2025-ouvre-ses-portes\/\" rel=\"bookmark noopener\" title=\"Lien Permanent vers Le MIPIM 2025 ouvre ses portes\" target=\"_blank\"><\/p>\n<p>Apr\u00e8s un lundi marqu\u00e9 par \u00abHousing Matters!\u00bb avec la pr\u00e9sence de Sadiq Khan, maire de Londres, le march\u00e9 international des professionnels de l\u2019immobilier ouvre officiellement ses portes ce mardi.<\/p>\n<p><\/a><\/p>\n<p>\t<a href=\"http:\/\/www.lyonpoleimmo.com\/2025\/03\/10\/89862\/la-cci-prone-la-zero-des-economisation-nette\/\" rel=\"bookmark noopener\" title=\"Lien Permanent vers La CCI promeut la \u00ab z\u00e9ro d\u00e9s-\u00e9conomisation nette \u00bb\" target=\"_blank\">La CCI promeut la \u00ab z\u00e9ro d\u00e9s-\u00e9conomisation nette \u00bb<\/a><\/p>\n<p>\t<a href=\"http:\/\/www.lyonpoleimmo.com\/2025\/03\/10\/89862\/la-cci-prone-la-zero-des-economisation-nette\/\" rel=\"bookmark noopener\" title=\"Lien Permanent vers La CCI promeut la \u00ab z\u00e9ro d\u00e9s-\u00e9conomisation nette \u00bb\" target=\"_blank\"><\/p>\n<p>Face \u00e0 la tension sur les fonciers \u00e9conomiques, la CCI alerte sur la rar\u00e9faction fonci\u00e8re, qui constitue, selon elle, \u00abun frein au d\u00e9veloppement \u00e9conomique et \u00e0 la r\u00e9industrialisation\u00bb.<\/p>\n<p><\/a><\/p>\n<p>\t<a href=\"http:\/\/www.lyonpoleimmo.com\/2025\/03\/03\/89736\/mions-un-entrepot-de-11-593-m%c2%b2-pris-a-bail\/\" rel=\"bookmark noopener\" title=\"Lien Permanent vers Mions\u00a0: un entrep\u00f4t de 11.593 m\u00b2 pris \u00e0 bail\" target=\"_blank\">Mions\u00a0: un entrep\u00f4t de 11.593 m\u00b2 pris \u00e0 bail<\/a><\/p>\n<p>\t<a href=\"http:\/\/www.lyonpoleimmo.com\/2025\/03\/03\/89736\/mions-un-entrepot-de-11-593-m%c2%b2-pris-a-bail\/\" rel=\"bookmark noopener\" title=\"Lien Permanent vers Mions\u00a0: un entrep\u00f4t de 11.593 m\u00b2 pris \u00e0 bail\" target=\"_blank\"><\/p>\n<p>C\u2019est ce qu\u2019a r\u00e9cemment r\u00e9v\u00e9l\u00e9 Sorovim, qui a accompagn\u00e9 le preneur et le bailleur.<\/p>\n<p><\/a><\/p>\n<p>\t<a href=\"http:\/\/www.lyonpoleimmo.com\/2025\/03\/03\/89727\/logistique-le-programme-marguerite-arrive-dans-la-metropole\/\" rel=\"bookmark noopener\" title=\"Lien Permanent vers Logistique : le programme Marguerite arrive dans la M\u00e9tropole\" target=\"_blank\">Logistique : le programme Marguerite arrive dans la M\u00e9tropole<\/a><\/p>\n<p>\t<a href=\"http:\/\/www.lyonpoleimmo.com\/2025\/03\/03\/89727\/logistique-le-programme-marguerite-arrive-dans-la-metropole\/\" rel=\"bookmark noopener\" title=\"Lien Permanent vers Logistique : le programme Marguerite arrive dans la M\u00e9tropole\" target=\"_blank\"><\/p>\n<p>Ce programme vise \u00e0 accompagner les artisans-commer\u00e7ants dans la d\u00e9carbonation de leur logistique.<\/p>\n<p><\/a><\/p>\n<p>\t<a href=\"http:\/\/www.lyonpoleimmo.com\/2025\/02\/27\/89689\/red-prend-a-bail-un-entrepot-de-3-851-m%c2%b2-a-genas\/\" rel=\"bookmark noopener\" title=\"Lien Permanent vers RED prend \u00e0 bail un entrep\u00f4t de 3.851 m\u00b2 \u00e0 Genas\" target=\"_blank\">RED prend \u00e0 bail un entrep\u00f4t de 3.851 m\u00b2 \u00e0 Genas<\/a><\/p>\n<p>\t<a href=\"http:\/\/www.lyonpoleimmo.com\/2025\/02\/27\/89689\/red-prend-a-bail-un-entrepot-de-3-851-m%c2%b2-a-genas\/\" rel=\"bookmark noopener\" title=\"Lien Permanent vers RED prend \u00e0 bail un entrep\u00f4t de 3.851 m\u00b2 \u00e0 Genas\" target=\"_blank\"><\/p>\n<p><img decoding=\"async\" src=\"https:\/\/www.europesays.com\/fr\/wp-content\/uploads\/2025\/06\/Red-Valoris-Genas.jpg\" alt=\"null\" \/><br \/>Valoris Real Estate et Malsh ont \u00e9t\u00e9 conseils de cette transaction.<\/p>\n<p><\/a><\/p>\n<p>\t<a href=\"http:\/\/www.lyonpoleimmo.com\/2025\/02\/17\/89493\/corbas-realterm-a-acquis-un-site-de-11-464-m%c2%b2\/\" rel=\"bookmark noopener\" title=\"Lien Permanent vers Corbas : Realterm a acquis un site de 11.464 m\u00b2\" target=\"_blank\">Corbas : Realterm a acquis un site de 11.464 m\u00b2<\/a><\/p>\n<p>\t<a href=\"http:\/\/www.lyonpoleimmo.com\/2025\/02\/17\/89493\/corbas-realterm-a-acquis-un-site-de-11-464-m%c2%b2\/\" rel=\"bookmark noopener\" title=\"Lien Permanent vers Corbas : Realterm a acquis un site de 11.464 m\u00b2\" target=\"_blank\"><\/p>\n<p>Eversheds Sutherland \u00e0 Paris \u00e9tait conseil de Realterm lors de cette transaction.<\/p>\n<p><\/a><\/p>\n<p>\t<a href=\"http:\/\/www.lyonpoleimmo.com\/2025\/02\/03\/89262\/grenoble-le-batiment-flash-vendu\/\" rel=\"bookmark noopener\" title=\"Lien Permanent vers Grenoble : le b\u00e2timent \u00abFlash\u00bb vendu\" target=\"_blank\">Grenoble : le b\u00e2timent \u00abFlash\u00bb vendu<\/a><\/p>\n<p>\t<a href=\"http:\/\/www.lyonpoleimmo.com\/2025\/02\/03\/89262\/grenoble-le-batiment-flash-vendu\/\" rel=\"bookmark noopener\" title=\"Lien Permanent vers Grenoble : le b\u00e2timent \u00abFlash\u00bb vendu\" target=\"_blank\"><\/p>\n<p><img decoding=\"async\" src=\"https:\/\/www.europesays.com\/fr\/wp-content\/uploads\/2025\/06\/Flash-6NERGY-VALLEY.jpg\" alt=\"null\" \/>L\u2019immeuble c\u00e9d\u00e9 par 6e Sens Immobilier est situ\u00e9 au sein du lotissement d\u2019activit\u00e9s 6nergy Valley, \u00e0 Grenoble. <\/p>\n<p><\/a><\/p>\n","protected":false},"excerpt":{"rendered":"(SdH\/LPI) Le salon de la construction et de l\u2019immobilier d\u2019entreprise lyonnais se tient ce mercredi au Palais de&hellip;\n","protected":false},"author":2,"featured_media":184772,"comment_status":"","ping_status":"","sticky":false,"template":"","format":"standard","meta":{"footnotes":""},"categories":[1889],"tags":[1111,11,2430,7655,215,1777,674,1011,27,23562,32280,2726,2428,12,25],"class_list":{"0":"post-184771","1":"post","2":"type-post","3":"status-publish","4":"format-standard","5":"has-post-thumbnail","7":"category-lyon","8":"tag-actu","9":"tag-actualites","10":"tag-auvergne-rhone-alpes","11":"tag-bureaux","12":"tag-commerce","13":"tag-eu","14":"tag-europe","15":"tag-fr","16":"tag-france","17":"tag-immo-dentreprise","18":"tag-locaux-dactivites","19":"tag-logistique","20":"tag-lyon","21":"tag-news","22":"tag-republique-francaise"},"share_on_mastodon":{"url":"https:\/\/pubeurope.com\/@fr\/114701953158667039","error":""},"_links":{"self":[{"href":"https:\/\/www.europesays.com\/fr\/wp-json\/wp\/v2\/posts\/184771","targetHints":{"allow":["GET"]}}],"collection":[{"href":"https:\/\/www.europesays.com\/fr\/wp-json\/wp\/v2\/posts"}],"about":[{"href":"https:\/\/www.europesays.com\/fr\/wp-json\/wp\/v2\/types\/post"}],"author":[{"embeddable":true,"href":"https:\/\/www.europesays.com\/fr\/wp-json\/wp\/v2\/users\/2"}],"replies":[{"embeddable":true,"href":"https:\/\/www.europesays.com\/fr\/wp-json\/wp\/v2\/comments?post=184771"}],"version-history":[{"count":0,"href":"https:\/\/www.europesays.com\/fr\/wp-json\/wp\/v2\/posts\/184771\/revisions"}],"wp:featuredmedia":[{"embeddable":true,"href":"https:\/\/www.europesays.com\/fr\/wp-json\/wp\/v2\/media\/184772"}],"wp:attachment":[{"href":"https:\/\/www.europesays.com\/fr\/wp-json\/wp\/v2\/media?parent=184771"}],"wp:term":[{"taxonomy":"category","embeddable":true,"href":"https:\/\/www.europesays.com\/fr\/wp-json\/wp\/v2\/categories?post=184771"},{"taxonomy":"post_tag","embeddable":true,"href":"https:\/\/www.europesays.com\/fr\/wp-json\/wp\/v2\/tags?post=184771"}],"curies":[{"name":"wp","href":"https:\/\/api.w.org\/{rel}","templated":true}]}}