{"id":184779,"date":"2025-06-18T02:19:12","date_gmt":"2025-06-18T02:19:12","guid":{"rendered":"https:\/\/www.europesays.com\/fr\/184779\/"},"modified":"2025-06-18T02:19:12","modified_gmt":"2025-06-18T02:19:12","slug":"un-directeur-decole-affiche-le-nom-de-huit-enseignants-absents-pour-laid-tolle-general-a-la-courneuve","status":"publish","type":"post","link":"https:\/\/www.europesays.com\/fr\/184779\/","title":{"rendered":"Un directeur d\u2019\u00e9cole affiche le nom de huit enseignants absents pour l\u2019A\u00efd, toll\u00e9 g\u00e9n\u00e9ral \u00e0 La\u00a0Courneuve"},"content":{"rendered":"<p class=\"paragraph text_align_left lp-f-body-02\">\u00ab\u00a0Je ne comprends pas ce type de pratiques, c\u2019est une non-ma\u00eetrise compl\u00e8te des cadres juridiques.\u00a0\u00bb Onze jours apr\u00e8s les faits, Marie-H\u00e9l\u00e8ne Plard, cosecr\u00e9taire d\u00e9partementale du Snuipp-FSU ne d\u00e9col\u00e8re pas. Tout comme les autres syndicats du premier degr\u00e9 de Seine-Saint-Denis qui ont sign\u00e9 ce mardi un communiqu\u00e9 pour d\u00e9noncer une \u00ab\u00a0mise en danger\u00a0\u00bb de leurs coll\u00e8gues.<\/p>\n<p class=\"paragraph text_align_left lp-f-body-02\">Le 5\u00a0juin, la veille de la f\u00eate de l\u2019A\u00efd, le directeur de l\u2019\u00e9cole \u00e9l\u00e9mentaire Angela-Davis, \u00e0 <a href=\"https:\/\/www.leparisien.fr\/seine-saint-denis-93\/la-courneuve-93120\/\" target=\"_blank\" rel=\"noreferrer nofollow noopener\">La\u00a0Courneuve<\/a> (Seine-Saint-Denis), a appos\u00e9 sur la devanture de son \u00e9tablissement une affiche manuscrite listant, avec leur nom, les huit enseignants absents le lendemain. Probl\u00e8me\u00a0: il a indiqu\u00e9 que ces absences \u00e9taient li\u00e9es \u00e0 un motif religieux.<\/p>\n","protected":false},"excerpt":{"rendered":"\u00ab\u00a0Je ne comprends pas ce type de pratiques, c\u2019est une non-ma\u00eetrise compl\u00e8te des cadres juridiques.\u00a0\u00bb Onze jours apr\u00e8s&hellip;\n","protected":false},"author":2,"featured_media":184780,"comment_status":"","ping_status":"","sticky":false,"template":"","format":"standard","meta":{"footnotes":""},"categories":[1888],"tags":[11,1777,674,1011,27,1944,12,626,25,1945,104],"class_list":{"0":"post-184779","1":"post","2":"type-post","3":"status-publish","4":"format-standard","5":"has-post-thumbnail","7":"category-paris","8":"tag-actualites","9":"tag-eu","10":"tag-europe","11":"tag-fr","12":"tag-france","13":"tag-ma-ville","14":"tag-news","15":"tag-paris","16":"tag-republique-francaise","17":"tag-seine-saint-denis","18":"tag-societe"},"share_on_mastodon":{"url":"https:\/\/pubeurope.com\/@fr\/114701976413195426","error":""},"_links":{"self":[{"href":"https:\/\/www.europesays.com\/fr\/wp-json\/wp\/v2\/posts\/184779","targetHints":{"allow":["GET"]}}],"collection":[{"href":"https:\/\/www.europesays.com\/fr\/wp-json\/wp\/v2\/posts"}],"about":[{"href":"https:\/\/www.europesays.com\/fr\/wp-json\/wp\/v2\/types\/post"}],"author":[{"embeddable":true,"href":"https:\/\/www.europesays.com\/fr\/wp-json\/wp\/v2\/users\/2"}],"replies":[{"embeddable":true,"href":"https:\/\/www.europesays.com\/fr\/wp-json\/wp\/v2\/comments?post=184779"}],"version-history":[{"count":0,"href":"https:\/\/www.europesays.com\/fr\/wp-json\/wp\/v2\/posts\/184779\/revisions"}],"wp:featuredmedia":[{"embeddable":true,"href":"https:\/\/www.europesays.com\/fr\/wp-json\/wp\/v2\/media\/184780"}],"wp:attachment":[{"href":"https:\/\/www.europesays.com\/fr\/wp-json\/wp\/v2\/media?parent=184779"}],"wp:term":[{"taxonomy":"category","embeddable":true,"href":"https:\/\/www.europesays.com\/fr\/wp-json\/wp\/v2\/categories?post=184779"},{"taxonomy":"post_tag","embeddable":true,"href":"https:\/\/www.europesays.com\/fr\/wp-json\/wp\/v2\/tags?post=184779"}],"curies":[{"name":"wp","href":"https:\/\/api.w.org\/{rel}","templated":true}]}}