{"id":184785,"date":"2025-06-18T02:22:11","date_gmt":"2025-06-18T02:22:11","guid":{"rendered":"https:\/\/www.europesays.com\/fr\/184785\/"},"modified":"2025-06-18T02:22:11","modified_gmt":"2025-06-18T02:22:11","slug":"le-g7-se-dechire-sur-le-soutien-a-lukraine-18-06-2025-a-0335","status":"publish","type":"post","link":"https:\/\/www.europesays.com\/fr\/184785\/","title":{"rendered":"Le G7 se d\u00e9chire sur le soutien \u00e0 l&rsquo;Ukraine &#8211; 18\/06\/2025 \u00e0 03:35"},"content":{"rendered":"<p>        <img fetchpriority=\"high\" decoding=\"async\" src=\"https:\/\/www.europesays.com\/fr\/wp-content\/uploads\/2025\/06\/81e41f0a389cd389f0a333743e5c1b77-760x506.jpg\" alt=\"Le pr\u00e9sident ukrainien Volodymyr Zelensky (\u00e0 gauche) et le Premier ministre canadien Mark Carney lors du sommet du G7 \u00e0 Kananaskis le 17 juin 2025 dans les Rocheuses canadiennes ( POOL \/ Suzanne Plunkett )\" loading=\"eager\" width=\"760\" height=\"506\" style=\"max-width: 100%!important; height: auto;\"\/><\/p>\n<p class=\"c-image-news__legend\">Le pr\u00e9sident ukrainien Volodymyr Zelensky (\u00e0 gauche) et le Premier ministre canadien Mark Carney lors du sommet du G7 \u00e0 Kananaskis le 17 juin 2025 dans les Rocheuses canadiennes ( POOL \/ Suzanne Plunkett )<\/p>\n<p>\n Les Etats-Unis de Donald Trump se sont oppos\u00e9s \u00e0 une d\u00e9claration forte sur l&rsquo;Ukraine qui condamnerait la Russie, lors du sommet du G7 au Canada chamboul\u00e9 par le d\u00e9part anticip\u00e9 du pr\u00e9sident am\u00e9ricain en raison du conflit entre l&rsquo;Iran et Isra\u00ebl.\n<\/p>\n<p>\n Les six autres membres du G7 s&rsquo;\u00e9taient mis d&rsquo;accord sur un \u00ab\u00a0langage fort\u00a0\u00bb mais une d\u00e9claration conjointe aurait n\u00e9cessit\u00e9 l&rsquo;accord des \u00c9tats-Unis, selon une source gouvernementale canadienne.\n<\/p>\n<p>\n Ces derniers ont argu\u00e9 qu&rsquo;ils voulaient pr\u00e9server leur capacit\u00e9 \u00e0 n\u00e9gocier avec la Russie, a ajout\u00e9 cette source.\n<\/p>\n<p>\n \u00ab\u00a0Certains d&rsquo;entre nous, y compris le Canada, auraient pu aller plus loin\u00a0\u00bb, a reconnu le Premier ministre canadien Mark Carney, h\u00f4te du G7, lors de sa conf\u00e9rence de presse finale. En insistant toutefois sur le fait que tous restent d&rsquo;accord pour continuer \u00e0 exercer une pression sur la Russie, y compris par des sanctions financi\u00e8res.\n<\/p>\n<p>\n Le conflit en Ukraine \u00e9tait l&rsquo;un des axes majeurs de ce sommet dans les Rocheuses canadiennes auquel participait le pr\u00e9sident ukrainien venu pour plaider sa cause, notamment aupr\u00e8s de Donald Trump. Mais il a \u00e9t\u00e9 en grande partie \u00e9clips\u00e9 par l&rsquo;escalade du conflit au Moyen-Orient.\n<\/p>\n<p>\n Ainsi, Volodymyr Zelensky n&rsquo;a pas eu la possibilit\u00e9 de croiser le pr\u00e9sident am\u00e9ricain, avec lequel il a des relations houleuses, parti de fa\u00e7on anticip\u00e9e.\n<\/p>\n<p>\n C&rsquo;est avec les autres dirigeants de ce club des grandes d\u00e9mocraties industrialis\u00e9es (Italie, France, Allemagne, Grande-Bretagne, Canada et Japon), qu&rsquo;il a \u00e9voqu\u00e9 l&rsquo;attaque meurtri\u00e8re sur Kiev, signe pour lui que les alli\u00e9s doivent renforcer leur aide.\n<\/p>\n<p>\n \u00ab\u00a0Nous sommes pr\u00eats pour les n\u00e9gociations de paix, pour un cessez-le-feu inconditionnel. Pour cela, nous avons besoin de pression\u00a0\u00bb, a d\u00e9clar\u00e9 Volodymyr Zelensky.\n<\/p>\n<p>\n Dans la foul\u00e9e, le Premier ministre canadien Mark Carney, h\u00f4te du sommet, a annonc\u00e9 que son pays allait fournir une nouvelle aide militaire \u00e0 l&rsquo;Ukraine pour 1,27 milliard d&rsquo;euros, notamment pour des drones et des v\u00e9hicules blind\u00e9s.\n<\/p>\n<p>\n Il a redit \u00ab\u00a0l&rsquo;importance d&rsquo;\u00eatre solidaire de l&rsquo;Ukraine\u00a0\u00bb et \u00ab\u00a0d&rsquo;exercer une pression maximale sur la Russie, qui a refus\u00e9 de venir \u00e0 la table des n\u00e9gociations\u00a0\u00bb.\n<\/p>\n<p> &#8211; \u00ab\u00a0Machine de guerre russe\u00a0\u00bb &#8211;<\/p>\n<p>\n Ottawa a \u00e9galement rejoint Londres pour renforcer les sanctions contre la \u00ab\u00a0flotte fant\u00f4me\u00a0\u00bb russe de navires utilis\u00e9s pour contourner les sanctions internationales sur ses ventes de p\u00e9trole.\n<\/p>\n<p>\n \u00ab\u00a0Ces sanctions frappent directement au c\u0153ur de la machine de guerre de Poutine, pour \u00e9touffer sa capacit\u00e9 \u00e0 poursuivre sa guerre barbare en Ukraine\u00a0\u00bb, a d\u00e9clar\u00e9 le Premier ministre britannique Keir Starmer.\n<\/p>\n<p>\n Mais Donald Trump, qui vante \u00e0 chaque occasion sa relation privil\u00e9gi\u00e9e avec le pr\u00e9sident russe Vladimir Poutine, n&rsquo;a pas cach\u00e9 lundi son scepticisme face \u00e0 d&rsquo;\u00e9ventuelles nouvelles mesures contre Moscou.\n<\/p>\n<p>\n \u00ab\u00a0Les sanctions, ce n&rsquo;est pas si simple\u00a0\u00bb, a-t-il lanc\u00e9, soulignant que toute nouvelle mesure aurait un co\u00fbt \u00ab\u00a0colossal\u00a0\u00bb \u00e9galement pour les Etats-Unis.\n<\/p>\n<p>\n \u00ab\u00a0\u00c9videmment, avec Trump absent, les discussions pourraient \u00eatre un peu plus fluides, mais elles ont \u00e9galement moins d&rsquo;impact avec la nation la plus puissante absente\u00a0\u00bb, a reconnu un diplomate d&rsquo;une nation du G7 sous condition d&rsquo;anonymat.\n<\/p>\n<p> &#8211; \u00ab\u00a0Ils paieront\u00a0\u00bb &#8211;<\/p>\n<p>\n De nombreux dirigeants pr\u00e9sents esp\u00e9raient pouvoir d\u00e9samorcer l&rsquo;offensive commerciale de Donald Trump, qui a impos\u00e9 des droits de douane de 10% minimum sur la plupart des produits import\u00e9s aux Etats-Unis et menace d&rsquo;augmenter encore le niveau des taxes, d\u00e9stabilisant le monde.\n<\/p>\n<p>\n Ses propos sur le chemin du retour ont douch\u00e9 une partie des espoirs, m\u00eame si les \u00e9changes sont rest\u00e9s courtois pendant le sommet. Comme \u00e0 son habitude, Donald Trump ne s&rsquo;est pas priv\u00e9 pour d\u00e9cocher, dans l&rsquo;avion du retour, plusieurs piques \u00e0 l&rsquo;adresse des dirigeants qu&rsquo;il venait de quitter.\n<\/p>\n<p>\n Il a notamment regrett\u00e9 que les Europ\u00e9ens \u00ab\u00a0ne proposent pas un accord juste pour le moment\u00a0\u00bb pour apaiser la guerre commerciale avec les Etats-Unis, alors que la pause annonc\u00e9e se termine le 9 juillet.\n<\/p>\n<p>\n \u00ab\u00a0Soit nous trouvons un bon accord, soit ils paieront ce que nous leur dirons de payer\u00a0\u00bb, a ajout\u00e9 le pr\u00e9sident am\u00e9ricain.\n<\/p>\n<p>\n Il a aussi \u00e9trill\u00e9 Emmanuel Macron, un \u00ab\u00a0chic type\u00a0\u00bb mais qui \u00ab\u00a0ne comprend jamais rien\u00a0\u00bb, visiblement agac\u00e9 de voir ce dernier parler pour lui de ses projets de r\u00e8glement du conflit entre Isra\u00ebl et l&rsquo;Iran.\n<\/p>\n<p>\n Mardi de retour \u00e0 Washington, Donald Trump a sembl\u00e9 de nouveau durcir le ton sur ce dossier appelant \u00e0 une \u00ab\u00a0capitulation sans conditions\u00a0\u00bb de l&rsquo;Iran.\n<\/p>\n<p>\n Emmanuel Macron a averti que toute tentative de \u00ab\u00a0changement de r\u00e9gime\u00a0\u00bb en Iran par la guerre entra\u00eenerait le \u00ab\u00a0chaos\u00a0\u00bb dans le pays.<\/p>\n","protected":false},"excerpt":{"rendered":"Le pr\u00e9sident ukrainien Volodymyr Zelensky (\u00e0 gauche) et le Premier ministre canadien Mark Carney lors du sommet du&hellip;\n","protected":false},"author":2,"featured_media":184786,"comment_status":"","ping_status":"","sticky":false,"template":"","format":"standard","meta":{"footnotes":""},"categories":[1590],"tags":[400,11,398,408,405,1777,674,403,402,399,404,12,401,406,220,407],"class_list":{"0":"post-184785","1":"post","2":"type-post","3":"status-publish","4":"format-standard","5":"has-post-thumbnail","7":"category-ukraine","8":"tag-action-cac-40","9":"tag-actualites","10":"tag-bourse-de-paris","11":"tag-boursorama","12":"tag-cotations","13":"tag-eu","14":"tag-europe","15":"tag-indices-devises","16":"tag-investir","17":"tag-investissement","18":"tag-marche-boursier","19":"tag-news","20":"tag-sicav","21":"tag-trackers","22":"tag-ukraine","23":"tag-warrants"},"share_on_mastodon":{"url":"https:\/\/pubeurope.com\/@fr\/114701988420143233","error":""},"_links":{"self":[{"href":"https:\/\/www.europesays.com\/fr\/wp-json\/wp\/v2\/posts\/184785","targetHints":{"allow":["GET"]}}],"collection":[{"href":"https:\/\/www.europesays.com\/fr\/wp-json\/wp\/v2\/posts"}],"about":[{"href":"https:\/\/www.europesays.com\/fr\/wp-json\/wp\/v2\/types\/post"}],"author":[{"embeddable":true,"href":"https:\/\/www.europesays.com\/fr\/wp-json\/wp\/v2\/users\/2"}],"replies":[{"embeddable":true,"href":"https:\/\/www.europesays.com\/fr\/wp-json\/wp\/v2\/comments?post=184785"}],"version-history":[{"count":0,"href":"https:\/\/www.europesays.com\/fr\/wp-json\/wp\/v2\/posts\/184785\/revisions"}],"wp:featuredmedia":[{"embeddable":true,"href":"https:\/\/www.europesays.com\/fr\/wp-json\/wp\/v2\/media\/184786"}],"wp:attachment":[{"href":"https:\/\/www.europesays.com\/fr\/wp-json\/wp\/v2\/media?parent=184785"}],"wp:term":[{"taxonomy":"category","embeddable":true,"href":"https:\/\/www.europesays.com\/fr\/wp-json\/wp\/v2\/categories?post=184785"},{"taxonomy":"post_tag","embeddable":true,"href":"https:\/\/www.europesays.com\/fr\/wp-json\/wp\/v2\/tags?post=184785"}],"curies":[{"name":"wp","href":"https:\/\/api.w.org\/{rel}","templated":true}]}}