{"id":184791,"date":"2025-06-18T02:25:19","date_gmt":"2025-06-18T02:25:19","guid":{"rendered":"https:\/\/www.europesays.com\/fr\/184791\/"},"modified":"2025-06-18T02:25:19","modified_gmt":"2025-06-18T02:25:19","slug":"larmee-allemande-est-elle-impliquee-aux-cotes-de-letat-hebreu-lexpress","status":"publish","type":"post","link":"https:\/\/www.europesays.com\/fr\/184791\/","title":{"rendered":"l\u2019arm\u00e9e allemande est-elle impliqu\u00e9e aux c\u00f4t\u00e9s de l\u2019Etat h\u00e9breu\u00a0? \u2013 L&rsquo;Express"},"content":{"rendered":"<p class=\"paragraph article-body-paragraph article__item   article-body-paragraph--first \">Le soutien sans faille envers Isra\u00ebl fait de plus en plus d\u00e9bat <a href=\"https:\/\/www.lexpress.fr\/monde\/europe\/defense-europeenne-vers-un-retour-du-service-militaire-en-allemagne-OXNXQPROIZEZNFP42SH5TFXOTE\/\" target=\"_self\" rel=\"nofollow noopener\" title=\"https:\/\/www.lexpress.fr\/monde\/europe\/defense-europeenne-vers-un-retour-du-service-militaire-en-allemagne-OXNXQPROIZEZNFP42SH5TFXOTE\/\">en Allemagne<\/a>. Berlin est, aux c\u00f4t\u00e9s des Etats-Unis, l\u2019un des plus fid\u00e8les alli\u00e9s de l\u2019Etat h\u00e9breu. Les d\u00e9bats pourraient bien se poursuivre encore un moment, alors qu\u2019Isra\u00ebl et l\u2019Iran <a href=\"https:\/\/www.lexpress.fr\/monde\/proche-moyen-orient\/en-direct-israel-iran-donald-trump-dit-que-son-depart-du-g7-na-rien-a-voir-avec-un-cessez-le-feu-7P4K337PNNAP7JR5MAYEVRVTMM\/\" target=\"_self\" rel=\"nofollow noopener\" title=\"https:\/\/www.lexpress.fr\/monde\/proche-moyen-orient\/en-direct-israel-iran-donald-trump-dit-que-son-depart-du-g7-na-rien-a-voir-avec-un-cessez-le-feu-7P4K337PNNAP7JR5MAYEVRVTMM\/\">sont engag\u00e9s dans un conflit<\/a>. Un Airbus de la Bundeswehr ayant survol\u00e9 la Jordanie suscite les sp\u00e9culations quant \u00e0 une \u00e9ventuelle participation de l\u2019Allemagne au c\u00f4t\u00e9 d\u2019Isra\u00ebl. Certains internautes se demandent si l\u2019arm\u00e9e de l\u2019air allemande soutient les forces isra\u00e9liennes dans leurs attaques contre l\u2019Iran, <a href=\"https:\/\/fr.euronews.com\/2025\/06\/16\/larmee-de-lair-allemande-soutient-elle-israel-dans-ses-attaques-contre-liran\" target=\"_self\" rel=\"nofollow noopener\" title=\"https:\/\/fr.euronews.com\/2025\/06\/16\/larmee-de-lair-allemande-soutient-elle-israel-dans-ses-attaques-contre-liran\">indique Euronews<\/a>.<\/p>\n<blockquote class=\"twitter-tweet\">\n<p lang=\"en\" dir=\"ltr\">\ud83c\udde9\ud83c\uddea German refueling tanker Airbus a400m Atlas over Jordan accidently turned on their transponder, it is off now. Whoops. Luftwaffe is confirmed joining in on defending Israel despite not publicly announcing their participation. How ironic. <a href=\"https:\/\/t.co\/a0ZYGnrZE0\" rel=\"nofollow\">pic.twitter.com\/a0ZYGnrZE0<\/a><\/p>\n<p>\u2014 Stellar Man (@stellarman22) <a href=\"https:\/\/twitter.com\/stellarman22\/status\/1933993981098016799?ref_src=twsrc%5Etfw\" rel=\"nofollow noopener\" target=\"_blank\">June 14, 2025<\/a><\/p><\/blockquote>\n<p class=\"paragraph article-body-paragraph article__item   \">L\u2019affaire commence samedi 14 juin. Ce jour-l\u00e0, sur le site web Flightradar24, qui affiche toutes les trajectoires d\u2019avions les plus divers, le signal du transpondeur d\u2019un Airbus A400M de l\u2019arm\u00e9e de l\u2019air allemande est visible. Ce mod\u00e8le, un Airbus de la Bundeswehr, peut ravitailler en vol des avions de combat. Un utilisateur du r\u00e9seau social X partage une capture d\u2019\u00e9cran de la trajectoire de vol, \u00e9mettant l\u2019hypoth\u00e8se que le transpondeur a \u00e9t\u00e9 activ\u00e9 par erreur et que l\u2019arm\u00e9e de l\u2019air allemande veut dissimuler son implication dans les attaques d\u2019Isra\u00ebl contre l\u2019Iran. Comme le pr\u00e9cise Euronews, d\u2019autres utilisateurs partagent ensuite le message, ajoutant que l\u2019Airbus pourrait \u00eatre en train de ravitailler des avions de combat isra\u00e9liens.<\/p>\n<p><strong class=\"article-body-link-list__item text-gray-800 article-body-link-list__item--one-item\">LIRE AUSSI : <a class=\"article-body-link-list__item-link\" href=\"https:\/\/www.lexpress.fr\/monde\/proche-moyen-orient\/israel-iran-le-nouveau-big-bang-infernal-au-moyen-orient-AUIEUX446JBM7BC4LEDA56LKNE\/\" target=\"_blank\" rel=\"noreferrer nofollow noopener\">Netanyahou contre Khamenei : le Moyen-Orient pris dans une spirale dangereuse<\/a><\/strong>Le d\u00e9menti du minist\u00e8re de la D\u00e9fense allemand<\/p>\n<p class=\"paragraph article-body-paragraph article__item   \">Berlin a r\u00e9agi \u00e0 ces sp\u00e9culations\u2026 et les a d\u00e9menties. Selon le minist\u00e8re de la D\u00e9fense, la Bundeswehr n\u2019est pas impliqu\u00e9e dans <a href=\"https:\/\/www.lexpress.fr\/monde\/proche-moyen-orient\/iran-israel-veut-montrer-quil-peut-frapper-le-coeur-du-programme-nucleaire-a-tout-moment-ZLWLMDTBB5C3JGR4OQOFZ2I4QI\/\" target=\"_self\" rel=\"nofollow noopener\" title=\"https:\/\/www.lexpress.fr\/monde\/proche-moyen-orient\/iran-israel-veut-montrer-quil-peut-frapper-le-coeur-du-programme-nucleaire-a-tout-moment-ZLWLMDTBB5C3JGR4OQOFZ2I4QI\/\">les attaques isra\u00e9liennes<\/a> actuelles contre l\u2019Iran et n\u2019a fourni aucun soutien aux forces arm\u00e9es isra\u00e9liennes dans ce contexte. Comme le rapporte l\u2019expert militaire et journaliste Thomas Wiegold <a href=\"https:\/\/augengeradeaus.net\/2025\/06\/bislang-keine-militaerische-unterstuezung-der-bundeswehr-fuer-israelische-angriffe-auf-iran\/\" target=\"_self\" rel=\"nofollow noopener\" title=\"https:\/\/augengeradeaus.net\/2025\/06\/bislang-keine-militaerische-unterstuezung-der-bundeswehr-fuer-israelische-angriffe-auf-iran\/\">sur son blog<\/a> consacr\u00e9 \u00e0 la politique de d\u00e9fense, un porte-parole du minist\u00e8re de la D\u00e9fense a indiqu\u00e9 dimanche 15 juin que \u00ab\u00a0l\u2019Allemagne n\u2019est pas impliqu\u00e9e dans la campagne militaire actuelle\u00a0\u00bb.<\/p>\n<p class=\"paragraph article-body-paragraph article__item   \">La France affirme \u00e9galement ne pas \u00eatre impliqu\u00e9e. Paris n\u2019a particip\u00e9 \u00e0 aucune \u00ab\u00a0op\u00e9ration d\u00e9fensive\u00a0\u00bb d\u2019Isra\u00ebl face \u00e0 la riposte iranienne car \u00ab\u00a0elle n\u2019a pas \u00e9t\u00e9 sollicit\u00e9e\u00a0\u00bb, a d\u00e9clar\u00e9 dimanche Emmanuel Macron. La France n\u2019a pas \u00ab\u00a0\u00e0 ce stade\u00a0\u00bb mobilis\u00e9 ses moyens militaires pour aider Isra\u00ebl \u00e0 intercepter les missiles iraniens visant son territoire, a lui aussi indiqu\u00e9 dimanche le chef de la diplomatie fran\u00e7aise Jean-No\u00ebl Barrot sur RTL.<\/p>\n<p><strong class=\"article-body-link-list__item text-gray-800 article-body-link-list__item--one-item\">LIRE AUSSI : <a class=\"article-body-link-list__item-link\" href=\"https:\/\/www.lexpress.fr\/monde\/europe\/allemagne-le-plan-de-friedrich-merz-pour-faire-de-son-armee-la-plus-puissante-deurope-ULR5VYCHMZDBTLVIOFJGUDK3XQ\/\" target=\"_blank\" rel=\"noreferrer nofollow noopener\">Allemagne : le plan de Friedrich Merz pour faire de son arm\u00e9e la plus puissante d\u2019Europe<\/a><\/strong><\/p>\n<p class=\"paragraph article-body-paragraph article__item   \">Emmanuel Macron a toutefois affirm\u00e9 vendredi 13 juin que la France pourrait participer \u00ab\u00a0aux op\u00e9rations de protection et de d\u00e9fense\u00a0\u00bb d\u2019Isra\u00ebl en cas de \u00ab\u00a0repr\u00e9sailles\u00a0\u00bb men\u00e9es par T\u00e9h\u00e9ran aux frappes isra\u00e9liennes sur son sol, si elle est \u00ab\u00a0en situation de le faire\u00a0\u00bb. Lors de pr\u00e9c\u00e9dentes frappes iraniennes sur Isra\u00ebl, en avril 2024, Paris avait particip\u00e9 \u00e0 l\u2019interception de drones et missiles iraniens. Mais les relations entre Paris et Tel-Aviv se sont d\u00e9grad\u00e9es depuis le d\u00e9but du blocus humanitaire isra\u00e9lien sur Gaza.<\/p>\n<p>\u00ab\u00a0L\u2019Allemagne continuera \u00e0 soutenir l\u2019Etat d\u2019Isra\u00ebl\u00a0\u00bb<\/p>\n<p class=\"paragraph article-body-paragraph article__item   \">Dimanche, le chancelier allemand Friedrich Merz a soulign\u00e9 que l\u2019Iran ne devait \u00ab\u00a0jamais disposer d\u2019armes nucl\u00e9aires\u00a0\u00bb, lors d\u2019un entretien avec le sultan d\u2019Oman. Selon lui, Isra\u00ebl \u00ab\u00a0a le droit\u00a0\u00bb de se d\u00e9fendre face \u00e0 la \u00ab\u00a0menace existentielle\u00a0\u00bb que constitue \u00ab\u00a0le programme nucl\u00e9aire militaire iranien\u00a0\u00bb. Le chancelier allemand a par ailleurs annonc\u00e9 un renforcement de la protection des sites isra\u00e9liens <a href=\"https:\/\/www.lexpress.fr\/monde\/europe\/en-allemagne-les-juifs-face-au-regain-de-lantisemitisme-nous-prenons-cela-tres-au-serieux-MEFS3K6MGVE2VE6F56VFPMCUCQ\/\" target=\"_self\" rel=\"nofollow noopener\" title=\"https:\/\/www.lexpress.fr\/monde\/europe\/en-allemagne-les-juifs-face-au-regain-de-lantisemitisme-nous-prenons-cela-tres-au-serieux-MEFS3K6MGVE2VE6F56VFPMCUCQ\/\">et juifs <\/a>en Allemagne, dans l\u2019\u00e9ventualit\u00e9 o\u00f9 ils seraient vis\u00e9s par l\u2019Iran.<\/p>\n<p><strong class=\"article-body-link-list__item text-gray-800 article-body-link-list__item--one-item\">LIRE AUSSI : <a class=\"article-body-link-list__item-link\" href=\"https:\/\/www.lexpress.fr\/monde\/proche-moyen-orient\/allemagne-israel-une-amitie-mise-a-mal-par-la-guerre-a-gaza-KB7ETCLI25HGNJHSO7CD36KYA4\/\" target=\"_blank\" rel=\"noreferrer nofollow noopener\">Allemagne &#8211; Isra\u00ebl : une amiti\u00e9 mise \u00e0 mal par la guerre \u00e0 Gaza<\/a><\/strong><\/p>\n<p class=\"paragraph article-body-paragraph article__item    article__text__endpicto\">Le 4 juin, le ministre conservateur Johann Wadephul avait d\u00e9fendu devant les d\u00e9put\u00e9s le soutien de son pays \u00e0 Isra\u00ebl au cours d\u2019une s\u00e9ance marqu\u00e9e par des incidents. \u00ab\u00a0L\u2019Allemagne continuera \u00e0 soutenir l\u2019Etat d\u2019Isra\u00ebl, y compris par des livraisons d\u2019armes\u00a0\u00bb, avait alors d\u00e9clar\u00e9 le chef de la diplomatie allemande au Bundestag. Friedrich Merz a toutefois r\u00e9cemment menac\u00e9 le gouvernement isra\u00e9lien de Benyamin Netanyahou de ne plus continuer \u00e0 le soutenir en raison de l\u2019intensification de l\u2019offensive de l\u2019arm\u00e9e isra\u00e9lienne \u00e0 <a href=\"https:\/\/www.lexpress.fr\/monde\/proche-moyen-orient\/attaque-du-hamas-israel-de-nouveau-en-guerre-contre-gaza-5HUCJ5IEKVD6FHMPYLBZMFZ6NQ\/\" target=\"_self\" rel=\"nofollow noopener\" title=\"https:\/\/www.lexpress.fr\/monde\/proche-moyen-orient\/attaque-du-hamas-israel-de-nouveau-en-guerre-contre-gaza-5HUCJ5IEKVD6FHMPYLBZMFZ6NQ\/\">Gaza<\/a>.<\/p>\n<p><script async src=\"https:\/\/platform.twitter.com\/widgets.js\" charset=\"utf-8\"><\/script><\/p>\n","protected":false},"excerpt":{"rendered":"Le soutien sans faille envers Isra\u00ebl fait de plus en plus d\u00e9bat en Allemagne. Berlin est, aux c\u00f4t\u00e9s&hellip;\n","protected":false},"author":2,"featured_media":184792,"comment_status":"","ping_status":"","sticky":false,"template":"","format":"standard","meta":{"footnotes":""},"categories":[1587],"tags":[11,672,1804,1805,1803,1777,674,1801,74,12,31,1802],"class_list":{"0":"post-184791","1":"post","2":"type-post","3":"status-publish","4":"format-standard","5":"has-post-thumbnail","7":"category-allemagne","8":"tag-actualites","9":"tag-allemagne","10":"tag-bundesrepublik-deutschland","11":"tag-de","12":"tag-deutschland","13":"tag-eu","14":"tag-europe","15":"tag-germany","16":"tag-monde","17":"tag-news","18":"tag-proche-et-moyen-orient","19":"tag-republique-federale-dallemagne"},"share_on_mastodon":{"url":"https:\/\/pubeurope.com\/@fr\/114702000019289842","error":""},"_links":{"self":[{"href":"https:\/\/www.europesays.com\/fr\/wp-json\/wp\/v2\/posts\/184791","targetHints":{"allow":["GET"]}}],"collection":[{"href":"https:\/\/www.europesays.com\/fr\/wp-json\/wp\/v2\/posts"}],"about":[{"href":"https:\/\/www.europesays.com\/fr\/wp-json\/wp\/v2\/types\/post"}],"author":[{"embeddable":true,"href":"https:\/\/www.europesays.com\/fr\/wp-json\/wp\/v2\/users\/2"}],"replies":[{"embeddable":true,"href":"https:\/\/www.europesays.com\/fr\/wp-json\/wp\/v2\/comments?post=184791"}],"version-history":[{"count":0,"href":"https:\/\/www.europesays.com\/fr\/wp-json\/wp\/v2\/posts\/184791\/revisions"}],"wp:featuredmedia":[{"embeddable":true,"href":"https:\/\/www.europesays.com\/fr\/wp-json\/wp\/v2\/media\/184792"}],"wp:attachment":[{"href":"https:\/\/www.europesays.com\/fr\/wp-json\/wp\/v2\/media?parent=184791"}],"wp:term":[{"taxonomy":"category","embeddable":true,"href":"https:\/\/www.europesays.com\/fr\/wp-json\/wp\/v2\/categories?post=184791"},{"taxonomy":"post_tag","embeddable":true,"href":"https:\/\/www.europesays.com\/fr\/wp-json\/wp\/v2\/tags?post=184791"}],"curies":[{"name":"wp","href":"https:\/\/api.w.org\/{rel}","templated":true}]}}