{"id":184795,"date":"2025-06-18T02:27:08","date_gmt":"2025-06-18T02:27:08","guid":{"rendered":"https:\/\/www.europesays.com\/fr\/184795\/"},"modified":"2025-06-18T02:27:08","modified_gmt":"2025-06-18T02:27:08","slug":"immigration-clandestine-frontex-etend-sa-presence-en-bosnie-pour-freiner-les-flux-migratoires","status":"publish","type":"post","link":"https:\/\/www.europesays.com\/fr\/184795\/","title":{"rendered":"Immigration clandestine. Frontex \u00e9tend sa pr\u00e9sence en Bosnie pour freiner les flux migratoires"},"content":{"rendered":"<p style=\"text-align: justify;\" data-start=\"494\" data-end=\"971\">Dans un contexte de pression migratoire toujours forte sur la route des Balkans, l\u2019Union europ\u00e9enne a sign\u00e9, le 11 juin, un nouvel accord avec la Bosnie-Herz\u00e9govine pour renforcer sa coop\u00e9ration en mati\u00e8re de contr\u00f4le des fronti\u00e8res. Cet accord de statut permet d\u00e9sormais \u00e0 Frontex de d\u00e9ployer son contingent permanent sur l\u2019ensemble des fronti\u00e8res bosniaques, y compris celles avec des pays non membres de l\u2019UE, ainsi qu\u2019aux points de passage frontaliers et dans les a\u00e9roports.<\/p>\n<p style=\"text-align: justify;\" data-start=\"973\" data-end=\"1495\">Il s\u2019agit du sixi\u00e8me accord de ce type depuis le renforcement du mandat de Frontex en 2019. Des accords similaires avaient d\u00e9j\u00e0 \u00e9t\u00e9 sign\u00e9s avec la Moldavie, la Mac\u00e9doine du Nord, le Mont\u00e9n\u00e9gro, l\u2019Albanie et la Serbie. D\u2019apr\u00e8s le communiqu\u00e9 de la Commission europ\u00e9enne, cet accord \u00ab met en \u0153uvre le plan d\u2019action de l\u2019UE pour les Balkans occidentaux de d\u00e9cembre 2022 \u00bb et sera applicable \u00e0 titre provisoire d\u00e8s sa signature, en attendant les ratifications respectives par le Parlement europ\u00e9en et les autorit\u00e9s de Sarajevo.<\/p>\n<p><strong>Frontex en premi\u00e8re ligne face aux flux migratoires<\/strong><\/p>\n<p style=\"text-align: justify;\" data-start=\"1554\" data-end=\"1947\">Avec cet accord, la Bosnie rejoint les pays des Balkans occidentaux d\u00e9j\u00e0 partenaires de l\u2019agence europ\u00e9enne de garde-fronti\u00e8res. La coop\u00e9ration vise \u00e0 contrer les flux migratoires irr\u00e9guliers, qui transitent notamment par les 1 000 kilom\u00e8tres de fronti\u00e8re que la Bosnie partage avec la Croatie, membre de l\u2019Union. Cette route est consid\u00e9r\u00e9e comme l\u2019un des principaux axes d\u2019entr\u00e9e vers l\u2019UE.<\/p>\n<p style=\"text-align: justify;\" data-start=\"1949\" data-end=\"2343\">Depuis 2022, les franchissements ill\u00e9gaux ont fortement recul\u00e9 : 145 600 en 2022, 21 520 en 2024, et une nouvelle baisse de 58 % enregistr\u00e9e sur les quatre premiers mois de 2025, selon la Commission europ\u00e9enne. Le Commissaire europ\u00e9en aux affaires int\u00e9rieures et \u00e0 la migration, Magnus Brunner a salu\u00e9 \u00ab une coop\u00e9ration qui renforce la s\u00e9curit\u00e9 de la r\u00e9gion \u00bb.<\/p>\n<p style=\"text-align: justify;\" data-start=\"2345\" data-end=\"2750\">Frontex intervient d\u00e9j\u00e0 \u00e0 l\u2019a\u00e9roport de Sarajevo depuis un accord de 2009. L\u2019agence pourra d\u00e9sormais intervenir plus largement, sur demande des autorit\u00e9s bosniaques et dans le cadre d\u2019un plan op\u00e9rationnel d\u00e9fini en commun. Elle dispose actuellement de pr\u00e8s de 500 agents dans les Balkans occidentaux, o\u00f9 elle m\u00e8ne des op\u00e9rations conjointes avec la Mac\u00e9doine du Nord, le Mont\u00e9n\u00e9gro, l\u2019Albanie et la Serbie.<\/p>\n<p><img fetchpriority=\"high\" decoding=\"async\" class=\"sFlh5c FyHeAf iPVvYb\" src=\"https:\/\/commission.europa.eu\/sites\/default\/files\/styles\/oe_theme_ratio_3_2_medium\/public\/2024-11\/Magnus-Brunner_landing%20page.png\" alt=\"\" width=\"468\" height=\"312\"\/><\/p>\n<p class=\"wp-caption-text\">Magnus Brunner. Source : europa.eu<\/p>\n<p><strong>Un signal fort envoy\u00e9 aux candidats \u00e0 l\u2019entr\u00e9e ill\u00e9gale dans l\u2019UE<\/strong><\/p>\n<p style=\"text-align: justify;\" data-start=\"2823\" data-end=\"3188\">Pour Bruxelles, cette extension du champ d\u2019action de Frontex marque une nouvelle \u00e9tape dans la s\u00e9curisation des fronti\u00e8res ext\u00e9rieures de l\u2019Europe. Si la ratification compl\u00e8te de l\u2019accord reste attendue, sa mise en \u0153uvre imm\u00e9diate t\u00e9moigne de l\u2019urgence ressentie par les autorit\u00e9s europ\u00e9ennes face aux mouvements migratoires qui se poursuivent en direction du continent.<\/p>\n<p style=\"text-align: justify;\" data-start=\"3190\" data-end=\"3629\">Cet accord refl\u00e8te \u00e9galement la strat\u00e9gie europ\u00e9enne de conditionnement des aides \u00e0 la coop\u00e9ration migratoire. Outre les d\u00e9ploiements humains, l\u2019UE finance des formations, du mat\u00e9riel et des infrastructures via l\u2019instrument d\u2019aide de pr\u00e9adh\u00e9sion (IAP), en lien avec les besoins recens\u00e9s par les pays partenaires. Dans ce cadre, la Bosnie-Herz\u00e9govine s\u2019affirme comme un verrou frontalier strat\u00e9gique dans la politique migratoire de l\u2019Union.<\/p>\n<p style=\"text-align: justify;\">Cr\u00e9dit photo : DR (photo d\u2019illustration)<br \/>[cc] Breizh-info.com, 2025, d\u00e9p\u00eaches libres de copie et de diffusion sous r\u00e9serve de mention et de lien vers la source d\u2019origine<\/p>\n","protected":false},"excerpt":{"rendered":"Dans un contexte de pression migratoire toujours forte sur la route des Balkans, l\u2019Union europ\u00e9enne a sign\u00e9, le&hellip;\n","protected":false},"author":2,"featured_media":184796,"comment_status":"","ping_status":"","sticky":false,"template":"","format":"standard","meta":{"footnotes":""},"categories":[1586],"tags":[11,13308,5124,1777,674,1779,1011,27,1251,12,25,1778,364],"class_list":{"0":"post-184795","1":"post","2":"type-post","3":"status-publish","4":"format-standard","5":"has-post-thumbnail","7":"category-europe","8":"tag-actualites","9":"tag-bosnie-herzegovine","10":"tag-espace-schengen","11":"tag-eu","12":"tag-europe","13":"tag-european-union","14":"tag-fr","15":"tag-france","16":"tag-migrants","17":"tag-news","18":"tag-republique-francaise","19":"tag-ue","20":"tag-union-europeenne"},"share_on_mastodon":{"url":"https:\/\/pubeurope.com\/@fr\/114702007950672268","error":""},"_links":{"self":[{"href":"https:\/\/www.europesays.com\/fr\/wp-json\/wp\/v2\/posts\/184795","targetHints":{"allow":["GET"]}}],"collection":[{"href":"https:\/\/www.europesays.com\/fr\/wp-json\/wp\/v2\/posts"}],"about":[{"href":"https:\/\/www.europesays.com\/fr\/wp-json\/wp\/v2\/types\/post"}],"author":[{"embeddable":true,"href":"https:\/\/www.europesays.com\/fr\/wp-json\/wp\/v2\/users\/2"}],"replies":[{"embeddable":true,"href":"https:\/\/www.europesays.com\/fr\/wp-json\/wp\/v2\/comments?post=184795"}],"version-history":[{"count":0,"href":"https:\/\/www.europesays.com\/fr\/wp-json\/wp\/v2\/posts\/184795\/revisions"}],"wp:featuredmedia":[{"embeddable":true,"href":"https:\/\/www.europesays.com\/fr\/wp-json\/wp\/v2\/media\/184796"}],"wp:attachment":[{"href":"https:\/\/www.europesays.com\/fr\/wp-json\/wp\/v2\/media?parent=184795"}],"wp:term":[{"taxonomy":"category","embeddable":true,"href":"https:\/\/www.europesays.com\/fr\/wp-json\/wp\/v2\/categories?post=184795"},{"taxonomy":"post_tag","embeddable":true,"href":"https:\/\/www.europesays.com\/fr\/wp-json\/wp\/v2\/tags?post=184795"}],"curies":[{"name":"wp","href":"https:\/\/api.w.org\/{rel}","templated":true}]}}