{"id":184807,"date":"2025-06-18T02:36:09","date_gmt":"2025-06-18T02:36:09","guid":{"rendered":"https:\/\/www.europesays.com\/fr\/184807\/"},"modified":"2025-06-18T02:36:09","modified_gmt":"2025-06-18T02:36:09","slug":"joan-mir-ravive-lespoir-du-retour-de-honda-en-motogp-avec-des-avancees-prometteuses-sur-le-bras-oscillant-lors-des-tests-en-aragon","status":"publish","type":"post","link":"https:\/\/www.europesays.com\/fr\/184807\/","title":{"rendered":"Joan Mir ravive l&rsquo;espoir du retour de Honda en MotoGP avec des avanc\u00e9es prometteuses sur le bras oscillant lors des tests en Aragon."},"content":{"rendered":"<p>**D\u00e9veloppements Positifs pour Honda lors des Essais \u00e0 Aragon**  <\/p>\n<p>Les remarques r\u00e9centes de Joan Mir \u00e0 la suite des sessions d\u2019essai \u00e0 Aragon servent de phare d\u2019espoir tant pour Honda que pour ses fans. L\u2019atmosph\u00e8re a chang\u00e9 positivement alors que les ing\u00e9nieurs de l\u2019\u00e9quipe exploraient diverses innovations techniques visant \u00e0 am\u00e9liorer les performances de la moto, en se concentrant particuli\u00e8rement sur un nouveau bras oscillant qui a d\u00e9j\u00e0 montr\u00e9 des promesses en mati\u00e8re de capacit\u00e9s de virage.  <\/p>\n<p>**Retours Encouragements du Champion du Monde 2020**  <\/p>\n<p>Le champion du monde MotoGP 2020 a exprim\u00e9 son optimisme concernant les efforts de l\u2019\u00e9quipe Honda HRC Castrol lors des essais post-course \u00e0 MotorLand. Mir a exprim\u00e9 sa satisfaction quant aux progr\u00e8s r\u00e9alis\u00e9s, soulignant l\u2019approche rigoureuse adopt\u00e9e pendant les essais. \u00ab\u00a0Nous avons essay\u00e9 de nombreux \u00e9l\u00e9ments,\u00a0\u00bb a-t-il partag\u00e9, mettant en avant l\u2019engagement de l\u2019\u00e9quipe \u00e0 affiner la maniabilit\u00e9 de la moto. \u00ab\u00a0Nous nous sommes concentr\u00e9s sur le virage, essayant d\u2019obtenir plus d\u2019adh\u00e9rence. En ce qui concerne le moteur, nous n\u2019avons pas obtenu de mise \u00e0 niveau ici. C\u2019\u00e9tait positif ; nous avons essay\u00e9 un bras oscillant qui \u00e9tait l\u00e9g\u00e8rement meilleur. Cela nous a permis d\u2019aborder le virage de mani\u00e8re plus efficace.\u00a0\u00bb  <\/p>\n<p>**L\u2019Engagement de Honda pour Am\u00e9liorer les Virages**  <\/p>\n<p>Les commentaires de Mir r\u00e9sonnent profond\u00e9ment avec l\u2019engagement continu de Honda \u00e0 r\u00e9soudre les probl\u00e8mes techniques qui ont entrav\u00e9 les performances de l\u2019\u00e9quipe tout au long de la saison. L\u2019accent mis sur l\u2019am\u00e9lioration des comp\u00e9tences en virage appara\u00eet comme un domaine de d\u00e9veloppement vital pour le respect\u00e9 constructeur japonais. Les l\u00e9g\u00e8res am\u00e9liorations refl\u00e9t\u00e9es lors des essais signalent la qu\u00eate incessante de Honda pour retrouver sa place parmi les forces dominantes en MotoGP.  <\/p>\n<p>**Optimisme Malgr\u00e9 les Limitations Moteur**  <\/p>\n<p>Bien que l\u2019absence de mises \u00e0 niveau moteur lors de ces sessions d\u2019essai puisse sembler d\u00e9courageante \u00e0 premi\u00e8re vue, l\u2019optimisme de l\u2019\u00e9quipe demeure. Honda tisse une strat\u00e9gie globale en analysant m\u00e9thodiquement plusieurs aspects de la moto. Le nouveau bras oscillant test\u00e9, qui a montr\u00e9 des r\u00e9sultats prometteurs, pourrait tr\u00e8s bien servir de pierre angulaire pour les innovations futures alors qu\u2019ils s\u2019efforcent d\u2019\u00e9lever les performances de la moto.<\/p>\n<p>**Un Chemin D\u00e9termin\u00e9 Vers l\u2019Avenir**  <\/p>\n<p>L\u2019approche m\u00e9thodique et \u00e9prouv\u00e9e de Honda souligne leur d\u00e9termination \u00e0 retrouver l\u2019avantage comp\u00e9titif qui leur a temporairement \u00e9chapp\u00e9. Chaque am\u00e9lioration incr\u00e9mentale sert de tremplin pour retrouver leur statut au sommet du paysage MotoGP. Le chemin \u00e0 venir est un m\u00e9lange de pers\u00e9v\u00e9rance et d\u2019innovation, chaque ajustement les rapprochant de la r\u00e9alisation de leurs r\u00eaves collectifs sur le circuit de course. Alors que Honda poursuit ce parcours transformateur, la communaut\u00e9 MotoGP observe avec anticipation, consciente que chaque d\u00e9veloppement pourrait fa\u00e7onner l\u2019avenir des dynamiques de course.<\/p>\n<p>\n\tRelated<\/p>\n","protected":false},"excerpt":{"rendered":"**D\u00e9veloppements Positifs pour Honda lors des Essais \u00e0 Aragon** Les remarques r\u00e9centes de Joan Mir \u00e0 la suite&hellip;\n","protected":false},"author":2,"featured_media":184808,"comment_status":"","ping_status":"","sticky":false,"template":"","format":"standard","meta":{"footnotes":""},"categories":[1413],"tags":[1011,27,3346,1457,1456,1458,60],"class_list":{"0":"post-184807","1":"post","2":"type-post","3":"status-publish","4":"format-standard","5":"has-post-thumbnail","7":"category-moto","8":"tag-fr","9":"tag-france","10":"tag-joan-mir","11":"tag-moto","12":"tag-motocycle","13":"tag-motogp","14":"tag-sports"},"share_on_mastodon":{"url":"https:\/\/pubeurope.com\/@fr\/114702043232396452","error":""},"_links":{"self":[{"href":"https:\/\/www.europesays.com\/fr\/wp-json\/wp\/v2\/posts\/184807","targetHints":{"allow":["GET"]}}],"collection":[{"href":"https:\/\/www.europesays.com\/fr\/wp-json\/wp\/v2\/posts"}],"about":[{"href":"https:\/\/www.europesays.com\/fr\/wp-json\/wp\/v2\/types\/post"}],"author":[{"embeddable":true,"href":"https:\/\/www.europesays.com\/fr\/wp-json\/wp\/v2\/users\/2"}],"replies":[{"embeddable":true,"href":"https:\/\/www.europesays.com\/fr\/wp-json\/wp\/v2\/comments?post=184807"}],"version-history":[{"count":0,"href":"https:\/\/www.europesays.com\/fr\/wp-json\/wp\/v2\/posts\/184807\/revisions"}],"wp:featuredmedia":[{"embeddable":true,"href":"https:\/\/www.europesays.com\/fr\/wp-json\/wp\/v2\/media\/184808"}],"wp:attachment":[{"href":"https:\/\/www.europesays.com\/fr\/wp-json\/wp\/v2\/media?parent=184807"}],"wp:term":[{"taxonomy":"category","embeddable":true,"href":"https:\/\/www.europesays.com\/fr\/wp-json\/wp\/v2\/categories?post=184807"},{"taxonomy":"post_tag","embeddable":true,"href":"https:\/\/www.europesays.com\/fr\/wp-json\/wp\/v2\/tags?post=184807"}],"curies":[{"name":"wp","href":"https:\/\/api.w.org\/{rel}","templated":true}]}}