{"id":184817,"date":"2025-06-18T02:41:11","date_gmt":"2025-06-18T02:41:11","guid":{"rendered":"https:\/\/www.europesays.com\/fr\/184817\/"},"modified":"2025-06-18T02:41:11","modified_gmt":"2025-06-18T02:41:11","slug":"une-maison-sur-cour-qui-invite-la-nature-a-linterieur-a-toronto","status":"publish","type":"post","link":"https:\/\/www.europesays.com\/fr\/184817\/","title":{"rendered":"Une maison sur cour qui invite la nature \u00e0 l\u2019int\u00e9rieur \u00e0 Toronto"},"content":{"rendered":"<p>C\u2019est la disposition en U de la maison qui a permis de cr\u00e9er la cour sereine de la piscine, qui abritait auparavant un jardin japonais et un \u00e9tang de carpes ko\u00ef. \u00ab Cet agencement nous a fait tomber amoureux de la propri\u00e9t\u00e9 ; je n\u2019avais jamais rien vu de tel \u00e0 Toronto \u00bb, explique Leah Miller. \u00ab\u00a0Nous avons transform\u00e9 la cour pour y inclure une piscine qui peut \u00eatre utilis\u00e9e toute l\u2019ann\u00e9e. Le sol en pierre est chauff\u00e9, de sorte qu\u2019en <a href=\"https:\/\/www.admagazine.fr\/article\/fleurs-hiver-planter-jardin\" target=\"_blank\" rel=\"noopener\">hiver<\/a>, la neige fond et l\u2019on peut nager. C\u2019est tr\u00e8s agr\u00e9able de pouvoir se baigner dans une piscine chaude lorsqu\u2019il fait froid. \u00bb<\/p>\n<p>Leah Miller a con\u00e7u chaque \u00e9l\u00e9ment de l\u2019int\u00e9rieur pour accentuer le caract\u00e8re int\u00e9rieur-ext\u00e9rieur de cette maison sur cour. Les plafonds d\u2019origine en c\u00e8dre rouge de l\u2019Ouest ont \u00e9t\u00e9 ponc\u00e9s pour adoucir leur teinte et leur donner \u00ab une belle couleur blonde \u00bb, tandis que les fen\u00eatres et les portes coulissantes ont \u00e9t\u00e9 r\u00e9encadr\u00e9es en ch\u00eane pour se fondre dans l\u2019ensemble. \u00ab Nous avons \u00e9galement remplac\u00e9 les planchers par des planches de <a href=\"https:\/\/www.admagazine.fr\/adinspiration\/article\/cuisines-bois-materiau-tendance\" target=\"_blank\" rel=\"noopener\">ch\u00eane<\/a> blanc afin d\u2019am\u00e9liorer le flux naturel de l\u2019espace et de ne pas d\u00e9tourner l\u2019attention de la beaut\u00e9 de l\u2019ext\u00e9rieur \u00bb, ajoute la propri\u00e9taire. Les murs en briques et le cadre de la chemin\u00e9e, \u00e9galement en briques, ont \u00e9t\u00e9 peints en blanc pour s\u2019harmoniser avec l\u2019ext\u00e9rieur du b\u00e2timent. La cuisine avec du marbre Bianco Raffaello, dont les tons chauds s\u2019harmonisent avec le reste de l\u2019am\u00e9nagement int\u00e9rieur de couleur terre. \u00ab En fonction de la <a href=\"https:\/\/www.admagazine.fr\/adinspiration\/article\/petits-espaces-6-conseils-faire-entrer-lumiere\" target=\"_blank\" rel=\"noopener\">lumi\u00e8re<\/a>, il oscille entre les tons gris et les tons p\u00eache, ce qui compl\u00e8te parfaitement notre gamme Lacanche en Frangipane \u00bb, explique-t-elle. \u00ab\u00a0Je voulais que la maison soit l\u00e9g\u00e8re et \u00e9th\u00e9r\u00e9e. \u00bb<\/p>\n","protected":false},"excerpt":{"rendered":"C\u2019est la disposition en U de la maison qui a permis de cr\u00e9er la cour sereine de la&hellip;\n","protected":false},"author":2,"featured_media":184818,"comment_status":"","ping_status":"","sticky":false,"template":"","format":"standard","meta":{"footnotes":""},"categories":[1358],"tags":[13382,1348,1384,1385,1386,58,59,1011,27],"class_list":{"0":"post-184817","1":"post","2":"type-post","3":"status-publish","4":"format-standard","5":"has-post-thumbnail","7":"category-arts-et-design","8":"tag-architecture-et-nature","9":"tag-arts","10":"tag-arts-and-design","11":"tag-arts-et-design","12":"tag-design","13":"tag-divertissement","14":"tag-entertainment","15":"tag-fr","16":"tag-france"},"share_on_mastodon":{"url":"https:\/\/pubeurope.com\/@fr\/114702062941975766","error":""},"_links":{"self":[{"href":"https:\/\/www.europesays.com\/fr\/wp-json\/wp\/v2\/posts\/184817","targetHints":{"allow":["GET"]}}],"collection":[{"href":"https:\/\/www.europesays.com\/fr\/wp-json\/wp\/v2\/posts"}],"about":[{"href":"https:\/\/www.europesays.com\/fr\/wp-json\/wp\/v2\/types\/post"}],"author":[{"embeddable":true,"href":"https:\/\/www.europesays.com\/fr\/wp-json\/wp\/v2\/users\/2"}],"replies":[{"embeddable":true,"href":"https:\/\/www.europesays.com\/fr\/wp-json\/wp\/v2\/comments?post=184817"}],"version-history":[{"count":0,"href":"https:\/\/www.europesays.com\/fr\/wp-json\/wp\/v2\/posts\/184817\/revisions"}],"wp:featuredmedia":[{"embeddable":true,"href":"https:\/\/www.europesays.com\/fr\/wp-json\/wp\/v2\/media\/184818"}],"wp:attachment":[{"href":"https:\/\/www.europesays.com\/fr\/wp-json\/wp\/v2\/media?parent=184817"}],"wp:term":[{"taxonomy":"category","embeddable":true,"href":"https:\/\/www.europesays.com\/fr\/wp-json\/wp\/v2\/categories?post=184817"},{"taxonomy":"post_tag","embeddable":true,"href":"https:\/\/www.europesays.com\/fr\/wp-json\/wp\/v2\/tags?post=184817"}],"curies":[{"name":"wp","href":"https:\/\/api.w.org\/{rel}","templated":true}]}}