{"id":184825,"date":"2025-06-18T02:45:20","date_gmt":"2025-06-18T02:45:20","guid":{"rendered":"https:\/\/www.europesays.com\/fr\/184825\/"},"modified":"2025-06-18T02:45:20","modified_gmt":"2025-06-18T02:45:20","slug":"notre-critique-de-the-return-le-retour-dulysse-portrait-du-heros-en-soldat-traumatise","status":"publish","type":"post","link":"https:\/\/www.europesays.com\/fr\/184825\/","title":{"rendered":"Notre critique de The Return, le retour d\u2019Ulysse, portrait du h\u00e9ros en soldat traumatis\u00e9"},"content":{"rendered":"<p>Ralph Fiennes, barbu et vieilli, incarne le roi d\u2019Ithaque dans le film d\u2019Uberto Pasolini. Le r\u00e9alisateur le peint en personnage ivre de d\u00e9pit.<\/p>\n<p class=\"fig-paragraph\">Dans L\u2019Accident*, son dernier livre, peut-\u00eatre le plus beau et le plus autobiographique,\u00a0<a href=\"http:\/\/www.lefigaro.fr\/histoire\/livres\/l-accident-de-jean-paul-kauffmann-derriere-le-vieil-homme-l-enfant-est-toujours-la-20250331\" data-fig-type=\"Article\" data-gtm-custom-categorie=\"navigation\" data-gtm-custom-action=\"crossclick\" data-gtm-custom-label=\"Contextuel\" data-gtm-event=\"customEventSPE\" data-fig-domain=\"LEFIGARO\" rel=\"nofollow noopener\" target=\"_blank\">Jean-Paul Kauffmann<\/a>\u00a0\u00e9voque son enl\u00e8vement et sa captivit\u00e9 au Liban, il y a quarante ans. Mais, comme dans ses pr\u00e9c\u00e9dents r\u00e9cits (L\u2019Arche de Kerguelen, La\u00a0Lutte avec l\u2019Ange, La\u00a0Maison du retour, Venise \u00e0 double tour\u2026), l\u2019ex-otage ne le fait pas de mani\u00e8re frontale. Ici, le d\u00e9tour passe par un retour vers l\u2019enfance (la Bretagne, la boulangerie parentale, le village de Corps-Nuds, la religion), marqu\u00e9e par un drame collectif (l\u2019accident de la route qui d\u00e9cime l\u2019\u00e9quipe de football locale en 1949).<\/p>\n<p class=\"fig-paragraph\">Au passage, l\u2019\u00e9crivain cite\u00a0<a href=\"http:\/\/www.lefigaro.fr\/theatre\/les-troyens-c-est-des-bolosses-l-odyssee-d-ulysse-revisitee-pour-les-enfants-20241101\" data-fig-type=\"Article\" data-gtm-custom-categorie=\"navigation\" data-gtm-custom-action=\"crossclick\" data-gtm-custom-label=\"Contextuel\" data-gtm-event=\"customEventSPE\" data-fig-domain=\"LEFIGARO\" rel=\"nofollow noopener\" target=\"_blank\">Ulysse<\/a>, double errant et d\u00e9phas\u00e9. \u00ab\u00a0Jank\u00e9l\u00e9vitch suppose que, r\u00e9apparaissant \u00e0 Ithaque, Ulysse ne peut \u00eatre que d\u00e9pit\u00e9, \u00e9crit ainsi Kauffmann. Il a vieilli entre-temps. Il retrouve une autre Ithaque, une autre P\u00e9n\u00e9lope. L\u2019auteur de L\u2019Irr\u00e9versible et la Nostalgie n\u2019\u00e9voque pas la joie du rescap\u00e9, enfin d\u00e9barrass\u00e9 de la peur &#8211;\u00a0le contraire de la joie n\u2019est pas la tristesse, mais la peur. La dynamique int\u00e9rieure constitu\u00e9e par l\u2019\u00e9merveillement du retour instaure une telle rupture que le \u201cvieil homme\u201d a disparu, du moins pour un temps, et fait place \u00e0 une cr\u00e9ature nouvelle.\u00a0\u00bb<\/p>\n<p class=\"fig-body-link\">\n            \u00c0 lire aussi<br \/>\n        <a class=\"fig-body-link__link fig-premium-mark\" href=\"https:\/\/www.lefigaro.fr\/livres\/zones-limites-de-jean-paul-kauffmann-un-ecrivain-en-fuite-20230222\" data-fig-type=\"Article\" data-gtm-custom-categorie=\"navigation\" data-gtm-custom-action=\"crossclick\" data-gtm-custom-label=\"Contextuel\" data-gtm-event=\"customEventSPE\" data-fig-domain=\"LEFIGARO\" rel=\"nofollow noopener\" target=\"_blank\">Zones limites de Jean-Paul Kauffmann\u00a0: un \u00e9crivain en fuite<br \/>\n    <\/a>\n<\/p>\n<p>\u00c0 rebours du p\u00e9plum<\/p>\n<p class=\"fig-paragraph\">On jurerait qu\u2019Uberto Pasolini, cin\u00e9aste italien install\u00e9 en Angleterre, a lu Jean-Claude Kauffmann avant de tourner The\u00a0Return. Le\u00a0retour d\u2019Ulysse. Ou Vladimir Jank\u00e9l\u00e9vitch.\u00a0<a href=\"https:\/\/www.lefigaro.fr\/cinema\/un-endroit-comme-un-autre-de-uberto-pasolini-la-quete-du-pere-20211207\" data-fig-type=\"Article\" data-gtm-custom-categorie=\"navigation\" data-gtm-custom-action=\"crossclick\" data-gtm-custom-label=\"Contextuel\" data-gtm-event=\"customEventSPE\" data-fig-domain=\"LEFIGARO\" rel=\"nofollow noopener\" target=\"_blank\">Uberto Pasolini<\/a>\u00a0a aussi lu L\u2019Odyss\u00e9e, d\u2019Hom\u00e8re, et bien lu, \u00e0 la source, avant le mythe. \u00ab\u00a0Apr\u00e8s avoir go\u00fbt\u00e9 les charmes de l\u2019amour, les deux \u00e9poux go\u00fbt\u00e8rent le plaisir des mutuelles confidences, \u00e9crit l\u2019a\u00e8de grec au chant\u00a0XXIII, qui met en sc\u00e8ne les retrouvailles entre Ulysse et P\u00e9n\u00e9lope \u00e0 Ithaque. L\u2019une disait tout ce qu\u2019elle avait endur\u00e9 dans cette maison, la noble femme, quand elle voyait la troupe des pr\u00e9tendants funestes rester pour elle dans le manoir et \u00e9gorger sans cesse b\u0153ufs et moutons gras, ou sans cesse puiser le vin des tonneaux. Et Ulysse de glorieuse naissance lui contait tout ce qu\u2019il avait fait souffrir aux hommes, tous les maux cruels qui le frapp\u00e8rent lui-m\u00eame.\u00a0\u00bb<\/p>\n<p class=\"fig-paragraph\"><a href=\"https:\/\/www.lefigaro.fr\/cinema\/a-la-villa-sauber-les-films-de-pasolini-a-la-lumiere-des-chefs-d-oeuvre-de-la-peinture-20240723\" data-fig-type=\"Article\" data-gtm-custom-categorie=\"navigation\" data-gtm-custom-action=\"crossclick\" data-gtm-custom-label=\"Contextuel\" data-gtm-event=\"customEventSPE\" data-fig-domain=\"LEFIGARO\" rel=\"nofollow noopener\" target=\"_blank\">Pasolini<\/a>\u00a0n\u2019oublie pas que les charmes de l\u2019amour succ\u00e8dent au bain de sang du massacre des pr\u00e9tendants. Du po\u00e8me \u00e9pique qui narre les vingt ans d\u2019absence d\u2019Ulysse, The\u00a0Return ne retient que ce d\u00e9nouement, \u00e0 rebours du p\u00e9plum de Mario Camerini avec Kirk Douglas (1954), et du film que tourne\u00a0<a href=\"http:\/\/www.lefigaro.fr\/cinema\/matt-damon-est-ulysse-christopher-nolan-a-choisi-son-guerrier-pour-son-adaptation-de-l-odyssee-20250218\" data-fig-type=\"Article\" data-gtm-custom-categorie=\"navigation\" data-gtm-custom-action=\"crossclick\" data-gtm-custom-label=\"Contextuel\" data-gtm-event=\"customEventSPE\" data-fig-domain=\"LEFIGARO\" rel=\"nofollow noopener\" target=\"_blank\">Christopher Nolan<\/a>\u00a0avec Matt Damon (sortie pr\u00e9vue pour 2026).<\/p>\n<p class=\"fig-paragraph\">Ralph Fiennes, tout juste d\u00e9pouill\u00e9 de sa robe de cardinal de\u00a0<a href=\"http:\/\/www.lefigaro.fr\/cinema\/apres-la-mort-du-pape-francois-conclave-le-film-avec-ralph-fiennes-revient-en-force-20250424\" data-fig-type=\"NewsFlash\" data-gtm-custom-categorie=\"navigation\" data-gtm-custom-action=\"crossclick\" data-gtm-custom-label=\"Contextuel\" data-gtm-event=\"customEventSPE\" data-fig-domain=\"LEFIGARO\" rel=\"nofollow noopener\" target=\"_blank\">Conclave<\/a>, joue un Ulysse barbu et vieilli. Il n\u2019est d\u2019abord qu\u2019un corps \u00e9chou\u00e9 sur les c\u00f4tes d\u2019Ithaque, naufrag\u00e9 face contre sable. Un corps sec et noueux comme un olivier, couvert de cicatrices. Le roi est nu et son royaume engraisse des hommes sans scrupule qui convoitent et harc\u00e8lent sa femme. Son fils, T\u00e9l\u00e9maque, qui a grandi sans p\u00e8re, victime d\u00e9sign\u00e9e, n\u2019a pas les \u00e9paules pour leur tenir t\u00eate. Le h\u00e9ros invincible de L\u2019Iliade, le vainqueur de\u00a0<a href=\"http:\/\/www.lefigaro.fr\/culture\/wolfgang-petersen-realisateur-de-troie-et-l-histoire-sans-fin-est-mort-a-81-ans-20220817\" data-fig-type=\"NewsFlash\" data-gtm-custom-categorie=\"navigation\" data-gtm-custom-action=\"crossclick\" data-gtm-custom-label=\"Contextuel\" data-gtm-event=\"customEventSPE\" data-fig-domain=\"LEFIGARO\" rel=\"nofollow noopener\" target=\"_blank\">Troie<\/a>, \u00ab\u00a0l\u2019homme aux mille ruses\u00a0\u00bb inventeur du cheval de bois, est d\u00e9sormais un v\u00e9t\u00e9ran de guerre hagard et bris\u00e9. Hom\u00e8re ne parlait pas de syndrome post-traumatique, mais les guerres modernes n\u2019ont rien invent\u00e9. De tout temps, elles tuent les hommes ou leur apprennent \u00e0 tuer.<\/p>\n<p class=\"fig-paragraph\">Fiennes retrouve\u00a0<a href=\"http:\/\/www.lefigaro.fr\/cinema\/juliette-binoche-a-cannes-il-faut-que-les-films-soient-beaux-forts-etonnants-20250512\" data-fig-type=\"Article\" data-gtm-custom-categorie=\"navigation\" data-gtm-custom-action=\"crossclick\" data-gtm-custom-label=\"Contextuel\" data-gtm-event=\"customEventSPE\" data-fig-domain=\"LEFIGARO\" rel=\"nofollow noopener\" target=\"_blank\">Juliette Binoche<\/a>, sa partenaire du Patient anglais. La r\u00e9cente pr\u00e9sidente du jury cannois incarne une P\u00e9n\u00e9lope loin de l\u2019image d\u2019\u00c9pinal de la femme patiente et amoureuse qui attend son prince charmant, pench\u00e9e sur son m\u00e9tier \u00e0 tisser. Elle retrouve un soldat ivre de vengeance, un p\u00e8re qui apprend \u00e0 son fils \u00e0 donner la mort. Le vieil homme fait place \u00e0 un homme qui a perdu une part de son humanit\u00e9.<\/p>\n<p class=\"fig-paragraph\">La note du Figaro\u00a0: 3\/4<\/p>\n","protected":false},"excerpt":{"rendered":"Ralph Fiennes, barbu et vieilli, incarne le roi d\u2019Ithaque dans le film d\u2019Uberto Pasolini. Le r\u00e9alisateur le peint&hellip;\n","protected":false},"author":2,"featured_media":184826,"comment_status":"","ping_status":"","sticky":false,"template":"","format":"standard","meta":{"footnotes":""},"categories":[1354],"tags":[2084,2083,2080,650,58,59,2081,1346,1011,27,32282,5683,1360,2082,12186],"class_list":{"0":"post-184825","1":"post","2":"type-post","3":"status-publish","4":"format-standard","5":"has-post-thumbnail","7":"category-films","8":"tag-affiche","9":"tag-bandes-annonces","10":"tag-box-office","11":"tag-cinema","12":"tag-divertissement","13":"tag-entertainment","14":"tag-film","15":"tag-films","16":"tag-fr","17":"tag-france","18":"tag-homere","19":"tag-juliette-binoche","20":"tag-movies","21":"tag-salles","22":"tag-ulysse"},"share_on_mastodon":{"url":"https:\/\/pubeurope.com\/@fr\/114702078661890623","error":""},"_links":{"self":[{"href":"https:\/\/www.europesays.com\/fr\/wp-json\/wp\/v2\/posts\/184825","targetHints":{"allow":["GET"]}}],"collection":[{"href":"https:\/\/www.europesays.com\/fr\/wp-json\/wp\/v2\/posts"}],"about":[{"href":"https:\/\/www.europesays.com\/fr\/wp-json\/wp\/v2\/types\/post"}],"author":[{"embeddable":true,"href":"https:\/\/www.europesays.com\/fr\/wp-json\/wp\/v2\/users\/2"}],"replies":[{"embeddable":true,"href":"https:\/\/www.europesays.com\/fr\/wp-json\/wp\/v2\/comments?post=184825"}],"version-history":[{"count":0,"href":"https:\/\/www.europesays.com\/fr\/wp-json\/wp\/v2\/posts\/184825\/revisions"}],"wp:featuredmedia":[{"embeddable":true,"href":"https:\/\/www.europesays.com\/fr\/wp-json\/wp\/v2\/media\/184826"}],"wp:attachment":[{"href":"https:\/\/www.europesays.com\/fr\/wp-json\/wp\/v2\/media?parent=184825"}],"wp:term":[{"taxonomy":"category","embeddable":true,"href":"https:\/\/www.europesays.com\/fr\/wp-json\/wp\/v2\/categories?post=184825"},{"taxonomy":"post_tag","embeddable":true,"href":"https:\/\/www.europesays.com\/fr\/wp-json\/wp\/v2\/tags?post=184825"}],"curies":[{"name":"wp","href":"https:\/\/api.w.org\/{rel}","templated":true}]}}