{"id":184827,"date":"2025-06-18T02:46:14","date_gmt":"2025-06-18T02:46:14","guid":{"rendered":"https:\/\/www.europesays.com\/fr\/184827\/"},"modified":"2025-06-18T02:46:14","modified_gmt":"2025-06-18T02:46:14","slug":"le-role-des-polluants-environnementaux-dans-le-risque-de-developper-la-maladie","status":"publish","type":"post","link":"https:\/\/www.europesays.com\/fr\/184827\/","title":{"rendered":"le r\u00f4le des polluants environnementaux dans le risque de d\u00e9velopper la maladie"},"content":{"rendered":"<p>                          <img loading=\"lazy\" decoding=\"async\" src=\"https:\/\/www.europesays.com\/fr\/wp-content\/uploads\/2025\/06\/97b7aad_upload-1-yh57ogwyryck-000-par6322456.jpg\" alt=\"Mains d\u2019un agriculteur fran\u00e7ais, le 9\u00a0juin 2011,\u00a0\u00e0 Marsac-en-Livradois (Puy-de-D\u00f4me).\"  width=\"664\" height=\"443\"\/>    Mains d\u2019un agriculteur fran\u00e7ais, le 9\u00a0juin 2011,\u00a0\u00e0 Marsac-en-Livradois (Puy-de-D\u00f4me).  THIERRY ZOCCOLAN \/ AFP                <\/p>\n<p class=\"article__paragraph  \">\u00ab\u00a0Pourquoi moi\u00a0?\u00a0\u00bb A l\u2019annonce d\u2019un diagnostic de maladie de Parkinson, la question est r\u00e9currente. Est-ce \u00e0 cause de l\u2019\u00e2ge, des g\u00e8nes, de la pollution de l\u2019environnement, du mode de vie\u2026 voire d\u2019un peu tout \u00e7a\u00a0? \u00ab\u00a0C\u2019est une frustration pour les patients de ne pas avoir de r\u00e9ponse claire \u00e0 cette question, t\u00e9moigne David Grabli, neurologue au centre expert Parkinson de l\u2019h\u00f4pital de la Piti\u00e9-Salp\u00eatri\u00e8re, \u00e0 Paris (AP-HP). Surtout s\u2019ils sont plus jeunes que l\u2019image qu\u2019ils se font de l\u2019\u00e2ge des personnes touch\u00e9es par la maladie, et qu\u2019ils n\u2019ont pas d\u2019ant\u00e9c\u00e9dents familiaux identifiables.\u00a0\u00bb<\/p>\n<p>   Lire plus tard  <\/p>\n<p class=\"article__paragraph  \">Les formes g\u00e9n\u00e9tiques pures, li\u00e9es \u00e0 la mutation d\u2019un g\u00e8ne et h\u00e9r\u00e9ditaires, ne repr\u00e9sentent, en effet, que 5\u00a0% des cas. Dans les 95\u00a0% restants, le risque de d\u00e9velopper cette maladie neurod\u00e9g\u00e9n\u00e9rative, dont la pr\u00e9valence augmente avec l\u2019\u00e2ge, est le r\u00e9sultat d\u2019une \u00ab\u00a0\u00e9quation avec plein d\u2019inconnues, souligne David Devos, neurologue au CHU de Lille et \u00e0 l\u2019Inserm. Pour chaque personne, il y a au moins une centaine de causes, mises en \u00e9quation et pond\u00e9r\u00e9es, qui entrent en jeu pour expliquer qu\u2019apr\u00e8s dix ou quinze\u00a0ans de m\u00e9canismes de compensation du corps la perte de neurones sera suffisamment importante pour que les signes cliniques apparaissent\u00a0\u00bb.<\/p>\n<p class=\"reading-mode-only \"><strong>Il vous reste 82.03% de cet article \u00e0 lire. La suite est r\u00e9serv\u00e9e aux abonn\u00e9s.<\/strong><\/p>\n","protected":false},"excerpt":{"rendered":"Mains d\u2019un agriculteur fran\u00e7ais, le 9\u00a0juin 2011,\u00a0\u00e0 Marsac-en-Livradois (Puy-de-D\u00f4me). THIERRY ZOCCOLAN \/ AFP \u00ab\u00a0Pourquoi moi\u00a0?\u00a0\u00bb A l\u2019annonce d\u2019un&hellip;\n","protected":false},"author":2,"featured_media":184828,"comment_status":"","ping_status":"","sticky":false,"template":"","format":"standard","meta":{"footnotes":""},"categories":[10],"tags":[1011,27,72,71],"class_list":{"0":"post-184827","1":"post","2":"type-post","3":"status-publish","4":"format-standard","5":"has-post-thumbnail","7":"category-sante","8":"tag-fr","9":"tag-france","10":"tag-health","11":"tag-sante"},"share_on_mastodon":{"url":"https:\/\/pubeurope.com\/@fr\/114702082646784691","error":""},"_links":{"self":[{"href":"https:\/\/www.europesays.com\/fr\/wp-json\/wp\/v2\/posts\/184827","targetHints":{"allow":["GET"]}}],"collection":[{"href":"https:\/\/www.europesays.com\/fr\/wp-json\/wp\/v2\/posts"}],"about":[{"href":"https:\/\/www.europesays.com\/fr\/wp-json\/wp\/v2\/types\/post"}],"author":[{"embeddable":true,"href":"https:\/\/www.europesays.com\/fr\/wp-json\/wp\/v2\/users\/2"}],"replies":[{"embeddable":true,"href":"https:\/\/www.europesays.com\/fr\/wp-json\/wp\/v2\/comments?post=184827"}],"version-history":[{"count":0,"href":"https:\/\/www.europesays.com\/fr\/wp-json\/wp\/v2\/posts\/184827\/revisions"}],"wp:featuredmedia":[{"embeddable":true,"href":"https:\/\/www.europesays.com\/fr\/wp-json\/wp\/v2\/media\/184828"}],"wp:attachment":[{"href":"https:\/\/www.europesays.com\/fr\/wp-json\/wp\/v2\/media?parent=184827"}],"wp:term":[{"taxonomy":"category","embeddable":true,"href":"https:\/\/www.europesays.com\/fr\/wp-json\/wp\/v2\/categories?post=184827"},{"taxonomy":"post_tag","embeddable":true,"href":"https:\/\/www.europesays.com\/fr\/wp-json\/wp\/v2\/tags?post=184827"}],"curies":[{"name":"wp","href":"https:\/\/api.w.org\/{rel}","templated":true}]}}