{"id":184834,"date":"2025-06-18T02:50:13","date_gmt":"2025-06-18T02:50:13","guid":{"rendered":"https:\/\/www.europesays.com\/fr\/184834\/"},"modified":"2025-06-18T02:50:13","modified_gmt":"2025-06-18T02:50:13","slug":"air-france-grimpe-dun-rang-au-classement-mondial-des-meilleures-compagnies-aeriennes-de-skytrax","status":"publish","type":"post","link":"https:\/\/www.europesays.com\/fr\/184834\/","title":{"rendered":"Air France grimpe d\u2019un rang au classement mondial des meilleures compagnies a\u00e9riennes de Skytrax"},"content":{"rendered":"<p>        <img decoding=\"async\" loading=\"lazy\" src=\"https:\/\/www.europesays.com\/fr\/wp-content\/uploads\/2025\/06\/eed5645_sirius-fs-upload-1-j4ebqzwa6tqo-1742376504901-gettyimages-471854466.jpg\"  width=\"728\" height=\"410\" alt=\"Photo d\u2019illustration d\u2019un Airbus A380 de la compagnie a\u00e9rienne Air France.\"\/>  <\/p>\n<p>Jetlinerimages \/ Getty Images<\/p>\n<p>Photo d\u2019illustration d\u2019un Airbus A380 de la compagnie a\u00e9rienne Air France.<\/p>\n<p class=\"asset asset-text\">INTERNATIONAL &#8211; Au moment o\u00f9 le salon du Bourget bat son plein \u00e0 Paris, la France peut se r\u00e9jouir de voir <a href=\"https:\/\/www.huffingtonpost.fr\/france\/article\/chez-air-france-les-violences-sexistes-et-sexuelles-confirmees-par-deux-syndicats-du-secteur_246220.html\" rel=\"nofollow noopener\" target=\"_blank\">sa compagnie a\u00e9rienne nationale<\/a> \u00eatre r\u00e9\u00e9valu\u00e9e \u00e0 la hausse par le <a href=\"https:\/\/www.huffingtonpost.fr\/economie\/article\/qatar-airways-nommee-meilleure-compagnie-aerienne-au-monde_147198.html\" rel=\"nofollow noopener\" target=\"_blank\">fameux classement World Airline Awards<\/a> 2025\u00a0d\u00e9voil\u00e9 chaque ann\u00e9e par Skytrax.<\/p>\n<p class=\"asset asset-text\">Ce mardi 17\u00a0juin, l\u2019organisme de consultation indique qu\u2019<a href=\"https:\/\/www.huffingtonpost.fr\/france\/article\/transformer-vos-miles-air-france-pour-voyager-en-train-sncf-c-est-desormais-possible_246002.html\" rel=\"nofollow noopener\" target=\"_blank\">Air France<\/a>, 9e de ce classement des meilleures compagnies mondiales en 2024\u00a0grimpe d\u2019une place en 2025, apr\u00e8s avoir connu une chute de deux places l\u2019an dernier. Dans ce top 10, Air France devance seulement Japan Airlines et la compagnie chinoise Hainan Airlines.<\/p>\n<p class=\"asset asset-text\">Devant la compagnie fran\u00e7aise, Qatar Airways conserve son monopole du titre de meilleure compagnie du monde, pour la neuvi\u00e8me ann\u00e9e cons\u00e9cutive, comme le souligne <a href=\"https:\/\/www.bfmtv.com\/economie\/entreprises\/transports\/preferee-a-british-airways-lufthansa-ou-swiss-air-france-confirme-son-statut-de-meilleure-compagnie-aerienne-d-europe_AN-202506170623.html\" target=\"_blank\" rel=\"noopener nofollow\" title=\"Nouvelle fen\u00eatre\">BFMTV<\/a>. Sur la deuxi\u00e8me et troisi\u00e8me marche du podium, on retrouve ensuite Singapore Airlines et Cathay Pacific, compagnie a\u00e9rienne bas\u00e9e \u00e0 Hong Kong. De la quatri\u00e8me \u00e0 la septi\u00e8me place, Emirates, All Nippon Airways, Turkish Airlines et Korean Air compl\u00e8tent ce classement.<\/p>\n<p>    Quatre prix pour la compagnie fran\u00e7aise    <\/p>\n<p class=\"asset asset-text\">Si la compagnie a\u00e9rienne fran\u00e7aise reste loin des meilleures places, il faut toutefois noter qu\u2019Air France a su tirer son \u00e9pingle du jeu en 2025. Avec quatre r\u00e9compenses mineures d\u00e9cern\u00e9es dans des cat\u00e9gories plus sp\u00e9cifiques. Comme celle de meilleure compagnie a\u00e9rienne d\u2019Europe occidentale. <a href=\"https:\/\/www.huffingtonpost.fr\/economie\/article\/air-france-s-offre-le-styliste-jacquemus-pour-ses-pyjamas-de-premiere-classe_247660.html\" rel=\"nofollow noopener\" target=\"_blank\">Celle de meilleure premi\u00e8re classe europ\u00e9enne<\/a> et meilleur service de restauration \u00e0 bord d\u2019une premi\u00e8re classe en Europe. Et enfin meilleurs \u00e9quipements de confort en premi\u00e8re classe.<\/p>\n<p class=\"asset asset-text\">Il faut dire que les premi\u00e8res compagnies europ\u00e9ennes sont loin derri\u00e8re la France. Que ce soit les Suisses de Swiss International Air Lines, en onzi\u00e8me position ou l\u2019allemande Lufthansa, en 15e place. Les deux compagnies britanniques les plus hautes dans ce classement sont British Airways et Virgin Atlantic, qui occupent respectivement les 13e et 16e positions.<\/p>\n","protected":false},"excerpt":{"rendered":"Jetlinerimages \/ Getty Images Photo d\u2019illustration d\u2019un Airbus A380 de la compagnie a\u00e9rienne Air France. INTERNATIONAL &#8211; Au&hellip;\n","protected":false},"author":2,"featured_media":184835,"comment_status":"","ping_status":"","sticky":false,"template":"","format":"standard","meta":{"footnotes":""},"categories":[6],"tags":[1816,7182,37,35,33,34,1011,27,14,32145],"class_list":{"0":"post-184834","1":"post","2":"type-post","3":"status-publish","4":"format-standard","5":"has-post-thumbnail","7":"category-economie","8":"tag-air-france","9":"tag-aviation","10":"tag-avion","11":"tag-business","12":"tag-economie","13":"tag-economy","14":"tag-fr","15":"tag-france","16":"tag-international","17":"tag-salon-du-bourget"},"share_on_mastodon":{"url":"https:\/\/pubeurope.com\/@fr\/114702098307198575","error":""},"_links":{"self":[{"href":"https:\/\/www.europesays.com\/fr\/wp-json\/wp\/v2\/posts\/184834","targetHints":{"allow":["GET"]}}],"collection":[{"href":"https:\/\/www.europesays.com\/fr\/wp-json\/wp\/v2\/posts"}],"about":[{"href":"https:\/\/www.europesays.com\/fr\/wp-json\/wp\/v2\/types\/post"}],"author":[{"embeddable":true,"href":"https:\/\/www.europesays.com\/fr\/wp-json\/wp\/v2\/users\/2"}],"replies":[{"embeddable":true,"href":"https:\/\/www.europesays.com\/fr\/wp-json\/wp\/v2\/comments?post=184834"}],"version-history":[{"count":0,"href":"https:\/\/www.europesays.com\/fr\/wp-json\/wp\/v2\/posts\/184834\/revisions"}],"wp:featuredmedia":[{"embeddable":true,"href":"https:\/\/www.europesays.com\/fr\/wp-json\/wp\/v2\/media\/184835"}],"wp:attachment":[{"href":"https:\/\/www.europesays.com\/fr\/wp-json\/wp\/v2\/media?parent=184834"}],"wp:term":[{"taxonomy":"category","embeddable":true,"href":"https:\/\/www.europesays.com\/fr\/wp-json\/wp\/v2\/categories?post=184834"},{"taxonomy":"post_tag","embeddable":true,"href":"https:\/\/www.europesays.com\/fr\/wp-json\/wp\/v2\/tags?post=184834"}],"curies":[{"name":"wp","href":"https:\/\/api.w.org\/{rel}","templated":true}]}}