{"id":184840,"date":"2025-06-18T02:54:15","date_gmt":"2025-06-18T02:54:15","guid":{"rendered":"https:\/\/www.europesays.com\/fr\/184840\/"},"modified":"2025-06-18T02:54:15","modified_gmt":"2025-06-18T02:54:15","slug":"saint-just-malmont-les-voisins-du-sarret-aiment-a-se-retrouver-depuis-lan-2000","status":"publish","type":"post","link":"https:\/\/www.europesays.com\/fr\/184840\/","title":{"rendered":"Saint-Just-Malmont : les voisins du Sarret aiment \u00e0 se retrouver depuis l&rsquo;an 2000"},"content":{"rendered":"<p>\t\t\t\t\t\t\t\t\t\t\t\t\t\t\t\t\t\t\t\t\t\t\t\t\t\t\t\t\t\t\t\t\t\t\t\t\t\t\t\t\t\t\t\t\t\t\t\t\t\t\t\t\t\t\t\t\t\t\t\t\t\t\t<a href=\"https:\/\/www.lacommere43.fr\/component\/banners\/click\/1745.html\" target=\"_blank\" title=\"Tence Carrefour Market livraison domicile mars 2025\" rel=\"nofollow noopener\"><br \/>\n\t\t\t\t\t\t\t<img decoding=\"async\" src=\"https:\/\/www.europesays.com\/fr\/wp-content\/uploads\/2025\/04\/Livraison__Domiciecarr_.jpg\" alt=\"Tence Carrefour Market livraison domicile mars 2025\"\/><br \/>\n\t\t\t\t\t\t<\/a><\/p>\n<p><strong>Samedi 14 juin, \u00e0 Saint-Just-Malmont, s&rsquo;est tenu le repas des voisins des all\u00e9es des Ch\u00eanes et des Bouleaux du lotissement Le Sarret.<\/strong><\/p>\n<p>Des voisins de ces deux all\u00e9es ont plaisir \u00e0 se retrouver depuis l&rsquo;ann\u00e9e 2000.<\/p>\n<p>Des voisins, mais aussi des jeunes familles dont un membre est n\u00e9 au Sarret, qui se sont envol\u00e9s loin du nid et qui ont plaisir \u00e0 revenir pour cette rencontre. C&rsquo;est l&rsquo;occasion pour eux de pr\u00e9senter leurs enfants.<\/p>\n<p>Cette ann\u00e9e la m\u00e9t\u00e9o cl\u00e9mente a permis \u00e0 45 personnes, de 4 mois \u00e0 75 ans, de passer un bon moment. Apr\u00e8s l&rsquo;ap\u00e9ritif accompagn\u00e9 de pr\u00e9parations sal\u00e9es de chacun, il \u00e9tait temps de se mettre \u00e0 table pour d\u00e9guster les grillades pr\u00e9par\u00e9es par les sp\u00e9cialistes.<\/p>\n<p>Chacun a fait profit\u00e9 de sa sp\u00e9cialit\u00e9 sucr\u00e9e pour le dessert.<\/p>\n<p>Tous se sont dits \u00e0 l&rsquo;ann\u00e9e prochaine sans oublier de remercier Luc Darmais qui organise chaque ann\u00e9e ce moment de convivialit\u00e9.<\/p>\n","protected":false},"excerpt":{"rendered":"Samedi 14 juin, \u00e0 Saint-Just-Malmont, s&rsquo;est tenu le repas des voisins des all\u00e9es des Ch\u00eanes et des Bouleaux&hellip;\n","protected":false},"author":2,"featured_media":184841,"comment_status":"","ping_status":"","sticky":false,"template":"","format":"standard","meta":{"footnotes":""},"categories":[9653],"tags":[1111,2281,11,2430,1777,674,2282,1011,27,2280,2284,2285,2283,12,25,4001],"class_list":{"0":"post-184840","1":"post","2":"type-post","3":"status-publish","4":"format-standard","5":"has-post-thumbnail","7":"category-saint-etienne","8":"tag-actu","9":"tag-actualite-43","10":"tag-actualites","11":"tag-auvergne-rhone-alpes","12":"tag-eu","13":"tag-europe","14":"tag-faits-divers-auvergne","15":"tag-fr","16":"tag-france","17":"tag-information-haute-loire","18":"tag-infos-43","19":"tag-journal-haute-loire","20":"tag-la-commere-43","21":"tag-news","22":"tag-republique-francaise","23":"tag-saint-etienne"},"share_on_mastodon":{"url":"https:\/\/pubeurope.com\/@fr\/114702114114590149","error":""},"_links":{"self":[{"href":"https:\/\/www.europesays.com\/fr\/wp-json\/wp\/v2\/posts\/184840","targetHints":{"allow":["GET"]}}],"collection":[{"href":"https:\/\/www.europesays.com\/fr\/wp-json\/wp\/v2\/posts"}],"about":[{"href":"https:\/\/www.europesays.com\/fr\/wp-json\/wp\/v2\/types\/post"}],"author":[{"embeddable":true,"href":"https:\/\/www.europesays.com\/fr\/wp-json\/wp\/v2\/users\/2"}],"replies":[{"embeddable":true,"href":"https:\/\/www.europesays.com\/fr\/wp-json\/wp\/v2\/comments?post=184840"}],"version-history":[{"count":0,"href":"https:\/\/www.europesays.com\/fr\/wp-json\/wp\/v2\/posts\/184840\/revisions"}],"wp:featuredmedia":[{"embeddable":true,"href":"https:\/\/www.europesays.com\/fr\/wp-json\/wp\/v2\/media\/184841"}],"wp:attachment":[{"href":"https:\/\/www.europesays.com\/fr\/wp-json\/wp\/v2\/media?parent=184840"}],"wp:term":[{"taxonomy":"category","embeddable":true,"href":"https:\/\/www.europesays.com\/fr\/wp-json\/wp\/v2\/categories?post=184840"},{"taxonomy":"post_tag","embeddable":true,"href":"https:\/\/www.europesays.com\/fr\/wp-json\/wp\/v2\/tags?post=184840"}],"curies":[{"name":"wp","href":"https:\/\/api.w.org\/{rel}","templated":true}]}}